{"id":9972,"date":"2020-03-14T10:41:51","date_gmt":"2020-03-14T09:41:51","guid":{"rendered":"https:\/\/wncri.org\/fr\/?p=9972"},"modified":"2020-03-18T10:46:49","modified_gmt":"2020-03-18T09:46:49","slug":"golrokh-ibrahimi-iraee-et-marjan-davari-menacees-par-le-coronavirus","status":"publish","type":"post","link":"https:\/\/wncri.org\/fr\/2020\/03\/14\/golrokh-ibrahimi-iraee-et-marjan-davari-menacees-par-le-coronavirus\/","title":{"rendered":"Golrokh Ibrahimi Iraee et Marjan Davari menac\u00e9es par le coronavirus"},"content":{"rendered":"<p>CNRI Femmes &#8211; Golrokh Ibrahimi Iraee et Marjan Davari, deux prisonni\u00e8res politiques en Iran incarc\u00e9r\u00e9es \u00e0 la prison Qarchak de Varamine, sont expos\u00e9es au risque d&#8217;infection par le coronavirus.<\/p>\n<p>Selon des informations venant de la prison de Qarchak, o\u00f9 sont d\u00e9tenues <a href=\"https:\/\/wncri.org\/fr\/2019\/11\/12\/golrokh-iraee-detenue-a-qarchak-apres-une-journee-en-prison-a-teheran\/\" target=\"_blank\" rel=\"noopener noreferrer\">Golrokh Ibrahimi Iraee<\/a> et <a href=\"https:\/\/wncri.org\/fr\/2020\/02\/17\/marjan-davari-condamne-a-75-ans-de-prison-a-qarchak\/\">Marjan Davari<\/a>, leur cod\u00e9tenue soup\u00e7onn\u00e9e d&#8217;avoir contract\u00e9 le coronavirus s&#8217;est r\u00e9v\u00e9l\u00e9e positive, ce qui constitue une menace pour la vie des deux prisonni\u00e8res politiques et des autres.<\/p>\n<p>Les familles des prisonni\u00e8res politiques ont demand\u00e9 \u00e0 plusieurs reprises aux autorit\u00e9s p\u00e9nitentiaires et au pouvoir judiciaire d&#8217;accorder un cong\u00e9 \u00e0 leurs enfants, mais leurs demandes ont \u00e9t\u00e9 rejet\u00e9es jusqu&#8217;\u00e0 pr\u00e9sent.<\/p>\n<p>Hossein Daemi, le p\u00e8re de la prisonni\u00e8re politique <a href=\"https:\/\/wncri.org\/fr\/2020\/03\/12\/nouvelle-plainte-contre-atena-daemi-pour-avoir-defendu-les-martyrs-de-novembre-en-iran\/\" target=\"_blank\" rel=\"noopener noreferrer\">Atena Daemi<\/a>, avait \u00e9galement annonc\u00e9 que l\u2019autorisation temporaire de sortie de sa fille avait \u00e9t\u00e9 rejet\u00e9e. Il a soulign\u00e9 que quoi qu&#8217;il arrive \u00e0 sa fille, le syst\u00e8me judiciaire et le procureur de T\u00e9h\u00e9ran, ainsi que le procureur qui supervise les prisons, seront directement responsables.<\/p>\n<p>La R\u00e9sistance iranienne a annonc\u00e9 que dans la soir\u00e9e du 14 mars, le nombre de personnes ayant perdu la vie en Iran \u00e0 cause du coronavirus d\u00e9passaient les 4 500 dans 175 villes des 31 provinces.<\/p>\n<p>Par ailleurs, Zohreh Sarv a \u00e9t\u00e9 condamn\u00e9e \u00e0 3 ans de prison pour &#8220;outrage au guide&#8221;. Elle a \u00e9t\u00e9 incarc\u00e9r\u00e9e au centre de d\u00e9tention des pasdarans \u00e0 T\u00e9h\u00e9ran le 24 d\u00e9cembre 2019. Elle a \u00e9t\u00e9 transf\u00e9r\u00e9e \u00e0 la prison Qarchak de Varamin le 11 janvier 2020.<\/p>\n<p>Egalement, deux prisonni\u00e8res, les militantes civiles Parvine Adva\u2019i et Farideh Veisi, d\u00e9tenues \u00e0 la prison de Sanandaj, ont entam\u00e9 une gr\u00e8ve de la faim depuis six jours.<\/p>\n<p>Les deux prisonni\u00e8res politiques ont entam\u00e9 une gr\u00e8ve de la faim le lundi 9 mars 2020 au centre correctionnel de Sanandaj (prison de femmes) pour protester contre leur situation incertaine et le refus des autorit\u00e9s de les lib\u00e9rer provisoirement.<\/p>\n<p>Parvin Adva\u2019i est une militante des droits civils de la ville de Marivan, active dans le domaine des droits des femmes et des enfants. Sa peine de prison a \u00e9t\u00e9 r\u00e9duite \u00e0 deux ans par la Cour d&#8217;appel.<\/p>\n","protected":false},"excerpt":{"rendered":"<p>CNRI Femmes &#8211; Golrokh Ibrahimi Iraee et Marjan Davari, deux prisonni\u00e8res politiques en Iran incarc\u00e9r\u00e9es \u00e0 la prison Qarchak de Varamine, sont expos\u00e9es au risque d&#8217;infection par le coronavirus. Selon des informations venant de la prison de Qarchak, o\u00f9 sont d\u00e9tenues Golrokh Ibrahimi Iraee et Marjan Davari, leur cod\u00e9tenue soup\u00e7onn\u00e9e d&#8217;avoir contract\u00e9 le coronavirus s&#8217;est [&hellip;]<\/p>\n","protected":false},"author":4,"featured_media":9973,"comment_status":"open","ping_status":"open","sticky":false,"template":"","format":"standard","meta":{"jnews-multi-image_gallery":[],"jnews_single_post":{"subtitle":"Parvin Adva\u2019i et Farideh Veisi ont entam\u00e9 une gr\u00e8ve de la faim pour protester contre le refus du r\u00e9gime de lib\u00e9rer temporairement les prisonniers \u00e0 cause du coronavirus","format":"standard","video":"","gallery":"","source_name":"","source_url":"","via_name":"","via_url":"","override_template":"0","override":[{"template":"1","single_blog_custom":"","parallax":"1","fullscreen":"0","layout":"right-sidebar","sidebar":"default-sidebar","second_sidebar":"default-sidebar","sticky_sidebar":"1","share_position":"top","share_float_style":"share-monocrhome","show_share_counter":"1","show_view_counter":"1","show_featured":"1","show_post_meta":"1","show_post_author":"1","show_post_author_image":"1","show_post_date":"1","post_date_format":"default","post_date_format_custom":"Y\/m\/d","show_post_category":"1","show_post_reading_time":"0","post_reading_time_wpm":"300","show_zoom_button":"0","zoom_button_out_step":"2","zoom_button_in_step":"3","show_post_tag":"1","show_prev_next_post":"1","show_popup_post":"1","number_popup_post":"1","show_author_box":"0","show_post_related":"0","show_inline_post_related":"0"}],"override_image_size":"0","image_override":[{"single_post_thumbnail_size":"crop-500","single_post_gallery_size":"crop-500"}],"trending_post":"0","trending_post_position":"meta","trending_post_label":"Trending","sponsored_post":"0","sponsored_post_label":"Sponsored by","sponsored_post_name":"","sponsored_post_url":"","sponsored_post_logo_enable":"0","sponsored_post_logo":"","sponsored_post_desc":""},"jnews_primary_category":{"id":""},"jnews_social_meta":[],"jnews_override_counter":{"override_view_counter":"0","view_counter_number":"0","override_share_counter":"0","share_counter_number":"0","override_like_counter":"0","like_counter_number":"0","override_dislike_counter":"0","dislike_counter_number":"0"},"footnotes":""},"categories":[3],"tags":[374,370],"class_list":["post-9972","post","type-post","status-publish","format-standard","has-post-thumbnail","hentry","category-infos-des-femmes","tag-coronavirus","tag-prisonnieres"],"_links":{"self":[{"href":"https:\/\/wncri.org\/fr\/wp-json\/wp\/v2\/posts\/9972","targetHints":{"allow":["GET"]}}],"collection":[{"href":"https:\/\/wncri.org\/fr\/wp-json\/wp\/v2\/posts"}],"about":[{"href":"https:\/\/wncri.org\/fr\/wp-json\/wp\/v2\/types\/post"}],"author":[{"embeddable":true,"href":"https:\/\/wncri.org\/fr\/wp-json\/wp\/v2\/users\/4"}],"replies":[{"embeddable":true,"href":"https:\/\/wncri.org\/fr\/wp-json\/wp\/v2\/comments?post=9972"}],"version-history":[{"count":0,"href":"https:\/\/wncri.org\/fr\/wp-json\/wp\/v2\/posts\/9972\/revisions"}],"wp:featuredmedia":[{"embeddable":true,"href":"https:\/\/wncri.org\/fr\/wp-json\/wp\/v2\/media\/9973"}],"wp:attachment":[{"href":"https:\/\/wncri.org\/fr\/wp-json\/wp\/v2\/media?parent=9972"}],"wp:term":[{"taxonomy":"category","embeddable":true,"href":"https:\/\/wncri.org\/fr\/wp-json\/wp\/v2\/categories?post=9972"},{"taxonomy":"post_tag","embeddable":true,"href":"https:\/\/wncri.org\/fr\/wp-json\/wp\/v2\/tags?post=9972"}],"curies":[{"name":"wp","href":"https:\/\/api.w.org\/{rel}","templated":true}]}}