{"id":9835,"date":"2020-02-19T12:30:02","date_gmt":"2020-02-19T11:30:02","guid":{"rendered":"https:\/\/wncri.org\/fr\/?p=9835"},"modified":"2020-02-27T22:07:16","modified_gmt":"2020-02-27T21:07:16","slug":"zahra-rajabi-heroine-et-championne-des-droits-des-refugies","status":"publish","type":"post","link":"https:\/\/wncri.org\/fr\/2020\/02\/19\/zahra-rajabi-heroine-et-championne-des-droits-des-refugies\/","title":{"rendered":"Zahra Rajabi, h\u00e9ro\u00efne et championne des droits des r\u00e9fugi\u00e9s"},"content":{"rendered":"<p>CNRI Femmes &#8211; Zahra Rajabi est n\u00e9e \u00e0 T\u00e9h\u00e9ran en 1957. Elle a fait ses \u00e9tudes \u00e0 l&#8217;\u00e9cole d&#8217;architecture de l&#8217;universit\u00e9 Melli de T\u00e9h\u00e9ran en 1977. Dans les derni\u00e8res ann\u00e9es de la dictature du chah, un environnement politique et r\u00e9volutionnaire s\u2019est d\u00e9velopp\u00e9 \u00e0 l\u2019universit\u00e9. C&#8217;est \u00e0 cette \u00e9poque que Zahra Rajabi a commenc\u00e9 ses activit\u00e9s politiques. Un nouveau chapitre de sa vie a commenc\u00e9 lorsqu&#8217;elle a rejoint l&#8217;Organisation des Moudjahidines du peuple d&#8217;Iran (OMPI).<\/p>\n<p>Zahra Rajabi \u00e9tait un membre estim\u00e9 et un pionnier de l&#8217;OMPI pendant la tourmente politique des ann\u00e9es qui ont suivi le renversement du chah et l&#8217;\u00e9mergence de la dictature religieuse. Elle \u00e9tait membre du comit\u00e9 central de l&#8217;OMPI, servant avec distinction pendant des ann\u00e9es et assumant des responsabilit\u00e9s essentielles dans la lutte contre le r\u00e9gime dictatorial et misogyne au pouvoir.<\/p>\n<p>En 1991, Zahra a \u00e9t\u00e9 nomm\u00e9e directrice de la section politique \u00e0 l&#8217;\u00e9tranger de l&#8217;OMPI. En 1993, elle a \u00e9t\u00e9 \u00e9lue candidate puis membre du Conseil de direction de l&#8217;OMPI.<\/p>\n<p>En 1994, avec l&#8217;expansion de la R\u00e9sistance iranienne dans divers pays, Zahra a assum\u00e9 de nouvelles responsabilit\u00e9s et de nouveaux devoirs pour promouvoir la solidarit\u00e9 nationale. Dans l&#8217;exercice de ces responsabilit\u00e9s, elle a \u00e9galement rendu d&#8217;importants services, notamment en d\u00e9fendant les droits des r\u00e9fugi\u00e9s et en organisant les partisans de la r\u00e9sistance.<\/p>\n<p>Zahra, femme fi\u00e8re et courageuse, \u00e9tait en mission importante &#8211; pour enqu\u00eater sur la question des r\u00e9fugi\u00e9s iraniens en Turquie &#8211; lorsque les terroristes du r\u00e9gime envoy\u00e9s de T\u00e9h\u00e9ran l&#8217;ont assassin\u00e9e le 21 f\u00e9vrier 1996.<\/p>\n<p>Selon les informations publi\u00e9es par la R\u00e9sistance iranienne, le minist\u00e8re du renseignement des mollahs avait pr\u00e9vu d&#8217;enlever ou d&#8217;assassiner Zahra Rajabi lors de son voyage en Turquie. Hachemi-Rafsanjani (alors pr\u00e9sident du r\u00e9gime iranien) et son ministre du Renseignements, Ali Fallahian, \u00e9taient complices de cet assassinat.<\/p>\n<p>Le samedi 3 f\u00e9vrier 1996, le Conseil supr\u00eame de s\u00e9curit\u00e9 nationale du r\u00e9gime a d\u00e9cid\u00e9 de mettre ce plan \u00e0 ex\u00e9cution. Deux plans \u00e9taient \u00e0 l&#8217;ordre du jour : l&#8217;un pour enlever Zahra, et le second pour l&#8217;assassiner.<\/p>\n<p>Les diplomates terroristes du r\u00e9gime qui \u00e9taient en poste \u00e0 l&#8217;ambassade d&#8217;Iran \u00e0 Ankara et au consulat \u00e0 Istanbul comprenaient Mohsen Karegar Azad, le consul adjoint du r\u00e9gime \u00e0 Istanbul, Shadkar, l&#8217;attach\u00e9 consulaire \u00e0 Ankara, Reza Behrouzmanesh, le consul adjoint \u00e0 Istanbul et Ali Ashrafi, l&#8217;attach\u00e9 de presse. Ces personnes ont \u00e9t\u00e9 charg\u00e9es de mettre en \u0153uvre le plan avec le soutien d&#8217;agents locaux travaillant pour le r\u00e9gime iranien.<\/p>\n<p>&nbsp;<\/p>\n<p>L&#8217;enl\u00e8vement devait avoir lieu le 16 f\u00e9vrier 1996, mais il a \u00e9chou\u00e9. Zahra Rajabi et ses compagnons avaient \u00e9t\u00e9 avertis du plan et ont pu \u00e9viter d&#8217;\u00eatre kidnapp\u00e9s. Ce plan ayant \u00e9chou\u00e9, les terroristes du r\u00e9gime iranien ont d\u00fb mettre en \u0153uvre le deuxi\u00e8me plan : l&#8217;assassinat.<\/p>\n<p>sEn voyant les corps des victimes lors de la premi\u00e8re enqu\u00eate sur le terrain, le procureur du district d&#8217;Istanbul, M. Salim Oloush, a d\u00e9clar\u00e9 qu&#8217;il s&#8217;agissait d&#8217;un assassinat politique, tr\u00e8s probablement commis par les services secrets iraniens. Ce sujet a \u00e9t\u00e9 rapport\u00e9 par tous les journaux turcs.<\/p>\n","protected":false},"excerpt":{"rendered":"<p>CNRI Femmes &#8211; Zahra Rajabi est n\u00e9e \u00e0 T\u00e9h\u00e9ran en 1957. Elle a fait ses \u00e9tudes \u00e0 l&#8217;\u00e9cole d&#8217;architecture de l&#8217;universit\u00e9 Melli de T\u00e9h\u00e9ran en 1977. Dans les derni\u00e8res ann\u00e9es de la dictature du chah, un environnement politique et r\u00e9volutionnaire s\u2019est d\u00e9velopp\u00e9 \u00e0 l\u2019universit\u00e9. C&#8217;est \u00e0 cette \u00e9poque que Zahra Rajabi a commenc\u00e9 ses activit\u00e9s [&hellip;]<\/p>\n","protected":false},"author":4,"featured_media":9836,"comment_status":"open","ping_status":"open","sticky":false,"template":"","format":"standard","meta":{"jnews-multi-image_gallery":[],"jnews_single_post":{"subtitle":"","format":"standard","video":"","gallery":"","source_name":"","source_url":"","via_name":"","via_url":"","override_template":"0","override":[{"template":"1","single_blog_custom":"","parallax":"1","fullscreen":"0","layout":"right-sidebar","sidebar":"default-sidebar","second_sidebar":"default-sidebar","sticky_sidebar":"1","share_position":"top","share_float_style":"share-monocrhome","show_share_counter":"1","show_view_counter":"1","show_featured":"1","show_post_meta":"1","show_post_author":"1","show_post_author_image":"1","show_post_date":"1","post_date_format":"default","post_date_format_custom":"Y\/m\/d","show_post_category":"1","show_post_reading_time":"0","post_reading_time_wpm":"300","show_zoom_button":"0","zoom_button_out_step":"2","zoom_button_in_step":"3","show_post_tag":"1","show_prev_next_post":"1","show_popup_post":"1","number_popup_post":"1","show_author_box":"0","show_post_related":"0","show_inline_post_related":"0"}],"override_image_size":"0","image_override":[{"single_post_thumbnail_size":"crop-500","single_post_gallery_size":"crop-500"}],"trending_post":"0","trending_post_position":"meta","trending_post_label":"Trending","sponsored_post":"0","sponsored_post_label":"Sponsored by","sponsored_post_name":"","sponsored_post_url":"","sponsored_post_logo_enable":"0","sponsored_post_logo":"","sponsored_post_desc":""},"jnews_primary_category":{"id":""},"jnews_social_meta":[],"jnews_override_counter":{"override_view_counter":"0","view_counter_number":"0","override_share_counter":"0","share_counter_number":"0","override_like_counter":"0","like_counter_number":"0","override_dislike_counter":"0","dislike_counter_number":"0"},"footnotes":""},"categories":[25],"tags":[],"class_list":["post-9835","post","type-post","status-publish","format-standard","has-post-thumbnail","hentry","category-tombees-pour-la-liberte"],"_links":{"self":[{"href":"https:\/\/wncri.org\/fr\/wp-json\/wp\/v2\/posts\/9835","targetHints":{"allow":["GET"]}}],"collection":[{"href":"https:\/\/wncri.org\/fr\/wp-json\/wp\/v2\/posts"}],"about":[{"href":"https:\/\/wncri.org\/fr\/wp-json\/wp\/v2\/types\/post"}],"author":[{"embeddable":true,"href":"https:\/\/wncri.org\/fr\/wp-json\/wp\/v2\/users\/4"}],"replies":[{"embeddable":true,"href":"https:\/\/wncri.org\/fr\/wp-json\/wp\/v2\/comments?post=9835"}],"version-history":[{"count":0,"href":"https:\/\/wncri.org\/fr\/wp-json\/wp\/v2\/posts\/9835\/revisions"}],"wp:featuredmedia":[{"embeddable":true,"href":"https:\/\/wncri.org\/fr\/wp-json\/wp\/v2\/media\/9836"}],"wp:attachment":[{"href":"https:\/\/wncri.org\/fr\/wp-json\/wp\/v2\/media?parent=9835"}],"wp:term":[{"taxonomy":"category","embeddable":true,"href":"https:\/\/wncri.org\/fr\/wp-json\/wp\/v2\/categories?post=9835"},{"taxonomy":"post_tag","embeddable":true,"href":"https:\/\/wncri.org\/fr\/wp-json\/wp\/v2\/tags?post=9835"}],"curies":[{"name":"wp","href":"https:\/\/api.w.org\/{rel}","templated":true}]}}