{"id":9790,"date":"2020-02-13T12:51:06","date_gmt":"2020-02-13T11:51:06","guid":{"rendered":"https:\/\/wncri.org\/fr\/?p=9790"},"modified":"2020-02-14T12:53:55","modified_gmt":"2020-02-14T11:53:55","slug":"boycott-des-elections-en-iran-le-regime-a-du-sang-sur-les-mains","status":"publish","type":"post","link":"https:\/\/wncri.org\/fr\/2020\/02\/13\/boycott-des-elections-en-iran-le-regime-a-du-sang-sur-les-mains\/","title":{"rendered":"Boycott des \u00e9lections en Iran: le r\u00e9gime a du sang sur les mains"},"content":{"rendered":"<p>CNRI Femmes &#8211; La prisonni\u00e8re politique Golrokh Ebrahimi Iraee a appel\u00e9 au boycott des \u00e9lections du r\u00e9gime.<\/p>\n<p>Golrokh Ebrahimi Iraee, actuellement d\u00e9tenu dans la prison de femmes de Qarchak \u00e0 Varamine, a publi\u00e9 une d\u00e9claration le 11 f\u00e9vrier 2020, \u00e0 l&#8217;occasion de l&#8217;anniversaire de la r\u00e9volution anti-monarchique en Iran.<\/p>\n<p>Elle a bri\u00e8vement d\u00e9crit les luttes du peuple iranien, en \u00e9crivant :<\/p>\n<p>&#8220;Apr\u00e8s la chute de l&#8217;ancien dictateur, la r\u00e9volution a \u00e9t\u00e9 d\u00e9tourn\u00e9e. Le premier groupe de fondamentalistes islamiques au Moyen-Orient est arriv\u00e9 au pouvoir. Leur premier acte a \u00e9t\u00e9 de mettre hors-la-loi tous les partis d&#8217;opposition.<\/p>\n<p>&#8220;Ils ont tortur\u00e9 les dirigeants des partis, les for\u00e7ant \u00e0 faire des aveux contre eux-m\u00eames ou \u00e0 quitter le pays&#8230; L&#8217;ampleur de la r\u00e9pression et de la terreur \u00e9tait telle que de nombreux sympathisants ont \u00e9t\u00e9 isol\u00e9s.<\/p>\n<p>Ils ont consolid\u00e9 leur pouvoir en prolongeant une guerre ext\u00e9rieure qui aurait pu prendre fin rapidement dans les premiers mois. Tout au long des ann\u00e9es de guerre, en incitant l&#8217;opinion publique et en soumettant les gens aux pressions caus\u00e9es par la guerre, ils ont identifi\u00e9, r\u00e9prim\u00e9 et assassin\u00e9 un grand nombre de leurs opposants dans le pays&#8221;.<\/p>\n<p>Golrokh Ebrahimi Iraee a \u00e9galement indiqu\u00e9 son soutien aux soul\u00e8vements de novembre 2019, en \u00e9crivant :<\/p>\n<p>&#8220;Au cours des r\u00e9centes manifestations, le r\u00e9gime a tu\u00e9 des centaines de personnes et en a d\u00e9tenu et bless\u00e9 des milliers d&#8217;autres. Nombre d&#8217;entre elles ont \u00e9t\u00e9 priv\u00e9es de leurs droits de citoyens. A chaque fois, au rythme de la r\u00e9pression massive au milieu des protestations, le r\u00e9gime suscite des d\u00e9bats publics sur des questions triviales qui ne concernent pas les masses populaires pour d\u00e9tourner leur attention. Mais les promesses non tenues du pass\u00e9 restent un grand affront \u00e0 notre soci\u00e9t\u00e9&#8230; qui souffre encore de la pauvret\u00e9 et de la tyrannie&#8221;.<\/p>\n<p>En conclusion, Golrokh Ebrahimi a soulign\u00e9 l&#8217;importance du boycott des \u00e9lections :<\/p>\n<p>&#8220;Les \u00e9lections doivent \u00eatre libres et les divers partis et groupes doivent pouvoir y participer. Chaque parti doit avoir une organisation sp\u00e9cifique et coh\u00e9rente, un historique, une constitution issue de ses propres perspectives.<\/p>\n<p>&#8220;Aujourd&#8217;hui, nous refusons de participer \u00e0 la mascarade offensante d&#8217;un r\u00e9gime dont les dirigeants ont les mains tach\u00e9es du sang de nos concitoyens, comme Farzad (Kamangar), Zanyar (Moradi), Loghman (Moradi) et Ramin (Hossein Panahi). Nous ne d\u00e9vierons jamais de notre lutte pour la libert\u00e9.<\/p>\n<p>&#8220;La tyrannie et le despotisme nous barrent la route depuis plus d&#8217;un si\u00e8cle. Mais nous vaincrons, m\u00eame si la route est rocailleuse et que nos vies sont nos seules armes.&#8221;<\/p>\n<p>Golrokh Ebrahimi Iraee &#8211; F\u00e9vrier 2020 &#8211; Prison Qarchak de Varamine<\/p>\n<p>&nbsp;<\/p>\n","protected":false},"excerpt":{"rendered":"<p>CNRI Femmes &#8211; La prisonni\u00e8re politique Golrokh Ebrahimi Iraee a appel\u00e9 au boycott des \u00e9lections du r\u00e9gime. Golrokh Ebrahimi Iraee, actuellement d\u00e9tenu dans la prison de femmes de Qarchak \u00e0 Varamine, a publi\u00e9 une d\u00e9claration le 11 f\u00e9vrier 2020, \u00e0 l&#8217;occasion de l&#8217;anniversaire de la r\u00e9volution anti-monarchique en Iran. Elle a bri\u00e8vement d\u00e9crit les luttes [&hellip;]<\/p>\n","protected":false},"author":4,"featured_media":9791,"comment_status":"open","ping_status":"open","sticky":false,"template":"","format":"standard","meta":{"jnews-multi-image_gallery":[],"jnews_single_post":{"source_name":"","source_url":"","via_name":"","via_url":"","override_template":"0","override":[{"template":"1","single_blog_custom":"","parallax":"1","fullscreen":"0","layout":"right-sidebar","sidebar":"default-sidebar","second_sidebar":"default-sidebar","sticky_sidebar":"1","share_position":"top","share_float_style":"share-monocrhome","show_share_counter":"1","show_view_counter":"1","show_featured":"1","show_post_meta":"1","show_post_author":"1","show_post_author_image":"1","show_post_date":"1","post_date_format":"default","post_date_format_custom":"Y\/m\/d","show_post_category":"1","show_post_reading_time":"0","post_reading_time_wpm":"300","show_zoom_button":"0","zoom_button_out_step":"2","zoom_button_in_step":"3","show_post_tag":"1","show_prev_next_post":"1","show_popup_post":"1","number_popup_post":"1","show_author_box":"0","show_post_related":"0","show_inline_post_related":"0"}],"override_image_size":"0","image_override":[{"single_post_thumbnail_size":"crop-500","single_post_gallery_size":"crop-500"}],"trending_post":"0","trending_post_position":"meta","trending_post_label":"Trending"},"jnews_primary_category":{"id":""},"jnews_social_meta":[],"jnews_override_counter":{"override_view_counter":"0","view_counter_number":"0","override_share_counter":"0","share_counter_number":"0","override_like_counter":"0","like_counter_number":"0","override_dislike_counter":"0","dislike_counter_number":"0"},"footnotes":""},"categories":[3],"tags":[],"class_list":["post-9790","post","type-post","status-publish","format-standard","has-post-thumbnail","hentry","category-infos-des-femmes"],"_links":{"self":[{"href":"https:\/\/wncri.org\/fr\/wp-json\/wp\/v2\/posts\/9790","targetHints":{"allow":["GET"]}}],"collection":[{"href":"https:\/\/wncri.org\/fr\/wp-json\/wp\/v2\/posts"}],"about":[{"href":"https:\/\/wncri.org\/fr\/wp-json\/wp\/v2\/types\/post"}],"author":[{"embeddable":true,"href":"https:\/\/wncri.org\/fr\/wp-json\/wp\/v2\/users\/4"}],"replies":[{"embeddable":true,"href":"https:\/\/wncri.org\/fr\/wp-json\/wp\/v2\/comments?post=9790"}],"version-history":[{"count":0,"href":"https:\/\/wncri.org\/fr\/wp-json\/wp\/v2\/posts\/9790\/revisions"}],"wp:featuredmedia":[{"embeddable":true,"href":"https:\/\/wncri.org\/fr\/wp-json\/wp\/v2\/media\/9791"}],"wp:attachment":[{"href":"https:\/\/wncri.org\/fr\/wp-json\/wp\/v2\/media?parent=9790"}],"wp:term":[{"taxonomy":"category","embeddable":true,"href":"https:\/\/wncri.org\/fr\/wp-json\/wp\/v2\/categories?post=9790"},{"taxonomy":"post_tag","embeddable":true,"href":"https:\/\/wncri.org\/fr\/wp-json\/wp\/v2\/tags?post=9790"}],"curies":[{"name":"wp","href":"https:\/\/api.w.org\/{rel}","templated":true}]}}