{"id":9786,"date":"2020-02-12T20:34:02","date_gmt":"2020-02-12T19:34:02","guid":{"rendered":"https:\/\/wncri.org\/fr\/?p=9786"},"modified":"2020-02-12T20:34:02","modified_gmt":"2020-02-12T19:34:02","slug":"nejat-anvar-hamidi-prisonniere-politique-en-iran-risque-de-perdre-la-vue","status":"publish","type":"post","link":"https:\/\/wncri.org\/fr\/2020\/02\/12\/nejat-anvar-hamidi-prisonniere-politique-en-iran-risque-de-perdre-la-vue\/","title":{"rendered":"Nejat Anvar Hamidi, prisonni\u00e8re politique en Iran, risque de perdre la vue"},"content":{"rendered":"<p>CNRI Femmes &#8211; Nejat Anvar Hamidi, une d\u00e9tenue politique, croupit dans une prison d&#8217;Ahwaz en Iran. Elle risque de perdre la vue.<\/p>\n<p>D\u00e9tenue dans la prison de Sepidar \u00e0 Ahwaz, Nejat Anvar Hamidi, 61 ans, souffre d&#8217;une grave maladie des yeux. Les autorit\u00e9s du r\u00e9gime l&#8217;ont arr\u00eat\u00e9e en mars 2019, accus\u00e9e de soutenir l&#8217;OMPI\/MEK (les Moudjahidine du peuple d&#8217;Iran).<\/p>\n<p>En plus de souffrir de graves maladies oculaires, Nejat Anvar Hamidi continue de souffrir de maux de t\u00eate chroniques &#8211; r\u00e9sultat de son emprisonnement dans les ann\u00e9es 1980.<\/p>\n<p>Elle avait \u00e9t\u00e9 arr\u00eat\u00e9e en 1981 pour avoir soutenu l\u2019OMPI et avait \u00e9t\u00e9 d\u00e9tenue pendant plus de deux ans. Nejat Anvar Hamidi avait finalement \u00e9t\u00e9 lib\u00e9r\u00e9e sous caution ; cependant, le r\u00e9gime a \u00e9mis un mandat d&#8217;arr\u00eat contre elle et elle a \u00e9t\u00e9 arr\u00eat\u00e9e \u00e0 nouveau. Sa nouvelle peine est de 5 ans.<\/p>\n<p>En mars 2019, elle a \u00e9t\u00e9 transf\u00e9r\u00e9e \u00e0 la prison de Sepidar \u00e0 Ahvaz pour y purger le reste de sa peine.<\/p>\n<p>Le mari et la fille de Nejat Anvar Hamidi ont \u00e9galement \u00e9t\u00e9 arr\u00eat\u00e9s, interrog\u00e9s et menac\u00e9s. Les autorit\u00e9s du r\u00e9gime ont inform\u00e9 les membres de sa famille qu&#8217;ils n&#8217;avaient pas droit \u00e0 un avocat. On leur a \u00e9galement dit que s&#8217;ils demandaient un avocat de toute fa\u00e7on, ils seraient arr\u00eat\u00e9s sous l&#8217;accusation de ne pas avoir coop\u00e9r\u00e9 avec les forces de renseignement et de repr\u00e9senter une menace pour la s\u00e9curit\u00e9 nationale.<\/p>\n<h4><strong>Trois militantes civiles condamn\u00e9es \u00e0 18 ans de prison<\/strong><\/h4>\n<p><img decoding=\"async\" class=\"alignnone wp-image-9788 size-full lazyload\" src=\"data:image\/gif;base64,R0lGODlhAQABAIAAAAAAAP\/\/\/yH5BAEAAAAALAAAAAABAAEAAAIBRAA7\" data-src=\"https:\/\/wncri.org\/fr\/wp-content\/uploads\/2020\/02\/Three-female-civil-activists-sentenced-to-18-years-of-prisonu2019.jpg\" alt=\"Trois militantes civiles condamn\u00e9es \u00e0 18 ans de prison\" width=\"750\" height=\"375\" \/><noscript><img decoding=\"async\" class=\"alignnone wp-image-9788 size-full lazyload\" src=\"https:\/\/wncri.org\/fr\/wp-content\/uploads\/2020\/02\/Three-female-civil-activists-sentenced-to-18-years-of-prisonu2019.jpg\" alt=\"Trois militantes civiles condamn\u00e9es \u00e0 18 ans de prison\" width=\"750\" height=\"375\" srcset=\"https:\/\/wncri.org\/fr\/wp-content\/uploads\/2020\/02\/Three-female-civil-activists-sentenced-to-18-years-of-prisonu2019.jpg 750w, https:\/\/wncri.org\/fr\/wp-content\/uploads\/2020\/02\/Three-female-civil-activists-sentenced-to-18-years-of-prisonu2019-300x150.jpg 300w, https:\/\/wncri.org\/fr\/wp-content\/uploads\/2020\/02\/Three-female-civil-activists-sentenced-to-18-years-of-prisonu2019-360x180.jpg 360w\" sizes=\"(max-width: 750px) 100vw, 750px\" \/><\/noscript><\/p>\n<p>En ao\u00fbt 2019, trois militantes civiles ont \u00e9t\u00e9 condamn\u00e9es par un tribunal de T\u00e9h\u00e9ran \u00e0 6 ans de prison. Les activistes, Shahla Jahan Bin, Giti Pourfazel et Shahla Entesari, ont \u00e9t\u00e9 reconnues coupables de &#8220;rassemblement et collusion pour commettre des crimes contre la s\u00e9curit\u00e9 nationale&#8221; et de &#8220;distribution de propagande anti-r\u00e9gime&#8221;.<\/p>\n<p>En plus de sa condamnation, Giti Pourfazel, avocat et membre de l&#8217;Association des \u00e9crivains, s&#8217;est vu interdire de participer \u00e0 tout parti ou groupe politique.<\/p>\n<p>Les trois militantes avaient \u00e9t\u00e9 incarc\u00e9r\u00e9es \u00e0 la prison d&#8217;Evine \u00e0 T\u00e9h\u00e9ran en octobre 2019.<\/p>\n<p>En novembre 2019, les trois militantes avaient finalement \u00e9t\u00e9 lib\u00e9r\u00e9es &#8211; plus de 4 mois apr\u00e8s leur arrestation initiale &#8211; sous caution de 500 millions de tomans.<\/p>\n","protected":false},"excerpt":{"rendered":"<p>CNRI Femmes &#8211; Nejat Anvar Hamidi, une d\u00e9tenue politique, croupit dans une prison d&#8217;Ahwaz en Iran. Elle risque de perdre la vue. D\u00e9tenue dans la prison de Sepidar \u00e0 Ahwaz, Nejat Anvar Hamidi, 61 ans, souffre d&#8217;une grave maladie des yeux. Les autorit\u00e9s du r\u00e9gime l&#8217;ont arr\u00eat\u00e9e en mars 2019, accus\u00e9e de soutenir l&#8217;OMPI\/MEK (les [&hellip;]<\/p>\n","protected":false},"author":4,"featured_media":9787,"comment_status":"open","ping_status":"open","sticky":false,"template":"","format":"standard","meta":{"jnews-multi-image_gallery":[],"jnews_single_post":{"source_name":"","source_url":"","via_name":"","via_url":"","override_template":"0","override":[{"template":"1","single_blog_custom":"","parallax":"1","fullscreen":"0","layout":"right-sidebar","sidebar":"default-sidebar","second_sidebar":"default-sidebar","sticky_sidebar":"1","share_position":"top","share_float_style":"share-monocrhome","show_share_counter":"1","show_view_counter":"1","show_featured":"1","show_post_meta":"1","show_post_author":"1","show_post_author_image":"1","show_post_date":"1","post_date_format":"default","post_date_format_custom":"Y\/m\/d","show_post_category":"1","show_post_reading_time":"0","post_reading_time_wpm":"300","show_zoom_button":"0","zoom_button_out_step":"2","zoom_button_in_step":"3","show_post_tag":"1","show_prev_next_post":"1","show_popup_post":"1","number_popup_post":"1","show_author_box":"0","show_post_related":"0","show_inline_post_related":"0"}],"override_image_size":"0","image_override":[{"single_post_thumbnail_size":"crop-500","single_post_gallery_size":"crop-500"}],"trending_post":"0","trending_post_position":"meta","trending_post_label":"Trending"},"jnews_primary_category":{"id":""},"jnews_social_meta":[],"jnews_override_counter":{"override_view_counter":"0","view_counter_number":"0","override_share_counter":"0","share_counter_number":"0","override_like_counter":"0","like_counter_number":"0","override_dislike_counter":"0","dislike_counter_number":"0"},"footnotes":""},"categories":[3],"tags":[369,370],"class_list":["post-9786","post","type-post","status-publish","format-standard","has-post-thumbnail","hentry","category-infos-des-femmes","tag-manifestations","tag-prisonnieres"],"_links":{"self":[{"href":"https:\/\/wncri.org\/fr\/wp-json\/wp\/v2\/posts\/9786","targetHints":{"allow":["GET"]}}],"collection":[{"href":"https:\/\/wncri.org\/fr\/wp-json\/wp\/v2\/posts"}],"about":[{"href":"https:\/\/wncri.org\/fr\/wp-json\/wp\/v2\/types\/post"}],"author":[{"embeddable":true,"href":"https:\/\/wncri.org\/fr\/wp-json\/wp\/v2\/users\/4"}],"replies":[{"embeddable":true,"href":"https:\/\/wncri.org\/fr\/wp-json\/wp\/v2\/comments?post=9786"}],"version-history":[{"count":0,"href":"https:\/\/wncri.org\/fr\/wp-json\/wp\/v2\/posts\/9786\/revisions"}],"wp:featuredmedia":[{"embeddable":true,"href":"https:\/\/wncri.org\/fr\/wp-json\/wp\/v2\/media\/9787"}],"wp:attachment":[{"href":"https:\/\/wncri.org\/fr\/wp-json\/wp\/v2\/media?parent=9786"}],"wp:term":[{"taxonomy":"category","embeddable":true,"href":"https:\/\/wncri.org\/fr\/wp-json\/wp\/v2\/categories?post=9786"},{"taxonomy":"post_tag","embeddable":true,"href":"https:\/\/wncri.org\/fr\/wp-json\/wp\/v2\/tags?post=9786"}],"curies":[{"name":"wp","href":"https:\/\/api.w.org\/{rel}","templated":true}]}}