{"id":9739,"date":"2020-02-05T10:12:26","date_gmt":"2020-02-05T09:12:26","guid":{"rendered":"https:\/\/wncri.org\/fr\/?p=9739"},"modified":"2020-02-07T10:23:06","modified_gmt":"2020-02-07T09:23:06","slug":"la-militante-civile-rezvaneh-ahmad-khanbeigui-condamnee-a-six-ans-de-prison","status":"publish","type":"post","link":"https:\/\/wncri.org\/fr\/2020\/02\/05\/la-militante-civile-rezvaneh-ahmad-khanbeigui-condamnee-a-six-ans-de-prison\/","title":{"rendered":"La militante civile Rezvaneh Ahmad Khanbeigui condamn\u00e9e \u00e0 six ans de prison"},"content":{"rendered":"<p>CNRI Femmes &#8211; La militante civile Rezvaneh Ahmad-Khanbeigui a \u00e9t\u00e9 condamn\u00e9e \u00e0 six ans de prison suppl\u00e9mentaires le dimanche 2 f\u00e9vrier 2020.<\/p>\n<p>Le proc\u00e8s de la militante civile Rezvaneh Ahmad-Khanbeigui s&#8217;\u00e9tait tenu la veille, le samedi 1er f\u00e9vrier 2020, au Tribunal de la r\u00e9volution de T\u00e9h\u00e9ran pr\u00e9sid\u00e9 par le sinistre juge Amouzadeh pour examiner les accusations port\u00e9es contre elle par les services de renseignement du Corps des gardiens de la r\u00e9volution (pasdarans).<\/p>\n<p>Pour avoir particip\u00e9 <a href=\"https:\/\/wncri.org\/fr\/2019\/12\/15\/militantes-arretees-en-novembre-en-iran-mise-a-jour-sur-la-situation\/\" target=\"_blank\" rel=\"noopener noreferrer\">aux manifestations<\/a> contre la hausse du prix du carburant en novembre 2019, la militante civile Rezvaneh Ahmad-Khanbeigui a \u00e9t\u00e9 accus\u00e9e de &#8220;collusion et association contre la s\u00e9curit\u00e9 nationale et internationale&#8221; et de &#8220;propagande contre l&#8217;\u00c9tat&#8221;.<\/p>\n<p>Auparavant, la militante civile Rezvaneh Ahmad-Khanbeigui avait \u00e9t\u00e9 <a href=\"https:\/\/wncri.org\/fr\/2019\/03\/21\/la-militante-rezvaneh-ahmad-khan-beigui-condamnee-a-4-anas-et-5-mois-de-prison-en-iran\/\">condamn\u00e9e \u00e0 4 ans<\/a> et 5 mois de prison par la branche 26 du tribunal r\u00e9volutionnaire de T\u00e9h\u00e9ran pr\u00e9sid\u00e9 par le juge Iman Afshari, pour &#8220;collusion et rassemblement contre la s\u00e9curit\u00e9 nationale&#8221; et &#8220;propagande contre l&#8217;Etat&#8221;. Le verdict a \u00e9t\u00e9 confirm\u00e9 par la Cour de r\u00e9vision.<\/p>\n<p>Rezvaneh Ahmad-Khanbeigui a \u00e9t\u00e9 d\u00e9tenue dans le quartier 2A des pasdarans de la prison d&#8217;Evine du 17 novembre au 12 d\u00e9cembre 2019. Puis, elle a \u00e9t\u00e9 transf\u00e9r\u00e9e dans le quartier des femmes de la prison d&#8217;Evine.<\/p>\n<p>N\u00e9e en 1990, Mme Ahmad-Khanbeigui souffre d&#8217;\u00e9pilepsie et d&#8217;autres maladies nerveuses et a besoin de m\u00e9dicaments sp\u00e9ciaux. Sa famille est pr\u00e9occup\u00e9e par son \u00e9tat de sant\u00e9.<\/p>\n<p>&nbsp;<\/p>\n<h4><strong>Deux militantes civils kurdes restent en prison<\/strong><\/h4>\n<figure id=\"attachment_9741\" aria-describedby=\"caption-attachment-9741\" style=\"width: 294px\" class=\"wp-caption alignleft\"><img decoding=\"async\" class=\"wp-image-9741 size-full lazyload\" src=\"data:image\/gif;base64,R0lGODlhAQABAIAAAAAAAP\/\/\/yH5BAEAAAAALAAAAAABAAEAAAIBRAA7\" data-src=\"https:\/\/wncri.org\/fr\/wp-content\/uploads\/2020\/02\/Farzaneh-Jalali-294x300-1.jpg\" alt=\"La militante civile Rezvaneh Ahmad Khanbeigui condamn\u00e9e \u00e0 six ans de prison\" width=\"294\" height=\"300\" \/><figcaption id=\"caption-attachment-9741\" class=\"wp-caption-text\"><noscript><img decoding=\"async\" class=\"wp-image-9741 size-full lazyload\" src=\"https:\/\/wncri.org\/fr\/wp-content\/uploads\/2020\/02\/Farzaneh-Jalali-294x300-1.jpg\" alt=\"La militante civile Rezvaneh Ahmad Khanbeigui condamn\u00e9e \u00e0 six ans de prison\" width=\"294\" height=\"300\" \/><\/noscript> Farzaneh Jalali<\/figcaption><\/figure>\n<p>La militante civile kurde Farzaneh Jalali a \u00e9t\u00e9 condamn\u00e9e \u00e0 un an de prison par le tribunal r\u00e9volutionnaire de Kermanchah pour &#8220;propagande contre l&#8217;\u00c9tat&#8221;. Son proc\u00e8s s&#8217;est tenu le 15 novembre 2019. Mme Jalali est dipl\u00f4m\u00e9e en anthropologie de l&#8217;universit\u00e9 de T\u00e9h\u00e9ran. Bien qu&#8217;elle soit arriv\u00e9e sixi\u00e8me au concours d&#8217;admission aux \u00e9tudes sup\u00e9rieures, elle a \u00e9t\u00e9 priv\u00e9e de la possibilit\u00e9 de poursuivre ses \u00e9tudes. Farzaneh Jalali menait des activit\u00e9s dans les domaines des droits de l&#8217;enfant et des droits de la femme.<\/p>\n<figure id=\"attachment_9742\" aria-describedby=\"caption-attachment-9742\" style=\"width: 217px\" class=\"wp-caption alignleft\"><img decoding=\"async\" class=\"wp-image-9742 size-full lazyload\" src=\"data:image\/gif;base64,R0lGODlhAQABAIAAAAAAAP\/\/\/yH5BAEAAAAALAAAAAABAAEAAAIBRAA7\" data-src=\"https:\/\/wncri.org\/fr\/wp-content\/uploads\/2020\/02\/Jhaka-Esmau2019ili-217x300-1.jpg\" alt=\"Jhaka Esma'ili\" width=\"217\" height=\"300\" \/><figcaption id=\"caption-attachment-9742\" class=\"wp-caption-text\"><noscript><img decoding=\"async\" class=\"wp-image-9742 size-full lazyload\" src=\"https:\/\/wncri.org\/fr\/wp-content\/uploads\/2020\/02\/Jhaka-Esmau2019ili-217x300-1.jpg\" alt=\"Jhaka Esma'ili\" width=\"217\" height=\"300\" \/><\/noscript> Jhaka Esma&#8217;ili<\/figcaption><\/figure>\n<p>Jhaka Esma&#8217;ili, une autre militante civile kurde de Boukan, a aussi \u00e9t\u00e9 emmen\u00e9e en prison pour purger sa peine de trois mois, le mercredi 29 janvier 2020.<\/p>\n<p>&nbsp;<\/p>\n<p>&nbsp;<\/p>\n","protected":false},"excerpt":{"rendered":"<p>CNRI Femmes &#8211; La militante civile Rezvaneh Ahmad-Khanbeigui a \u00e9t\u00e9 condamn\u00e9e \u00e0 six ans de prison suppl\u00e9mentaires le dimanche 2 f\u00e9vrier 2020. Le proc\u00e8s de la militante civile Rezvaneh Ahmad-Khanbeigui s&#8217;\u00e9tait tenu la veille, le samedi 1er f\u00e9vrier 2020, au Tribunal de la r\u00e9volution de T\u00e9h\u00e9ran pr\u00e9sid\u00e9 par le sinistre juge Amouzadeh pour examiner les [&hellip;]<\/p>\n","protected":false},"author":4,"featured_media":9740,"comment_status":"open","ping_status":"open","sticky":false,"template":"","format":"standard","meta":{"jnews-multi-image_gallery":[],"jnews_single_post":{"source_name":"","source_url":"","via_name":"","via_url":"","override_template":"0","override":[{"template":"1","single_blog_custom":"","parallax":"1","fullscreen":"0","layout":"right-sidebar","sidebar":"default-sidebar","second_sidebar":"default-sidebar","sticky_sidebar":"1","share_position":"top","share_float_style":"share-monocrhome","show_share_counter":"1","show_view_counter":"1","show_featured":"1","show_post_meta":"1","show_post_author":"1","show_post_author_image":"1","show_post_date":"1","post_date_format":"default","post_date_format_custom":"Y\/m\/d","show_post_category":"1","show_post_reading_time":"0","post_reading_time_wpm":"300","show_zoom_button":"0","zoom_button_out_step":"2","zoom_button_in_step":"3","show_post_tag":"1","show_prev_next_post":"1","show_popup_post":"1","number_popup_post":"1","show_author_box":"0","show_post_related":"0","show_inline_post_related":"0"}],"override_image_size":"0","image_override":[{"single_post_thumbnail_size":"crop-500","single_post_gallery_size":"crop-500"}],"trending_post":"0","trending_post_position":"meta","trending_post_label":"Trending"},"jnews_primary_category":{"id":""},"jnews_social_meta":[],"jnews_override_counter":{"override_view_counter":"0","view_counter_number":"0","override_share_counter":"0","share_counter_number":"0","override_like_counter":"0","like_counter_number":"0","override_dislike_counter":"0","dislike_counter_number":"0"},"footnotes":""},"categories":[3],"tags":[369],"class_list":["post-9739","post","type-post","status-publish","format-standard","has-post-thumbnail","hentry","category-infos-des-femmes","tag-manifestations"],"_links":{"self":[{"href":"https:\/\/wncri.org\/fr\/wp-json\/wp\/v2\/posts\/9739","targetHints":{"allow":["GET"]}}],"collection":[{"href":"https:\/\/wncri.org\/fr\/wp-json\/wp\/v2\/posts"}],"about":[{"href":"https:\/\/wncri.org\/fr\/wp-json\/wp\/v2\/types\/post"}],"author":[{"embeddable":true,"href":"https:\/\/wncri.org\/fr\/wp-json\/wp\/v2\/users\/4"}],"replies":[{"embeddable":true,"href":"https:\/\/wncri.org\/fr\/wp-json\/wp\/v2\/comments?post=9739"}],"version-history":[{"count":0,"href":"https:\/\/wncri.org\/fr\/wp-json\/wp\/v2\/posts\/9739\/revisions"}],"wp:featuredmedia":[{"embeddable":true,"href":"https:\/\/wncri.org\/fr\/wp-json\/wp\/v2\/media\/9740"}],"wp:attachment":[{"href":"https:\/\/wncri.org\/fr\/wp-json\/wp\/v2\/media?parent=9739"}],"wp:term":[{"taxonomy":"category","embeddable":true,"href":"https:\/\/wncri.org\/fr\/wp-json\/wp\/v2\/categories?post=9739"},{"taxonomy":"post_tag","embeddable":true,"href":"https:\/\/wncri.org\/fr\/wp-json\/wp\/v2\/tags?post=9739"}],"curies":[{"name":"wp","href":"https:\/\/api.w.org\/{rel}","templated":true}]}}