{"id":9680,"date":"2020-02-01T13:10:30","date_gmt":"2020-02-01T12:10:30","guid":{"rendered":"https:\/\/wncri.org\/fr\/?p=9680"},"modified":"2020-02-05T09:29:02","modified_gmt":"2020-02-05T08:29:02","slug":"les-peines-contre-cinq-militantes-civiles-mises-en-oeuvre-sans-revision","status":"publish","type":"post","link":"https:\/\/wncri.org\/fr\/2020\/02\/01\/les-peines-contre-cinq-militantes-civiles-mises-en-oeuvre-sans-revision\/","title":{"rendered":"Les peines contre cinq militantes civiles mises en \u0153uvre sans r\u00e9vision"},"content":{"rendered":"<p>CNRI Femmes &#8211; Les poursuites engag\u00e9es contre 5 militantes civiles en Iran pour leur participation \u00e0 une manifestation des travailleurs de la canne \u00e0 sucre de Haft Tappeh et \u00e0 la manifestation de la Journ\u00e9e internationale du travail ont \u00e9t\u00e9 confirm\u00e9es le 28 janvier 2020, sans \u00eatre examin\u00e9es par une Cour de r\u00e9vision.<\/p>\n<p>Les dossiers de cinq militantes civiles, Sanaz Allahiari, <a href=\"https:\/\/wncri.org\/fr\/2019\/08\/07\/assal-mohammadi-arretee-et-incarcecee-a-evine-en-iran\/\" target=\"_blank\" rel=\"noopener noreferrer\">Assal Mohammadi<\/a>, Atefeh Rangriz, Marzieh Amiri et Neda Naji, ont \u00e9t\u00e9 transf\u00e9r\u00e9s au service de l&#8217;application des peines.<\/p>\n<p><a href=\"https:\/\/wncri.org\/fr\/2019\/07\/04\/sanaz-allahyari-et-son-mari-en-greve-de-la-faim-en-prison-en-iran\/\" target=\"_blank\" rel=\"noopener noreferrer\">Sanaz Allahyari<\/a> et Assal Mohammadi, accus\u00e9es pour avoir manifest\u00e9 \u00e0 Haft Tappeh, ont \u00e9t\u00e9 condamn\u00e9es chacune \u00e0 5 ans de prison.<\/p>\n<p>Les militantes civiles <a href=\"https:\/\/wncri.org\/fr\/2019\/10\/19\/en-greve-de-la-faim-atefeh-rangriz-denonce-linjustice-en-prison\/\" target=\"_blank\" rel=\"noopener noreferrer\">Atefeh Rangriz<\/a> et Marzieh Amiri, qui avaient \u00e9t\u00e9 arr\u00eat\u00e9es le 1er mai pour la Journ\u00e9e internationale du travail, ont \u00e9galement \u00e9t\u00e9 condamn\u00e9es \u00e0 5 ans de prison.<\/p>\n<p><a href=\"https:\/\/wncri.org\/fr\/2019\/12\/06\/la-militante-syndicale-neda-naji-condamnee-a-55-ans-de-prison-en-iran\/\" target=\"_blank\" rel=\"noopener noreferrer\">Neda Naji<\/a>, une autre militante civile arr\u00eat\u00e9e \u00e0 l&#8217;occasion de la Journ\u00e9e internationale du travail, a \u00e9t\u00e9 condamn\u00e9e \u00e0 5,5 ans de prison.<\/p>\n<p>Atefeh Rangriz et <a href=\"https:\/\/wncri.org\/fr\/2019\/08\/24\/marzieh-amiri-condamnee-a-10-ans-de-prison-et-147-coups-de-fouet-en-iran\/\" target=\"_blank\" rel=\"noopener noreferrer\">Marzieh Amiri<\/a> ont \u00e9t\u00e9 temporairement lib\u00e9r\u00e9es en \u00e9change d&#8217;une caution d&#8217;un milliard de tomans chacune le 26 octobre 2019, mais Neda Naji reste en d\u00e9tention provisoire.<\/p>\n<p>Selon des sources inform\u00e9es, Savine Mahmoudian Rad, 23 ans, originaire d&#8217;un village pr\u00e8s de Sardasht (Kurdistan iranien), a \u00e9t\u00e9 transf\u00e9r\u00e9e \u00e0 la prison centrale de Mahabad le 26 janvier 2020. Elle avait \u00e9t\u00e9 arr\u00eat\u00e9e il y a deux mois par l&#8217;unit\u00e9 de renseignement du Corps des gardiens de la r\u00e9volution et plac\u00e9e en isolement dans le centre de d\u00e9tention de l&#8217;\u00a0\u00ab\u00a0Arm\u00e9e du Mahdi\u00a0\u00bb \u00e0 Oroumieh.<\/p>\n<p>&nbsp;<\/p>\n<h4><strong>Une manifestante condamn\u00e9e \u00e0 deux ans de prison<\/strong><\/h4>\n<p>Par ailleurs, Nazanin Tousi a \u00e9t\u00e9 condamn\u00e9 \u00e0 deux ans de prison par la branche 24 du tribunal r\u00e9volutionnaire de T\u00e9h\u00e9ran pour avoir particip\u00e9 aux manifestations de novembre 2019 contre la hausse du prix du carburant. Elle a \u00e9t\u00e9 arr\u00eat\u00e9e le 19 novembre et est accus\u00e9e d'&#8221;association et de collusion contre l&#8217;\u00c9tat&#8221;.<\/p>\n<p>Le r\u00e9gime iranien a lanc\u00e9 une nouvelle vague d&#8217;arrestations arbitraires de militants des droits civiques et a commenc\u00e9 \u00e0 monter de nouveaux dossiers contre les prisonniers politiques \u00e0 la suite des soul\u00e8vements de novembre et janvier.<\/p>\n<p>Au moins 12 000 personnes ont \u00e9t\u00e9 arr\u00eat\u00e9es lors des manifestations de novembre, o\u00f9 1 500 personnes, dont au moins <a href=\"https:\/\/wncri.org\/fr\/2019\/12\/23\/1500-personnes-dont-400-femmes-tuees-dans-le-soulevement-en-iran-reuters\/\" target=\"_blank\" rel=\"noopener noreferrer\">400 femmes<\/a> et 17 adolescents, ont \u00e9t\u00e9 tu\u00e9es et 4 000 autres bless\u00e9es.<\/p>\n<p>Au cours des manifestations de janvier, environ 300 personnes ont \u00e9t\u00e9 arr\u00eat\u00e9es, mais les autorit\u00e9s n&#8217;ont reconnu que 30 arrestations.<\/p>\n","protected":false},"excerpt":{"rendered":"<p>CNRI Femmes &#8211; Les poursuites engag\u00e9es contre 5 militantes civiles en Iran pour leur participation \u00e0 une manifestation des travailleurs de la canne \u00e0 sucre de Haft Tappeh et \u00e0 la manifestation de la Journ\u00e9e internationale du travail ont \u00e9t\u00e9 confirm\u00e9es le 28 janvier 2020, sans \u00eatre examin\u00e9es par une Cour de r\u00e9vision. Les dossiers [&hellip;]<\/p>\n","protected":false},"author":4,"featured_media":9681,"comment_status":"open","ping_status":"open","sticky":false,"template":"","format":"standard","meta":{"jnews-multi-image_gallery":[],"jnews_single_post":{"source_name":"","source_url":"","via_name":"","via_url":"","override_template":"0","override":[{"template":"1","single_blog_custom":"","parallax":"1","fullscreen":"0","layout":"right-sidebar","sidebar":"default-sidebar","second_sidebar":"default-sidebar","sticky_sidebar":"1","share_position":"top","share_float_style":"share-monocrhome","show_share_counter":"1","show_view_counter":"1","show_featured":"1","show_post_meta":"1","show_post_author":"1","show_post_author_image":"1","show_post_date":"1","post_date_format":"default","post_date_format_custom":"Y\/m\/d","show_post_category":"1","show_post_reading_time":"0","post_reading_time_wpm":"300","show_zoom_button":"0","zoom_button_out_step":"2","zoom_button_in_step":"3","show_post_tag":"1","show_prev_next_post":"1","show_popup_post":"1","number_popup_post":"1","show_author_box":"0","show_post_related":"0","show_inline_post_related":"0"}],"override_image_size":"0","image_override":[{"single_post_thumbnail_size":"crop-500","single_post_gallery_size":"crop-500"}],"trending_post":"0","trending_post_position":"meta","trending_post_label":"Trending"},"jnews_primary_category":{"id":""},"jnews_social_meta":[],"jnews_override_counter":{"override_view_counter":"0","view_counter_number":"0","override_share_counter":"0","share_counter_number":"0","override_like_counter":"0","like_counter_number":"0","override_dislike_counter":"0","dislike_counter_number":"0"},"footnotes":""},"categories":[3],"tags":[369],"class_list":["post-9680","post","type-post","status-publish","format-standard","has-post-thumbnail","hentry","category-infos-des-femmes","tag-manifestations"],"_links":{"self":[{"href":"https:\/\/wncri.org\/fr\/wp-json\/wp\/v2\/posts\/9680","targetHints":{"allow":["GET"]}}],"collection":[{"href":"https:\/\/wncri.org\/fr\/wp-json\/wp\/v2\/posts"}],"about":[{"href":"https:\/\/wncri.org\/fr\/wp-json\/wp\/v2\/types\/post"}],"author":[{"embeddable":true,"href":"https:\/\/wncri.org\/fr\/wp-json\/wp\/v2\/users\/4"}],"replies":[{"embeddable":true,"href":"https:\/\/wncri.org\/fr\/wp-json\/wp\/v2\/comments?post=9680"}],"version-history":[{"count":0,"href":"https:\/\/wncri.org\/fr\/wp-json\/wp\/v2\/posts\/9680\/revisions"}],"wp:featuredmedia":[{"embeddable":true,"href":"https:\/\/wncri.org\/fr\/wp-json\/wp\/v2\/media\/9681"}],"wp:attachment":[{"href":"https:\/\/wncri.org\/fr\/wp-json\/wp\/v2\/media?parent=9680"}],"wp:term":[{"taxonomy":"category","embeddable":true,"href":"https:\/\/wncri.org\/fr\/wp-json\/wp\/v2\/categories?post=9680"},{"taxonomy":"post_tag","embeddable":true,"href":"https:\/\/wncri.org\/fr\/wp-json\/wp\/v2\/tags?post=9680"}],"curies":[{"name":"wp","href":"https:\/\/api.w.org\/{rel}","templated":true}]}}