{"id":9461,"date":"2020-01-06T12:54:37","date_gmt":"2020-01-06T11:54:37","guid":{"rendered":"https:\/\/wncri.org\/fr\/?p=9461"},"modified":"2020-02-05T09:52:10","modified_gmt":"2020-02-05T08:52:10","slug":"12-prisonnieres-politiques-denoncent-la-repression-a-la-prison-devine","status":"publish","type":"post","link":"https:\/\/wncri.org\/fr\/2020\/01\/06\/12-prisonnieres-politiques-denoncent-la-repression-a-la-prison-devine\/","title":{"rendered":"12 prisonni\u00e8res politiques d\u00e9noncent la r\u00e9pression \u00e0 la prison d\u2019Evine"},"content":{"rendered":"<p>CNRI Femmes &#8211; Douze prisonni\u00e8res politiques ont \u00e9crit une lettre de protestation contre la r\u00e9pression des d\u00e9tenues politiques la maison d\u2019arr\u00eat d&#8217;Evine de T\u00e9h\u00e9ran.<\/p>\n<p>En voici la teneur\u00a0:<\/p>\n<p>\u00ab\u00a0Du 21 d\u00e9cembre 2019 au 26 d\u00e9cembre 2019, un groupe de nos d\u00e9tenues a organis\u00e9 un sit-in de protestation au Bureau politique de la prison d&#8217;Evine pour marquer le 40e anniversaire de la mort des manifestants de novembre. Malheureusement, leur protestation pacifique a \u00e9t\u00e9 s\u00e9v\u00e8rement sanctionn\u00e9e et r\u00e9prim\u00e9e par les autorit\u00e9s carc\u00e9rales. Mme <a href=\"https:\/\/wncri.org\/fr\/2019\/12\/27\/la-prisonniere-politique-narguesse-mohammadi-battue-et-exilee-a-zandjan\/\" target=\"_blank\" rel=\"noopener noreferrer\">Narguesse Mohammadi<\/a> a \u00e9t\u00e9 extraite de sa cellule sous pr\u00e9texte de rencontrer son avocat, puis les forces de s\u00e9curit\u00e9 l&#8217;ont transf\u00e9r\u00e9e \u00e0 la prison de Zandjan sur ordre des autorit\u00e9s p\u00e9nitentiaires. Selon les autorit\u00e9s de la prison, <a href=\"https:\/\/wncri.org\/fr\/2019\/12\/28\/iran-atena-daemi-en-isolement-soha-mortezai-en-greve-de-la-faim\/\" target=\"_blank\" rel=\"noopener noreferrer\">Atena Daemi<\/a> a \u00e9t\u00e9 transf\u00e9r\u00e9e au quartier 2A de la prison d&#8217;Evine le 26 d\u00e9cembre 2019. Nous, un groupe de prisonni\u00e8res politiques et de conscience du quartier des femmes de la prison d&#8217;Evine, sommes pr\u00e9occup\u00e9es par la situation de nos cod\u00e9tenues et exprimons notre protestation contre l\u2019\u00e9loignement, le transfert et tout autre traitement similaire \u00e0 l&#8217;\u00e9gard des prisonni\u00e8res politiques et demandons le retour de nos cod\u00e9tenues.\u00a0\u00bb<\/p>\n<p>La lettre dat\u00e9e de janvier 2020 est sign\u00e9e par :<\/p>\n<p><a href=\"https:\/\/wncri.org\/fr\/2019\/08\/01\/lourdes-peines-de-prison-pour-trois-militantes-des-droits-en-iran\/\" target=\"_blank\" rel=\"noopener noreferrer\">Yasaman Aryani<\/a><br \/>\nAras Amiri<br \/>\n<a href=\"https:\/\/wncri.org\/fr\/2019\/07\/28\/maryam-akbari-les-criminels-du-massacre-de-1988-sont-au-pouvoir-en-iran\/\" target=\"_blank\" rel=\"noopener noreferrer\">Maryam Akbari-Monfared<\/a><br \/>\nLeila Hosseinzadeh<br \/>\nSoheila Hejab<br \/>\n<a href=\"https:\/\/wncri.org\/fr\/2019\/04\/14\/monireh-arab-shahi-mere-dune-comedienne-et-militante-arretee-a-son-tour-en-iran\/\">Monireh Arab-Shahi<\/a><br \/>\nNegin Ghadamian<br \/>\n<a href=\"https:\/\/wncri.org\/fr\/2019\/08\/27\/24-ans-de-prison-pour-saba-kord-afchari-pour-refuser-des-aveux-televises\/\" target=\"_blank\" rel=\"noopener noreferrer\">Saba Kord-Afshari<\/a><br \/>\n<a href=\"https:\/\/wncri.org\/fr\/2019\/08\/18\/tolle-mondial-apres-les-lourdes-peines-contre-des-militantes-en-iran\/\" target=\"_blank\" rel=\"noopener noreferrer\">Mojgan Keshavarz<\/a><br \/>\nSamine Maghsoudi<br \/>\n<a href=\"https:\/\/wncri.org\/fr\/2019\/12\/06\/la-militante-syndicale-neda-naji-condamnee-a-55-ans-de-prison-en-iran\/\" target=\"_blank\" rel=\"noopener noreferrer\">Neda Naji<\/a><br \/>\nSamaneh Norouz-Moradi<\/p>\n<p>&nbsp;<\/p>\n<p>Par ailleurs, aucune information n&#8217;est disponible sur la situation d&#8217;Atena Daemi depuis son transfert au Centre de d\u00e9tention des renseignements des gardiens de la r\u00e9volution, connu sous le nom de quartier 2A. Sa famille a \u00e9galement \u00e9t\u00e9 fait des recherches aupr\u00e8s de diff\u00e9rents services et n&#8217;a re\u00e7u jusqu&#8217;\u00e0 pr\u00e9sent aucune r\u00e9ponse. Atena Daemi a annonc\u00e9, lors d&#8217;un appel t\u00e9l\u00e9phonique \u00e0 sa famille le 31 d\u00e9cembre 2019, qu&#8217;elle \u00e9tait transf\u00e9r\u00e9e au quartier 2A de la <a href=\"https:\/\/www.maryam-rajavi.com\/fr\/item\/face-a-l-execution-de-gholam-reza-khosravi-apres-12-annees-de-prison-et-de-torture-en-iran\" target=\"_blank\" rel=\"noopener noreferrer\">prison d&#8217;Evine<\/a>. La situation d&#8217;Atena est grave et son m\u00e9decin avait demand\u00e9 une hospitalisation imm\u00e9diate et d&#8217;urgence. Son p\u00e8re a dit : \u00ab\u00a0Au lieu de l&#8217;h\u00f4pital, ils ont transf\u00e9r\u00e9 ma fille en isolement.\u00a0\u00bb<\/p>\n<p><strong>\u00a0<\/strong><\/p>\n<p><strong>Nouvelles br\u00e8ves sur des militantes des droits<\/strong><\/p>\n<p>La militante syndicale <a href=\"https:\/\/wncri.org\/fr\/2019\/12\/17\/la-syndicaliste-parvine-mohammadi-en-danger-dans-une-prison-en-iran\/\" target=\"_blank\" rel=\"noopener noreferrer\">Parvine Mohammadi<\/a> a \u00e9t\u00e9 emmen\u00e9e dans un h\u00f4pital \u00e0 l&#8217;ext\u00e9rieur de la prison avec des menottes et a \u00e9t\u00e9 ramen\u00e9e en prison sans examen m\u00e9dical. Parvine Mohammadi a gliss\u00e9 sur le sol glac\u00e9 en se rendant \u00e0 l&#8217;atelier de la prison le 3 janvier 2020 et souffre de blessures \u00e0 la t\u00eate, d&#8217;une vision trouble et de maux de t\u00eate.<\/p>\n<p>Par ailleurs, le 4 janvier 2020, Anisha Assadollahi, une militante syndicale arr\u00eat\u00e9e pour la Journ\u00e9e internationale du travail, a de nouveau \u00e9t\u00e9 convoqu\u00e9e au Parquet de la prison d&#8217;Evine et incarc\u00e9r\u00e9e dans cette prison.<\/p>\n<p>Zohreh Assadpour, une militante des droits des femmes, a \u00e9galement \u00e9t\u00e9 arr\u00eat\u00e9e par les forces de s\u00e9curit\u00e9 \u00e0 Rasht le 4 janvier 2020.<\/p>\n","protected":false},"excerpt":{"rendered":"<p>CNRI Femmes &#8211; Douze prisonni\u00e8res politiques ont \u00e9crit une lettre de protestation contre la r\u00e9pression des d\u00e9tenues politiques la maison d\u2019arr\u00eat d&#8217;Evine de T\u00e9h\u00e9ran. En voici la teneur\u00a0: \u00ab\u00a0Du 21 d\u00e9cembre 2019 au 26 d\u00e9cembre 2019, un groupe de nos d\u00e9tenues a organis\u00e9 un sit-in de protestation au Bureau politique de la prison d&#8217;Evine pour [&hellip;]<\/p>\n","protected":false},"author":4,"featured_media":9459,"comment_status":"open","ping_status":"open","sticky":false,"template":"","format":"standard","meta":{"jnews-multi-image_gallery":[],"jnews_single_post":{"source_name":"","source_url":"","via_name":"","via_url":"","override_template":"0","override":[{"template":"1","single_blog_custom":"","parallax":"1","fullscreen":"0","layout":"right-sidebar","sidebar":"default-sidebar","second_sidebar":"default-sidebar","sticky_sidebar":"1","share_position":"top","share_float_style":"share-monocrhome","show_share_counter":"1","show_view_counter":"1","show_featured":"1","show_post_meta":"1","show_post_author":"1","show_post_author_image":"1","show_post_date":"1","post_date_format":"default","post_date_format_custom":"Y\/m\/d","show_post_category":"1","show_post_reading_time":"0","post_reading_time_wpm":"300","show_zoom_button":"0","zoom_button_out_step":"2","zoom_button_in_step":"3","show_post_tag":"1","show_prev_next_post":"1","show_popup_post":"1","number_popup_post":"1","show_author_box":"0","show_post_related":"0","show_inline_post_related":"0"}],"override_image_size":"0","image_override":[{"single_post_thumbnail_size":"crop-500","single_post_gallery_size":"crop-500"}],"trending_post":"0","trending_post_position":"meta","trending_post_label":"Trending"},"jnews_primary_category":{"id":""},"jnews_social_meta":[],"jnews_override_counter":{"override_view_counter":"0","view_counter_number":"0","override_share_counter":"0","share_counter_number":"0","override_like_counter":"0","like_counter_number":"0","override_dislike_counter":"0","dislike_counter_number":"0"},"footnotes":""},"categories":[3],"tags":[369],"class_list":["post-9461","post","type-post","status-publish","format-standard","has-post-thumbnail","hentry","category-infos-des-femmes","tag-manifestations"],"_links":{"self":[{"href":"https:\/\/wncri.org\/fr\/wp-json\/wp\/v2\/posts\/9461","targetHints":{"allow":["GET"]}}],"collection":[{"href":"https:\/\/wncri.org\/fr\/wp-json\/wp\/v2\/posts"}],"about":[{"href":"https:\/\/wncri.org\/fr\/wp-json\/wp\/v2\/types\/post"}],"author":[{"embeddable":true,"href":"https:\/\/wncri.org\/fr\/wp-json\/wp\/v2\/users\/4"}],"replies":[{"embeddable":true,"href":"https:\/\/wncri.org\/fr\/wp-json\/wp\/v2\/comments?post=9461"}],"version-history":[{"count":0,"href":"https:\/\/wncri.org\/fr\/wp-json\/wp\/v2\/posts\/9461\/revisions"}],"wp:featuredmedia":[{"embeddable":true,"href":"https:\/\/wncri.org\/fr\/wp-json\/wp\/v2\/media\/9459"}],"wp:attachment":[{"href":"https:\/\/wncri.org\/fr\/wp-json\/wp\/v2\/media?parent=9461"}],"wp:term":[{"taxonomy":"category","embeddable":true,"href":"https:\/\/wncri.org\/fr\/wp-json\/wp\/v2\/categories?post=9461"},{"taxonomy":"post_tag","embeddable":true,"href":"https:\/\/wncri.org\/fr\/wp-json\/wp\/v2\/tags?post=9461"}],"curies":[{"name":"wp","href":"https:\/\/api.w.org\/{rel}","templated":true}]}}