{"id":9428,"date":"2019-12-29T11:01:43","date_gmt":"2019-12-29T10:01:43","guid":{"rendered":"https:\/\/wncri.org\/fr\/?p=9428"},"modified":"2019-12-30T11:03:34","modified_gmt":"2019-12-30T10:03:34","slug":"amnesty-appelle-a-la-liberation-des-prisonniers-du-soulevement-en-iran","status":"publish","type":"post","link":"https:\/\/wncri.org\/fr\/2019\/12\/29\/amnesty-appelle-a-la-liberation-des-prisonniers-du-soulevement-en-iran\/","title":{"rendered":"Amnesty appelle \u00e0 la lib\u00e9ration des prisonniers du soul\u00e8vement en Iran"},"content":{"rendered":"<p>CNRI Femmes &#8211; Amnesty International a lanc\u00e9 un appel public en faveur de la lib\u00e9ration des personnes arr\u00eat\u00e9es arbitrairement lors du soul\u00e8vement de novembre en Iran.<\/p>\n<p>Le 28 d\u00e9cembre 2019, Amnesty International a mis en garde contre la possibilit\u00e9 que des manifestants d\u00e9tenus en Iran soient <a href=\"https:\/\/www.amnesty.org\/en\/get-involved\/take-action\/free-detained-protesters-iran\/?utm_source=TWITTER-IS&amp;utm_medium=social&amp;utm_content=2959672307&amp;utm_campaign=Amnesty&amp;utm_term=Story+of+Change\" target=\"_blank\" rel=\"noopener noreferrer\">tortur\u00e9s et maltrait\u00e9s<\/a> et a lanc\u00e9 un appel public \u00e0 la lib\u00e9ration des manifestants d\u00e9tenues arbitrairement.<\/p>\n<p>Amnesty International a d\u00e9clar\u00e9 que les autorit\u00e9s ont arr\u00eat\u00e9 des milliers de manifestants ainsi que des journalistes, des \u00e9tudiants et des d\u00e9fenseurs des droits humains pour les emp\u00eacher de s&#8217;exprimer sur la r\u00e9pression impitoyable qui s\u00e9vit en Iran. Des enfants \u00e2g\u00e9s d\u2019\u00e0 peine 15 ans ont \u00e9t\u00e9 arr\u00eat\u00e9s et sont d\u00e9tenus aux c\u00f4t\u00e9s d&#8217;adultes dans des prisons r\u00e9put\u00e9es pour la torture. Les d\u00e9tenus ont \u00e9t\u00e9 soumis \u00e0 la torture et \u00e0 d&#8217;autres mauvais traitements ; ils ont \u00e9t\u00e9 battus, frapp\u00e9s \u00e0 coups de poing, de pied et fouett\u00e9s par les forces de s\u00e9curit\u00e9. Beaucoup se voient refuser l&#8217;acc\u00e8s \u00e0 leur famille et \u00e0 leurs avocats.<\/p>\n<p>La R\u00e9sistance iranienne avait pr\u00e9c\u00e9demment annonc\u00e9 que le nombre de personnes tu\u00e9es est beaucoup plus \u00e9lev\u00e9 que 1 500, qui est une estimation prudente. Le lundi 23 d\u00e9cembre 2019, Reuters a rapport\u00e9 que 1 500 personnes ont \u00e9t\u00e9 tu\u00e9es en Iran en moins de deux semaines de troubles qui ont commenc\u00e9 le 15 novembre, dont environ <a href=\"https:\/\/wncri.org\/fr\/2019\/12\/23\/1500-personnes-dont-400-femmes-tuees-dans-le-soulevement-en-iran-reuters\/\" target=\"_blank\" rel=\"noopener noreferrer\">400 femmes<\/a> et 17 adolescents.<\/p>\n<p>L&#8217;appel d&#8217;Amnesty International a \u00e9t\u00e9 lanc\u00e9 alors que des arrestations arbitraires sont le lot du quotidien en Iran.<\/p>\n<p>Dans un cas, le chef de la police de la province de Guilan a annonc\u00e9 que quatre personnes ayant provoqu\u00e9 des manifestations avaient \u00e9t\u00e9 arr\u00eat\u00e9es \u00e0 Racht. Une femme de 31 ans figure parmi les personnes d\u00e9tenues. (Agence Tasnim, 26 d\u00e9cembre 2019)<\/p>\n<p>Par ailleurs, lors d&#8217;une c\u00e9r\u00e9monie \u00e0 la m\u00e9moire dede Navid Behboudi, l&#8217;une des victimes du soul\u00e8vement de novembre, trois femmes ont \u00e9t\u00e9 arr\u00eat\u00e9es dans un village de Some&#8217;eh Sara, dans la province de Guilan. Les trois militantes des droits des femmes, Mahrokh Rousta, Jelveh Javaheri et Forough Samei-Nia, sont toujours en d\u00e9tention et n&#8217;ont pas \u00e9t\u00e9 lib\u00e9r\u00e9es.<\/p>\n","protected":false},"excerpt":{"rendered":"<p>CNRI Femmes &#8211; Amnesty International a lanc\u00e9 un appel public en faveur de la lib\u00e9ration des personnes arr\u00eat\u00e9es arbitrairement lors du soul\u00e8vement de novembre en Iran. Le 28 d\u00e9cembre 2019, Amnesty International a mis en garde contre la possibilit\u00e9 que des manifestants d\u00e9tenus en Iran soient tortur\u00e9s et maltrait\u00e9s et a lanc\u00e9 un appel public [&hellip;]<\/p>\n","protected":false},"author":4,"featured_media":9429,"comment_status":"open","ping_status":"open","sticky":false,"template":"","format":"standard","meta":{"jnews-multi-image_gallery":[],"jnews_single_post":{"source_name":"","source_url":"","via_name":"","via_url":"","override_template":"0","override":[{"template":"1","single_blog_custom":"","parallax":"1","fullscreen":"0","layout":"right-sidebar","sidebar":"default-sidebar","second_sidebar":"default-sidebar","sticky_sidebar":"1","share_position":"top","share_float_style":"share-monocrhome","show_share_counter":"1","show_view_counter":"1","show_featured":"1","show_post_meta":"1","show_post_author":"1","show_post_author_image":"1","show_post_date":"1","post_date_format":"default","post_date_format_custom":"Y\/m\/d","show_post_category":"1","show_post_reading_time":"0","post_reading_time_wpm":"300","show_zoom_button":"0","zoom_button_out_step":"2","zoom_button_in_step":"3","show_post_tag":"1","show_prev_next_post":"1","show_popup_post":"1","number_popup_post":"1","show_author_box":"0","show_post_related":"0","show_inline_post_related":"0"}],"override_image_size":"0","image_override":[{"single_post_thumbnail_size":"crop-500","single_post_gallery_size":"crop-500"}],"trending_post":"0","trending_post_position":"meta","trending_post_label":"Trending"},"jnews_primary_category":{"id":""},"jnews_social_meta":[],"jnews_override_counter":{"override_view_counter":"0","view_counter_number":"0","override_share_counter":"0","share_counter_number":"0","override_like_counter":"0","like_counter_number":"0","override_dislike_counter":"0","dislike_counter_number":"0"},"footnotes":""},"categories":[3],"tags":[],"class_list":["post-9428","post","type-post","status-publish","format-standard","has-post-thumbnail","hentry","category-infos-des-femmes"],"_links":{"self":[{"href":"https:\/\/wncri.org\/fr\/wp-json\/wp\/v2\/posts\/9428","targetHints":{"allow":["GET"]}}],"collection":[{"href":"https:\/\/wncri.org\/fr\/wp-json\/wp\/v2\/posts"}],"about":[{"href":"https:\/\/wncri.org\/fr\/wp-json\/wp\/v2\/types\/post"}],"author":[{"embeddable":true,"href":"https:\/\/wncri.org\/fr\/wp-json\/wp\/v2\/users\/4"}],"replies":[{"embeddable":true,"href":"https:\/\/wncri.org\/fr\/wp-json\/wp\/v2\/comments?post=9428"}],"version-history":[{"count":0,"href":"https:\/\/wncri.org\/fr\/wp-json\/wp\/v2\/posts\/9428\/revisions"}],"wp:featuredmedia":[{"embeddable":true,"href":"https:\/\/wncri.org\/fr\/wp-json\/wp\/v2\/media\/9429"}],"wp:attachment":[{"href":"https:\/\/wncri.org\/fr\/wp-json\/wp\/v2\/media?parent=9428"}],"wp:term":[{"taxonomy":"category","embeddable":true,"href":"https:\/\/wncri.org\/fr\/wp-json\/wp\/v2\/categories?post=9428"},{"taxonomy":"post_tag","embeddable":true,"href":"https:\/\/wncri.org\/fr\/wp-json\/wp\/v2\/tags?post=9428"}],"curies":[{"name":"wp","href":"https:\/\/api.w.org\/{rel}","templated":true}]}}