{"id":9389,"date":"2019-12-24T23:00:19","date_gmt":"2019-12-24T22:00:19","guid":{"rendered":"https:\/\/wncri.org\/fr\/?p=9389"},"modified":"2019-12-25T23:29:15","modified_gmt":"2019-12-25T22:29:15","slug":"un-groupe-de-retraites-commemore-les-martyrs-du-soulevement-a-teheran","status":"publish","type":"post","link":"https:\/\/wncri.org\/fr\/2019\/12\/24\/un-groupe-de-retraites-commemore-les-martyrs-du-soulevement-a-teheran\/","title":{"rendered":"Un groupe de retrait\u00e9s comm\u00e9more les martyrs du soul\u00e8vement \u00e0 T\u00e9h\u00e9ran"},"content":{"rendered":"<p>CNRI Femmes &#8211; Un groupe de retrait\u00e9s a organis\u00e9 une manifestation \u00e0 T\u00e9h\u00e9ran devant le Parlement et a comm\u00e9mor\u00e9 les martyrs du soul\u00e8vement de novembre en brandissant leurs photos.<\/p>\n<p><img decoding=\"async\" class=\"alignnone wp-image-9390 size-full lazyload\" src=\"data:image\/gif;base64,R0lGODlhAQABAIAAAAAAAP\/\/\/yH5BAEAAAAALAAAAAABAAEAAAIBRAA7\" data-src=\"https:\/\/wncri.org\/fr\/wp-content\/uploads\/2019\/12\/group-of-retirees-2.jpg\" alt=\"Un groupe de retrait\u00e9s a organis\u00e9 une manifestation \u00e0 T\u00e9h\u00e9ran devant le \" width=\"750\" height=\"375\" \/><noscript><img decoding=\"async\" class=\"alignnone wp-image-9390 size-full lazyload\" src=\"https:\/\/wncri.org\/fr\/wp-content\/uploads\/2019\/12\/group-of-retirees-2.jpg\" alt=\"Un groupe de retrait\u00e9s a organis\u00e9 une manifestation \u00e0 T\u00e9h\u00e9ran devant le \" width=\"750\" height=\"375\" srcset=\"https:\/\/wncri.org\/fr\/wp-content\/uploads\/2019\/12\/group-of-retirees-2.jpg 750w, https:\/\/wncri.org\/fr\/wp-content\/uploads\/2019\/12\/group-of-retirees-2-300x150.jpg 300w, https:\/\/wncri.org\/fr\/wp-content\/uploads\/2019\/12\/group-of-retirees-2-360x180.jpg 360w\" sizes=\"(max-width: 750px) 100vw, 750px\" \/><\/noscript><\/p>\n<p>Un groupe de retrait\u00e9s a organis\u00e9 un rassemblement de protestation et a brandi les photos des martyrs du soul\u00e8vement iranien, dont les adolescentes <a href=\"https:\/\/wncri.org\/fr\/2019\/12\/16\/1500-manifestants-tues-durant-le-soulevement-dont-29-femmes-a-ce-jour\/\" target=\"_blank\" rel=\"noopener noreferrer\">Nikta Esfandani<\/a> et Mahnaz Mehdizadeh, le lundi 23 d\u00e9cembre 2019. Ils ont dit \u00eatre l\u00e0 pour r\u00e9clamer leurs droits pi\u00e9tin\u00e9s, pour transmettre les demandes des innocents \u00e0 ceux qui n&#8217;entendent pas ou ne voient pas l&#8217;oppression des personnes spoli\u00e9es.<\/p>\n<p>Les retrait\u00e9s ont d\u00e9clar\u00e9 dans leur rassemblement qu&#8217;ils se joignaient au soul\u00e8vement national du peuple d&#8217;Iran. Les femmes ont particip\u00e9 activement. Elles scandaient : \u00ab\u00a0A bas le dictateur\u00a0\u00bb et \u00ab\u00a0Dictateur, honte \u00e0 toi, d\u00e9gage du pays\u00a0\u00bb.<\/p>\n<p>Les retrait\u00e9s ont r\u00e9p\u00e9t\u00e9 qu&#8217;ils continueront leurs protestations et ne se rendront pas aux forces de s\u00e9curit\u00e9 tant que leurs demandes n&#8217;auront pas \u00e9t\u00e9 satisfaites.<\/p>\n<p>Le porte-parole de ce rassemblement a d\u00e9clar\u00e9 : \u00ab\u00a0Nous crions dans les rues. Nous ne vous supplions pas. Nous r\u00e9clamons nos droits. Vous, le gouvernement, vous nous \u00eates redevables. Nous avons travaill\u00e9 et pein\u00e9 dans ce pays pendant 30 ans&#8230; Vos forces de s\u00e9curit\u00e9 frappent les enseignants et les p\u00e8res (\u00e2g\u00e9s) dans la poitrine.\u00a0\u00bb<\/p>\n<p>Toujours le lundi 23 d\u00e9cembre 2019, les \u00e9pargnants escroqu\u00e9s par le Cr\u00e9dit Caspian, banque li\u00e9e aux gardiens de la r\u00e9volution, et le cr\u00e9dit Arman de T\u00e9h\u00e9ran, ont tenu un rassemblement devant le parquet pour protester contre la spoliation de leurs biens et de leurs richesses.<\/p>\n<p><img decoding=\"async\" class=\"aligncenter wp-image-9392 size-jnews-360x180 lazyload\" src=\"data:image\/gif;base64,R0lGODlhAQABAIAAAAAAAP\/\/\/yH5BAEAAAAALAAAAAABAAEAAAIBRAA7\" data-src=\"https:\/\/wncri.org\/fr\/wp-content\/uploads\/2019\/12\/teachers-protest-300x185-1-300x180.jpg\" alt=\"Toujours le lundi 23 d\u00e9cembre 2019, les \u00e9pargnants escroqu\u00e9s par le Cr\u00e9dit Caspian\" width=\"300\" height=\"180\" \/><noscript><img decoding=\"async\" class=\"aligncenter wp-image-9392 size-jnews-360x180 lazyload\" src=\"https:\/\/wncri.org\/fr\/wp-content\/uploads\/2019\/12\/teachers-protest-300x185-1-300x180.jpg\" alt=\"Toujours le lundi 23 d\u00e9cembre 2019, les \u00e9pargnants escroqu\u00e9s par le Cr\u00e9dit Caspian\" width=\"300\" height=\"180\" \/><\/noscript><\/p>\n<p><img decoding=\"async\" class=\"aligncenter wp-image-9393 size-full lazyload\" src=\"data:image\/gif;base64,R0lGODlhAQABAIAAAAAAAP\/\/\/yH5BAEAAAAALAAAAAABAAEAAAIBRAA7\" data-src=\"https:\/\/wncri.org\/fr\/wp-content\/uploads\/2019\/12\/teachers-protest-Marivan-300x263-1.jpg\" alt=\"politiques et ont appel\u00e9 \u00e0 une \u00e9ducation libre et \u00e9quitable pour tous\" width=\"300\" height=\"263\" \/><noscript><img decoding=\"async\" class=\"aligncenter wp-image-9393 size-full lazyload\" src=\"https:\/\/wncri.org\/fr\/wp-content\/uploads\/2019\/12\/teachers-protest-Marivan-300x263-1.jpg\" alt=\"politiques et ont appel\u00e9 \u00e0 une \u00e9ducation libre et \u00e9quitable pour tous\" width=\"300\" height=\"263\" \/><\/noscript><\/p>\n<p>Le lundi 23 d\u00e9cembre 2019, des enseignants ont organis\u00e9 un sit-in de protestation dans de nombreuses villes d&#8217;Iran pour exprimer leur soutien et leur solidarit\u00e9 avec les retrait\u00e9s et protester contre leurs conditions de vie mis\u00e9rable. Ils ont exig\u00e9 la lib\u00e9ration des prisonniers politiques et ont appel\u00e9 \u00e0 une \u00e9ducation libre et \u00e9quitable pour tous.<\/p>\n","protected":false},"excerpt":{"rendered":"<p>CNRI Femmes &#8211; Un groupe de retrait\u00e9s a organis\u00e9 une manifestation \u00e0 T\u00e9h\u00e9ran devant le Parlement et a comm\u00e9mor\u00e9 les martyrs du soul\u00e8vement de novembre en brandissant leurs photos. Un groupe de retrait\u00e9s a organis\u00e9 un rassemblement de protestation et a brandi les photos des martyrs du soul\u00e8vement iranien, dont les adolescentes Nikta Esfandani et [&hellip;]<\/p>\n","protected":false},"author":4,"featured_media":9391,"comment_status":"open","ping_status":"open","sticky":false,"template":"","format":"standard","meta":{"jnews-multi-image_gallery":[],"jnews_single_post":{"source_name":"","source_url":"","via_name":"","via_url":"","override_template":"0","override":[{"template":"1","single_blog_custom":"","parallax":"1","fullscreen":"0","layout":"right-sidebar","sidebar":"default-sidebar","second_sidebar":"default-sidebar","sticky_sidebar":"1","share_position":"top","share_float_style":"share-monocrhome","show_share_counter":"1","show_view_counter":"1","show_featured":"1","show_post_meta":"1","show_post_author":"1","show_post_author_image":"1","show_post_date":"1","post_date_format":"default","post_date_format_custom":"Y\/m\/d","show_post_category":"1","show_post_reading_time":"0","post_reading_time_wpm":"300","show_zoom_button":"0","zoom_button_out_step":"2","zoom_button_in_step":"3","show_post_tag":"1","show_prev_next_post":"1","show_popup_post":"1","number_popup_post":"1","show_author_box":"0","show_post_related":"0","show_inline_post_related":"0"}],"override_image_size":"0","image_override":[{"single_post_thumbnail_size":"crop-500","single_post_gallery_size":"crop-500"}],"trending_post":"0","trending_post_position":"meta","trending_post_label":"Trending"},"jnews_primary_category":{"id":""},"jnews_social_meta":[],"jnews_override_counter":{"override_view_counter":"0","view_counter_number":"0","override_share_counter":"0","share_counter_number":"0","override_like_counter":"0","like_counter_number":"0","override_dislike_counter":"0","dislike_counter_number":"0"},"footnotes":""},"categories":[3],"tags":[],"class_list":["post-9389","post","type-post","status-publish","format-standard","has-post-thumbnail","hentry","category-infos-des-femmes"],"_links":{"self":[{"href":"https:\/\/wncri.org\/fr\/wp-json\/wp\/v2\/posts\/9389","targetHints":{"allow":["GET"]}}],"collection":[{"href":"https:\/\/wncri.org\/fr\/wp-json\/wp\/v2\/posts"}],"about":[{"href":"https:\/\/wncri.org\/fr\/wp-json\/wp\/v2\/types\/post"}],"author":[{"embeddable":true,"href":"https:\/\/wncri.org\/fr\/wp-json\/wp\/v2\/users\/4"}],"replies":[{"embeddable":true,"href":"https:\/\/wncri.org\/fr\/wp-json\/wp\/v2\/comments?post=9389"}],"version-history":[{"count":0,"href":"https:\/\/wncri.org\/fr\/wp-json\/wp\/v2\/posts\/9389\/revisions"}],"wp:featuredmedia":[{"embeddable":true,"href":"https:\/\/wncri.org\/fr\/wp-json\/wp\/v2\/media\/9391"}],"wp:attachment":[{"href":"https:\/\/wncri.org\/fr\/wp-json\/wp\/v2\/media?parent=9389"}],"wp:term":[{"taxonomy":"category","embeddable":true,"href":"https:\/\/wncri.org\/fr\/wp-json\/wp\/v2\/categories?post=9389"},{"taxonomy":"post_tag","embeddable":true,"href":"https:\/\/wncri.org\/fr\/wp-json\/wp\/v2\/tags?post=9389"}],"curies":[{"name":"wp","href":"https:\/\/api.w.org\/{rel}","templated":true}]}}