{"id":9317,"date":"2019-12-10T23:32:48","date_gmt":"2019-12-10T22:32:48","guid":{"rendered":"https:\/\/wncri.org\/fr\/?p=9317"},"modified":"2019-12-18T15:30:58","modified_gmt":"2019-12-18T14:30:58","slug":"en-ce-jour-des-droits-de-lhomme-qui-entend-les-cris-de-la-jeunesse-iranienne","status":"publish","type":"post","link":"https:\/\/wncri.org\/fr\/2019\/12\/10\/en-ce-jour-des-droits-de-lhomme-qui-entend-les-cris-de-la-jeunesse-iranienne\/","title":{"rendered":"En ce jour des Droits de l\u2019Homme, qui entend les cris de la jeunesse iranienne?"},"content":{"rendered":"<p>La Journ\u00e9e des Droits de l&#8217;Homme, anniversaire de l&#8217;adoption de la D\u00e9claration universelle des Droits de l&#8217;Homme le 10 d\u00e9cembre 1948, et le th\u00e8me de cette ann\u00e9e consacr\u00e9 au <a href=\"https:\/\/www.un.org\/fr\/observances\/human-rights-day\" target=\"_blank\" rel=\"noopener noreferrer\">r\u00f4le de la jeunesse<\/a> dans la d\u00e9fense des droits humains, est un moment opportun pour parler au nom des personnes non arm\u00e9es, et des jeunes iraniens sans d\u00e9fense qui sont massacr\u00e9s par le r\u00e9gime th\u00e9ocratique, pour avoir protest\u00e9 pendant 40 ans contre leur gouvernement corrompu.<\/p>\n<p>&nbsp;<\/p>\n<h4><strong>Une image extr\u00eamement inqui\u00e9tante.<\/strong><\/h4>\n<p>&nbsp;<\/p>\n<p>Alors que les d\u00e9tails des massacres s&#8217;\u00e9coulent apr\u00e8s des jours de fermeture totale d&#8217;Internet en Iran, nous entendons parler de crimes horribles contre l&#8217;humanit\u00e9. Comme l&#8217;a dit la Haut-Commissaire des Nations Unies aux droits de l&#8217;homme, \u00ab l\u2019image qui \u00e9merge actuellement de l&#8217;Iran est extr\u00eamement inqui\u00e9tante\u00a0\u00bb.<\/p>\n<p>Une femme enceinte et m\u00e8re d&#8217;un fils de 8 ans qui re\u00e7oit une balle dans la t\u00eate par un tireur d&#8217;\u00e9lite pour s&#8217;\u00eatre arr\u00eat\u00e9 afin d&#8217;aider un homme bless\u00e9 tomb\u00e9 au sol.<\/p>\n<p>Un jeune homme abattu par trois agents en civil \u00e0 bout portant, tombe \u00e0 terre et un autre agent le frappe avec une hache.<\/p>\n<p><a href=\"https:\/\/wncri.org\/fr\/2019\/11\/26\/nikta-esfandani-14-ans-parmi-les-450-tues-du-soulevement-en-iran\/\" target=\"_blank\" rel=\"noopener noreferrer\">Une adolescente de 14<\/a> ans re\u00e7oit une balle en pleine t\u00eate dans une rue du centre de T\u00e9h\u00e9ran.<\/p>\n<p>Une femme enceinte est tu\u00e9e par balle \u00e0 Saveh, et une jeune m\u00e8re de trois enfants est touch\u00e9e \u00e0 la nuque alors qu&#8217;elle se penchait pour aider un jeune homme bless\u00e9.<\/p>\n<p>Une jeune femme a \u00e9t\u00e9 tortur\u00e9e \u00e0 mort \u00e0 Abadan et son corps sans vie a \u00e9t\u00e9 abandonn\u00e9 devant le domicile de son p\u00e8re.<\/p>\n<p>Des gens qui se cachent dans les marais de Mahshahr pour \u00e9chapper aux forces de s\u00e9curit\u00e9, sont abattus \u00e0 la mitrailleuse et au moins 100 personnes, dont des femmes et des enfants, sont tu\u00e9s.<\/p>\n<p>Une m\u00e8re de six enfants \u00e2g\u00e9e de 59 ans est atteinte par des balles alors qu&#8217;elle observait les manifestations depuis sa terrasse.<\/p>\n<p>Un rapport de la prison de Marivan au Kurdistan iranien a indiqu\u00e9 qu&#8217;une femme avait \u00e9t\u00e9 tu\u00e9e sous la torture. D&#8217;autres rapports indiquent que des prisonniers sont violemment tortur\u00e9s \u00e0 mort.<\/p>\n<p>La majorit\u00e9 des personnes tu\u00e9es \u00e9taient des jeunes, dont des dizaines de moins de 18 ans.<\/p>\n<p><img decoding=\"async\" class=\"alignnone wp-image-9320 size-full lazyload\" src=\"data:image\/gif;base64,R0lGODlhAQABAIAAAAAAAP\/\/\/yH5BAEAAAAALAAAAAABAAEAAAIBRAA7\" data-src=\"https:\/\/wncri.org\/fr\/wp-content\/uploads\/2019\/12\/Eight-women-slain_EN-min.jpg\" alt=\"L'un des crimes les plus horribles du 21e si\u00e8cle.\" width=\"750\" height=\"375\" \/><noscript><img decoding=\"async\" class=\"alignnone wp-image-9320 size-full lazyload\" src=\"https:\/\/wncri.org\/fr\/wp-content\/uploads\/2019\/12\/Eight-women-slain_EN-min.jpg\" alt=\"L'un des crimes les plus horribles du 21e si\u00e8cle.\" width=\"750\" height=\"375\" srcset=\"https:\/\/wncri.org\/fr\/wp-content\/uploads\/2019\/12\/Eight-women-slain_EN-min.jpg 750w, https:\/\/wncri.org\/fr\/wp-content\/uploads\/2019\/12\/Eight-women-slain_EN-min-300x150.jpg 300w, https:\/\/wncri.org\/fr\/wp-content\/uploads\/2019\/12\/Eight-women-slain_EN-min-360x180.jpg 360w\" sizes=\"(max-width: 750px) 100vw, 750px\" \/><\/noscript><\/p>\n<h4><strong>L&#8217;un des crimes les plus horribles du 21e si\u00e8cle.<\/strong><\/h4>\n<p>&nbsp;<\/p>\n<p>La Haut-Commissaire des Nations Unies aux droits de l&#8217;homme a d\u00e9clar\u00e9 que les forces de s\u00e9curit\u00e9 iraniennes \u00ab tiraient pour tuer \u00bb des manifestants non arm\u00e9s, les visant dans le dos ou depuis le toit des b\u00e2timents gouvernementaux. Michelle Bachelet a confirm\u00e9 que \u00ab ce sont des violations manifestes des normes et standards internationaux sur le recours \u00e0 la force et des violations graves des droits de l\u2019homme \u00bb. Elle a qualifi\u00e9 le recours excessif \u00e0 la force par le r\u00e9gime iranien de \u00ab r\u00e9action aveugle, horrible et mortelle de la s\u00e9curit\u00e9 les forces\u00a0\u00bb.<\/p>\n<p>On estime que plus de 1500 personnes ont \u00e9t\u00e9 tu\u00e9es lors des manifestations de la mi-novembre en Iran. Plus de 4 000 ont \u00e9t\u00e9 bless\u00e9es et 12 000 arr\u00eat\u00e9es.<\/p>\n<p>La mort d&#8217;au moins 29 femmes a \u00e9t\u00e9 corrobor\u00e9e. Incluant des femmes \u00e2g\u00e9es et d&#8217;\u00e2ge moyen, deux femmes enceintes et trois adolescentes, trois m\u00e8res de jeunes enfants, une infirmi\u00e8re et une femme chef de famille.<\/p>\n<p>Les crimes commis par le r\u00e9gime et les massacres horribles sont l&#8217;un des crimes les plus horribles du 21e si\u00e8cle.<\/p>\n<p>&nbsp;<\/p>\n<h4><strong>Le monde doit agir pour mettre fin aux tueries et \u00e0 la torture.<\/strong><\/h4>\n<p>&nbsp;<\/p>\n<p>Les manifestants iraniens n\u2019ont fait que ce qui est mentionn\u00e9 dans le pr\u00e9ambule de la D\u00e9claration universelle des droits de l&#8217;homme, \u00e0 savoir qu&#8217;ils ont choisi \u00ab en dernier recours, la r\u00e9bellion contre la tyrannie et l&#8217;oppression \u00bb.<\/p>\n<p>Le monde est rest\u00e9 silencieux en 1988 lors du massacre de 30 000 prisonniers politiques en Iran. Les appels \u00e0 l&#8217;arr\u00eat du g\u00e9nocide sont tomb\u00e9s dans l&#8217;oreille d&#8217;un sourd et les auteurs du massacre ont \u00e9chapp\u00e9 aux poursuites et \u00e0 toute forme de responsabilit\u00e9.<\/p>\n<p>Apr\u00e8s 31 ans, il est temps que la communaut\u00e9 mondiale r\u00e9agisse comme il se doit aux crimes contre l&#8217;humanit\u00e9 commis par les dirigeants iraniens, les m\u00eames responsables du massacre de 1988. Le monde doit mettre fin \u00e0 cette impunit\u00e9. Le Conseil de s\u00e9curit\u00e9 de l&#8217;ONU doit d\u00e9clarer les dirigeants du r\u00e9gime iranien, y compris le guide supr\u00eame des Ali Khamenei, son pr\u00e9sident Hassan Rohani et le chef du pouvoir judiciaire, Ebrahim Ra\u00efssi, comme des criminels contre l&#8217;humanit\u00e9 et les traduire en justice.<\/p>\n<p><img decoding=\"async\" class=\"alignnone wp-image-9319 size-full lazyload\" src=\"data:image\/gif;base64,R0lGODlhAQABAIAAAAAAAP\/\/\/yH5BAEAAAAALAAAAAABAAEAAAIBRAA7\" data-src=\"https:\/\/wncri.org\/fr\/wp-content\/uploads\/2019\/12\/Human-Rights-Day-UN_FR-min.jpg\" alt=\"Le monde doit agir pour mettre fin aux tueries et \u00e0 la torture.\" width=\"750\" height=\"375\" \/><noscript><img decoding=\"async\" class=\"alignnone wp-image-9319 size-full lazyload\" src=\"https:\/\/wncri.org\/fr\/wp-content\/uploads\/2019\/12\/Human-Rights-Day-UN_FR-min.jpg\" alt=\"Le monde doit agir pour mettre fin aux tueries et \u00e0 la torture.\" width=\"750\" height=\"375\" srcset=\"https:\/\/wncri.org\/fr\/wp-content\/uploads\/2019\/12\/Human-Rights-Day-UN_FR-min.jpg 750w, https:\/\/wncri.org\/fr\/wp-content\/uploads\/2019\/12\/Human-Rights-Day-UN_FR-min-300x150.jpg 300w, https:\/\/wncri.org\/fr\/wp-content\/uploads\/2019\/12\/Human-Rights-Day-UN_FR-min-360x180.jpg 360w\" sizes=\"(max-width: 750px) 100vw, 750px\" \/><\/noscript><\/p>\n<p>L&#8217;ONU doit imm\u00e9diatement envoyer des missions d&#8217;enqu\u00eate en Iran pour arr\u00eater les massacres et la torture, et enqu\u00eater sur les circonstances de la mort, des blessures et de la d\u00e9tention de manifestants iraniens.<strong>\u00a0<\/strong><\/p>\n<p>Tout silence et inaction sur le carnage en cours en Iran est interpr\u00e9t\u00e9 par les dirigeants de T\u00e9h\u00e9ran comme un feu vert pour intensifier leurs atrocit\u00e9s, en particulier contre les jeunes qui veulent un changement de r\u00e9gime et ne tol\u00e8rent plus l\u2019oppression. Ils veulent b\u00e9n\u00e9ficier de leurs droits humains fondamentaux\u00a0: le droit \u00e0 la vie, \u00e0 l&#8217;\u00e9ducation, \u00e0 la libert\u00e9 d&#8217;expression, de pens\u00e9e et d&#8217;opinion. Ils aspirent \u00e0 \u00ab un niveau de vie suffisant pour la sant\u00e9 et le bien-\u00eatre individuel et familial, incluant aussi l&#8217;alimentation, l&#8217;habillement, le logement, les soins m\u00e9dicaux et les services sociaux \u00e9l\u00e9mentaires\u00a0\u00bb.<\/p>\n<p>Le monde doit entendre la voix du peuple iranien, des femmes et de sa jeunesse massacr\u00e9e par milliers. Le monde doit se tenir \u00e0 leurs c\u00f4t\u00e9s et reconna\u00eetre leur droit \u00ab en dernier recours, \u00e0 la r\u00e9bellion contre la tyrannie et l\u2019oppression \u00bb.<\/p>\n<p>&nbsp;<\/p>\n","protected":false},"excerpt":{"rendered":"<p>La Journ\u00e9e des Droits de l&#8217;Homme, anniversaire de l&#8217;adoption de la D\u00e9claration universelle des Droits de l&#8217;Homme le 10 d\u00e9cembre 1948, et le th\u00e8me de cette ann\u00e9e consacr\u00e9 au r\u00f4le de la jeunesse dans la d\u00e9fense des droits humains, est un moment opportun pour parler au nom des personnes non arm\u00e9es, et des jeunes iraniens [&hellip;]<\/p>\n","protected":false},"author":4,"featured_media":9318,"comment_status":"open","ping_status":"open","sticky":false,"template":"","format":"standard","meta":{"jnews-multi-image_gallery":[],"jnews_single_post":{"source_name":"","source_url":"","via_name":"","via_url":"","override_template":"0","override":[{"template":"1","single_blog_custom":"","parallax":"1","fullscreen":"0","layout":"right-sidebar","sidebar":"default-sidebar","second_sidebar":"default-sidebar","sticky_sidebar":"1","share_position":"top","share_float_style":"share-monocrhome","show_share_counter":"1","show_view_counter":"1","show_featured":"1","show_post_meta":"1","show_post_author":"1","show_post_author_image":"1","show_post_date":"1","post_date_format":"default","post_date_format_custom":"Y\/m\/d","show_post_category":"1","show_post_reading_time":"0","post_reading_time_wpm":"300","show_zoom_button":"0","zoom_button_out_step":"2","zoom_button_in_step":"3","show_post_tag":"1","show_prev_next_post":"1","show_popup_post":"1","number_popup_post":"1","show_author_box":"0","show_post_related":"0","show_inline_post_related":"0"}],"override_image_size":"0","image_override":[{"single_post_thumbnail_size":"crop-500","single_post_gallery_size":"crop-500"}],"trending_post":"0","trending_post_position":"meta","trending_post_label":"Trending"},"jnews_primary_category":{"id":""},"jnews_social_meta":[],"jnews_override_counter":{"override_view_counter":"0","view_counter_number":"0","override_share_counter":"0","share_counter_number":"0","override_like_counter":"0","like_counter_number":"0","override_dislike_counter":"0","dislike_counter_number":"0"},"footnotes":""},"categories":[8],"tags":[],"class_list":["post-9317","post","type-post","status-publish","format-standard","has-post-thumbnail","hentry","category-articles"],"_links":{"self":[{"href":"https:\/\/wncri.org\/fr\/wp-json\/wp\/v2\/posts\/9317","targetHints":{"allow":["GET"]}}],"collection":[{"href":"https:\/\/wncri.org\/fr\/wp-json\/wp\/v2\/posts"}],"about":[{"href":"https:\/\/wncri.org\/fr\/wp-json\/wp\/v2\/types\/post"}],"author":[{"embeddable":true,"href":"https:\/\/wncri.org\/fr\/wp-json\/wp\/v2\/users\/4"}],"replies":[{"embeddable":true,"href":"https:\/\/wncri.org\/fr\/wp-json\/wp\/v2\/comments?post=9317"}],"version-history":[{"count":0,"href":"https:\/\/wncri.org\/fr\/wp-json\/wp\/v2\/posts\/9317\/revisions"}],"wp:featuredmedia":[{"embeddable":true,"href":"https:\/\/wncri.org\/fr\/wp-json\/wp\/v2\/media\/9318"}],"wp:attachment":[{"href":"https:\/\/wncri.org\/fr\/wp-json\/wp\/v2\/media?parent=9317"}],"wp:term":[{"taxonomy":"category","embeddable":true,"href":"https:\/\/wncri.org\/fr\/wp-json\/wp\/v2\/categories?post=9317"},{"taxonomy":"post_tag","embeddable":true,"href":"https:\/\/wncri.org\/fr\/wp-json\/wp\/v2\/tags?post=9317"}],"curies":[{"name":"wp","href":"https:\/\/api.w.org\/{rel}","templated":true}]}}