{"id":9291,"date":"2019-12-15T07:03:06","date_gmt":"2019-12-15T06:03:06","guid":{"rendered":"https:\/\/wncri.org\/fr\/?p=9291"},"modified":"2019-12-16T11:06:49","modified_gmt":"2019-12-16T10:06:49","slug":"dayeh-sharifeh-dedie-son-prix-aux-meres-des-tues-du-soulevement-en-iran","status":"publish","type":"post","link":"https:\/\/wncri.org\/fr\/2019\/12\/15\/dayeh-sharifeh-dedie-son-prix-aux-meres-des-tues-du-soulevement-en-iran\/","title":{"rendered":"Dayeh Sharifeh d\u00e9die son prix aux m\u00e8res des tu\u00e9s du soul\u00e8vement en Iran"},"content":{"rendered":"<p><strong>CNRI Femmes &#8211; <\/strong>Dayeh Sharifeh, de son vrai nom Sherafat Zarrini, a d\u00e9di\u00e9 son Prix Paix et R\u00e9conciliation aux m\u00e8res de tous les martyrs du soul\u00e8vement en Iran en novembre 2019.<\/p>\n<p>Dayeh Sahrifeh est la m\u00e8re du prisonnier politique kurde Ramin Hossein Panahi qui a \u00e9t\u00e9 ex\u00e9cut\u00e9 l&#8217;ann\u00e9e derni\u00e8re en septembre par la dictature religieuse.<\/p>\n<p>L&#8217;Organisation caritative pour la paix, une organisation officielle bas\u00e9e dans l&#8217;Autorit\u00e9 du Kurdistan irakien et \u00e0 Gen\u00e8ve, a d\u00e9cern\u00e9 son prix \u00e0 Dayeh Sharifeh pour ses efforts actifs en faveur de l\u2019abolition de la peine de mort en Iran et sa participation active \u00e0 la campagne de cl\u00e9mence du Kurdistan.<\/p>\n<p>Mme <a href=\"https:\/\/wncri.org\/fr\/2018\/09\/12\/denonciation-de-l-execution-de-trois-prisonniers-politiques-kurdes-en-iran\/\" target=\"_blank\" rel=\"noopener noreferrer\">Sherafat Zarrini<\/a>, connue sous le nom de Dayeh Sharifeh, dont le passeport a \u00e9t\u00e9 confisqu\u00e9 par le minist\u00e8re iranien du renseignement, n&#8217;a pas pu assister \u00e0 la c\u00e9r\u00e9monie pour recevoir son prix. Ainsi, son autre fils, Amjad Hossein Panahi, a-t-il re\u00e7u le prix \u00e0 la place de sa m\u00e8re. Dans un message de la part de sa m\u00e8re, il a annonc\u00e9 qu&#8217;elle d\u00e9diait son prix \u00e0 toutes les m\u00e8res qui ont perdu leurs enfants lors du soul\u00e8vement de novembre 2019 en Iran.<\/p>\n<p><img decoding=\"async\" class=\"alignnone wp-image-9293 size-full lazyload\" src=\"data:image\/gif;base64,R0lGODlhAQABAIAAAAAAAP\/\/\/yH5BAEAAAAALAAAAAABAAEAAAIBRAA7\" data-src=\"https:\/\/wncri.org\/fr\/wp-content\/uploads\/2019\/12\/park-laleh-750.jpg\" alt=\"Par ailleurs, les m\u00e8res de Laleh Park ont publi\u00e9 une d\u00e9claration sur les protestations \" width=\"750\" height=\"375\" \/><noscript><img decoding=\"async\" class=\"alignnone wp-image-9293 size-full lazyload\" src=\"https:\/\/wncri.org\/fr\/wp-content\/uploads\/2019\/12\/park-laleh-750.jpg\" alt=\"Par ailleurs, les m\u00e8res de Laleh Park ont publi\u00e9 une d\u00e9claration sur les protestations \" width=\"750\" height=\"375\" srcset=\"https:\/\/wncri.org\/fr\/wp-content\/uploads\/2019\/12\/park-laleh-750.jpg 750w, https:\/\/wncri.org\/fr\/wp-content\/uploads\/2019\/12\/park-laleh-750-300x150.jpg 300w, https:\/\/wncri.org\/fr\/wp-content\/uploads\/2019\/12\/park-laleh-750-360x180.jpg 360w\" sizes=\"(max-width: 750px) 100vw, 750px\" \/><\/noscript><\/p>\n<p>Par ailleurs, les m\u00e8res de Laleh Park ont publi\u00e9 une d\u00e9claration sur les protestations de novembre en Iran. Dans une partie de leur d\u00e9claration, elles ont \u00e9crit : &#8220;Il n&#8217;y a pas de points positifs dans le bilan des voyous au pouvoir en Iran qui sont plong\u00e9s dans la corruption. Ils sont bien conscients du rejet profond qu\u2019ils inspirent \u00e0 la population.&#8221;<\/p>\n<p>Les m\u00e8res de Laleh Park ont \u00e9galement d\u00e9nonc\u00e9 les meurtres et la r\u00e9pression des manifestants et ont \u00e9crit\u00a0: &#8221;\u00a0Les forces de s\u00e9curit\u00e9 du r\u00e9gime ont \u00e9t\u00e9 les plus violentes dans leurs rapports avec les gens. Pas un instant ne se passe sans que nous entendions parler du meurtre, des blessures et de l&#8217;arrestation de manifestants.&#8221;<\/p>\n<p>Les m\u00e8res de Laleh Park demandent la lib\u00e9ration inconditionnelle de tous les prisonniers et l&#8217;abolition de la loi sur la torture et la peine de mort.<\/p>\n","protected":false},"excerpt":{"rendered":"<p>CNRI Femmes &#8211; Dayeh Sharifeh, de son vrai nom Sherafat Zarrini, a d\u00e9di\u00e9 son Prix Paix et R\u00e9conciliation aux m\u00e8res de tous les martyrs du soul\u00e8vement en Iran en novembre 2019. Dayeh Sahrifeh est la m\u00e8re du prisonnier politique kurde Ramin Hossein Panahi qui a \u00e9t\u00e9 ex\u00e9cut\u00e9 l&#8217;ann\u00e9e derni\u00e8re en septembre par la dictature religieuse. [&hellip;]<\/p>\n","protected":false},"author":4,"featured_media":9292,"comment_status":"open","ping_status":"open","sticky":false,"template":"","format":"standard","meta":{"jnews-multi-image_gallery":[],"jnews_single_post":{"source_name":"","source_url":"","via_name":"","via_url":"","override_template":"0","override":[{"template":"1","single_blog_custom":"","parallax":"1","fullscreen":"0","layout":"right-sidebar","sidebar":"default-sidebar","second_sidebar":"default-sidebar","sticky_sidebar":"1","share_position":"top","share_float_style":"share-monocrhome","show_share_counter":"1","show_view_counter":"1","show_featured":"1","show_post_meta":"1","show_post_author":"1","show_post_author_image":"1","show_post_date":"1","post_date_format":"default","post_date_format_custom":"Y\/m\/d","show_post_category":"1","show_post_reading_time":"0","post_reading_time_wpm":"300","show_zoom_button":"0","zoom_button_out_step":"2","zoom_button_in_step":"3","show_post_tag":"1","show_prev_next_post":"1","show_popup_post":"1","number_popup_post":"1","show_author_box":"0","show_post_related":"0","show_inline_post_related":"0"}],"override_image_size":"0","image_override":[{"single_post_thumbnail_size":"crop-500","single_post_gallery_size":"crop-500"}],"trending_post":"0","trending_post_position":"meta","trending_post_label":"Trending"},"jnews_primary_category":{"id":""},"jnews_social_meta":[],"jnews_override_counter":{"override_view_counter":"0","view_counter_number":"0","override_share_counter":"0","share_counter_number":"0","override_like_counter":"0","like_counter_number":"0","override_dislike_counter":"0","dislike_counter_number":"0"},"footnotes":""},"categories":[3],"tags":[],"class_list":["post-9291","post","type-post","status-publish","format-standard","has-post-thumbnail","hentry","category-infos-des-femmes"],"_links":{"self":[{"href":"https:\/\/wncri.org\/fr\/wp-json\/wp\/v2\/posts\/9291","targetHints":{"allow":["GET"]}}],"collection":[{"href":"https:\/\/wncri.org\/fr\/wp-json\/wp\/v2\/posts"}],"about":[{"href":"https:\/\/wncri.org\/fr\/wp-json\/wp\/v2\/types\/post"}],"author":[{"embeddable":true,"href":"https:\/\/wncri.org\/fr\/wp-json\/wp\/v2\/users\/4"}],"replies":[{"embeddable":true,"href":"https:\/\/wncri.org\/fr\/wp-json\/wp\/v2\/comments?post=9291"}],"version-history":[{"count":0,"href":"https:\/\/wncri.org\/fr\/wp-json\/wp\/v2\/posts\/9291\/revisions"}],"wp:featuredmedia":[{"embeddable":true,"href":"https:\/\/wncri.org\/fr\/wp-json\/wp\/v2\/media\/9292"}],"wp:attachment":[{"href":"https:\/\/wncri.org\/fr\/wp-json\/wp\/v2\/media?parent=9291"}],"wp:term":[{"taxonomy":"category","embeddable":true,"href":"https:\/\/wncri.org\/fr\/wp-json\/wp\/v2\/categories?post=9291"},{"taxonomy":"post_tag","embeddable":true,"href":"https:\/\/wncri.org\/fr\/wp-json\/wp\/v2\/tags?post=9291"}],"curies":[{"name":"wp","href":"https:\/\/api.w.org\/{rel}","templated":true}]}}