{"id":9243,"date":"2019-12-11T09:08:32","date_gmt":"2019-12-11T08:08:32","guid":{"rendered":"https:\/\/wncri.org\/fr\/?p=9243"},"modified":"2019-12-12T09:10:52","modified_gmt":"2019-12-12T08:10:52","slug":"des-avocates-des-droits-humains-inquietes-sur-le-sort-des-manifestants-arretes","status":"publish","type":"post","link":"https:\/\/wncri.org\/fr\/2019\/12\/11\/des-avocates-des-droits-humains-inquietes-sur-le-sort-des-manifestants-arretes\/","title":{"rendered":"Des avocates des droits humains inqui\u00e8tes sur le sort des manifestants arr\u00eat\u00e9s"},"content":{"rendered":"<p>CNRI Femmes &#8211; Deux avocates des droits humains incarc\u00e9r\u00e9es en Iran \u00e0 la prison d&#8217;Evine ont envoy\u00e9 des lettres exprimant leur inqui\u00e9tude sur la situation des personnes arr\u00eat\u00e9es lors des manifestations de novembre. Elles ont dit qu\u2019elles risquaient d&#8217;\u00eatre tortur\u00e9es et maltrait\u00e9es pour leur extorquer de faux aveux contre leur propre volont\u00e9.<\/p>\n<p>L&#8217;une de ces avocates est <a href=\"https:\/\/wncri.org\/fr\/2019\/03\/12\/nasrin-sotoudeh-avocate-des-droits-humains-condamnee-a-38-ans-de-prison-en-iran\/\" target=\"_blank\" rel=\"noopener noreferrer\">Nasrine Sotoudeh<\/a> dont la lettre a \u00e9t\u00e9 rendue publique le lundi 9 d\u00e9cembre 2019. Tout en d\u00e9non\u00e7ant les \u00ab\u00a0attaques impitoyables de la police et des forces de s\u00e9curit\u00e9\u00a0\u00bb contre les manifestants, elle a \u00e9crit : \u00ab\u00a0Les d\u00e9tenus n&#8217;ont pas acc\u00e8s aux avocats de leur choix ni \u00e0 une proc\u00e9dure r\u00e9guli\u00e8re. Des responsables gouvernementaux ont appel\u00e9 \u00e0 la diffusion d\u2019aveux t\u00e9l\u00e9vis\u00e9s de d\u00e9tenus contre eux-m\u00eames. On craint que certains d\u00e9tenus acceptent de le faire sous la pression physique et psychologique et la torture.\u00a0\u00bb<\/p>\n<p>Mme Sotoudeh a appel\u00e9 dans sa lettre \u00e0 \u00ab\u00a0<a href=\"https:\/\/www.maryam-rajavi.com\/fr\/item\/maryam-radjavi-plus-de-1000-tues-lors-du-soulevement-en-iran\" target=\"_blank\" rel=\"noopener noreferrer\">des enqu\u00eates ind\u00e9pendantes<\/a> en pr\u00e9sence de repr\u00e9sentants de confiance et d&#8217;avocats de personnes et de militants civils, avec l&#8217;intervention et sous l\u2019observation du <a href=\"https:\/\/ohchr.org\/EN\/NewsEvents\/Pages\/DisplayNews.aspx?NewsID=25393&amp;LangID=E\" target=\"_blank\" rel=\"noopener noreferrer\">Haut-Commissariat des Nations Unies<\/a> aux droits de l&#8217;homme et du Rapporteur sp\u00e9cial des Nations Unies sur les droits humains en Iran, pour poursuivre ceux qui ont ordonn\u00e9 et ex\u00e9cut\u00e9 le massacre des manifestants\u00a0\u00bb.<\/p>\n<p>Elle a exig\u00e9 que le r\u00e9gime iranien \u00ab annonce le plus t\u00f4t possible le nombre de victimes, de bless\u00e9s et de d\u00e9tenus\u00a0\u00bb durant les manifestations \u00ab\u00a0dont beaucoup sont d\u00e9tenus dans des conditions dangereuses\u00a0\u00bb.<\/p>\n<p>Elle a appel\u00e9 le r\u00e9gime cl\u00e9rical \u00e0 \u00ab\u00a0restituer les corps des victimes aux familles et \u00e0 leur permettre d&#8217;organiser des c\u00e9r\u00e9monies de deuil dans la dignit\u00e9\u00a0\u00bb.<\/p>\n<p>Elle a \u00e9galement exhort\u00e9 le r\u00e9gime \u00e0 \u00ab\u00a0cesser d&#8217;intimider les familles des victimes et des personnes d\u00e9tenues\u00a0\u00bb et \u00e0 \u00ab\u00a0garantir la libert\u00e9 de manifestation et de r\u00e9union\u00a0\u00bb.<\/p>\n<p>Soheila Hejab, avocate sp\u00e9cialis\u00e9e dans les droits de l&#8217;homme, a \u00e9galement \u00e9crit dans sa lettre : \u00ab\u00a0Je m&#8217;inqui\u00e8te pour mes compatriotes arr\u00eat\u00e9s lors des r\u00e9centes manifestations.\u00a0\u00bb<\/p>\n<p>Elle a condamn\u00e9 la r\u00e9pression des manifestations pacifiques et d\u00e9clar\u00e9\u00a0: \u00ab\u00a0Les autorit\u00e9s ne peuvent fermer les yeux sur la frustration de la population face au climat politique ferm\u00e9e en Iran. Notre peuple a fait ses adieux aux factions dures et r\u00e9formistes.\u00a0\u00bb<\/p>\n<p>Mme Hejab a appel\u00e9 \u00e0 \u00ab\u00a0une campagne pour la libert\u00e9 des prisonniers politiques\u00a0\u00bb pour \u00ab\u00a0pr\u00e9parer les circonstances de la lib\u00e9ration des personnes d\u00e9tenues\u00a0\u00bb.<\/p>\n<p>Parall\u00e8lement, 160 avocats et militants des droits humains ont sign\u00e9 une lettre de protestation contre la r\u00e9pression violente des manifestants lors du soul\u00e8vement de novembre 2019.<\/p>\n","protected":false},"excerpt":{"rendered":"<p>CNRI Femmes &#8211; Deux avocates des droits humains incarc\u00e9r\u00e9es en Iran \u00e0 la prison d&#8217;Evine ont envoy\u00e9 des lettres exprimant leur inqui\u00e9tude sur la situation des personnes arr\u00eat\u00e9es lors des manifestations de novembre. Elles ont dit qu\u2019elles risquaient d&#8217;\u00eatre tortur\u00e9es et maltrait\u00e9es pour leur extorquer de faux aveux contre leur propre volont\u00e9. L&#8217;une de ces [&hellip;]<\/p>\n","protected":false},"author":4,"featured_media":9245,"comment_status":"open","ping_status":"open","sticky":false,"template":"","format":"standard","meta":{"jnews-multi-image_gallery":[],"jnews_single_post":{"source_name":"","source_url":"","via_name":"","via_url":"","override_template":"0","override":[{"template":"1","single_blog_custom":"","parallax":"1","fullscreen":"0","layout":"right-sidebar","sidebar":"default-sidebar","second_sidebar":"default-sidebar","sticky_sidebar":"1","share_position":"top","share_float_style":"share-monocrhome","show_share_counter":"1","show_view_counter":"1","show_featured":"1","show_post_meta":"1","show_post_author":"1","show_post_author_image":"1","show_post_date":"1","post_date_format":"default","post_date_format_custom":"Y\/m\/d","show_post_category":"1","show_post_reading_time":"0","post_reading_time_wpm":"300","show_zoom_button":"0","zoom_button_out_step":"2","zoom_button_in_step":"3","show_post_tag":"1","show_prev_next_post":"1","show_popup_post":"1","number_popup_post":"1","show_author_box":"0","show_post_related":"0","show_inline_post_related":"0"}],"override_image_size":"0","image_override":[{"single_post_thumbnail_size":"crop-500","single_post_gallery_size":"crop-500"}],"trending_post":"0","trending_post_position":"meta","trending_post_label":"Trending"},"jnews_primary_category":{"id":""},"jnews_social_meta":[],"jnews_override_counter":{"override_view_counter":"0","view_counter_number":"0","override_share_counter":"0","share_counter_number":"0","override_like_counter":"0","like_counter_number":"0","override_dislike_counter":"0","dislike_counter_number":"0"},"footnotes":""},"categories":[3],"tags":[],"class_list":["post-9243","post","type-post","status-publish","format-standard","has-post-thumbnail","hentry","category-infos-des-femmes"],"_links":{"self":[{"href":"https:\/\/wncri.org\/fr\/wp-json\/wp\/v2\/posts\/9243","targetHints":{"allow":["GET"]}}],"collection":[{"href":"https:\/\/wncri.org\/fr\/wp-json\/wp\/v2\/posts"}],"about":[{"href":"https:\/\/wncri.org\/fr\/wp-json\/wp\/v2\/types\/post"}],"author":[{"embeddable":true,"href":"https:\/\/wncri.org\/fr\/wp-json\/wp\/v2\/users\/4"}],"replies":[{"embeddable":true,"href":"https:\/\/wncri.org\/fr\/wp-json\/wp\/v2\/comments?post=9243"}],"version-history":[{"count":0,"href":"https:\/\/wncri.org\/fr\/wp-json\/wp\/v2\/posts\/9243\/revisions"}],"wp:featuredmedia":[{"embeddable":true,"href":"https:\/\/wncri.org\/fr\/wp-json\/wp\/v2\/media\/9245"}],"wp:attachment":[{"href":"https:\/\/wncri.org\/fr\/wp-json\/wp\/v2\/media?parent=9243"}],"wp:term":[{"taxonomy":"category","embeddable":true,"href":"https:\/\/wncri.org\/fr\/wp-json\/wp\/v2\/categories?post=9243"},{"taxonomy":"post_tag","embeddable":true,"href":"https:\/\/wncri.org\/fr\/wp-json\/wp\/v2\/tags?post=9243"}],"curies":[{"name":"wp","href":"https:\/\/api.w.org\/{rel}","templated":true}]}}