{"id":9203,"date":"2019-12-06T11:34:21","date_gmt":"2019-12-06T10:34:21","guid":{"rendered":"https:\/\/wncri.org\/fr\/?p=9203"},"modified":"2019-12-07T11:42:15","modified_gmt":"2019-12-07T10:42:15","slug":"la-militante-syndicale-neda-naji-condamnee-a-55-ans-de-prison-en-iran","status":"publish","type":"post","link":"https:\/\/wncri.org\/fr\/2019\/12\/06\/la-militante-syndicale-neda-naji-condamnee-a-55-ans-de-prison-en-iran\/","title":{"rendered":"La militante syndicale Neda Naji condamn\u00e9e \u00e0 5,5 ans de prison en Iran"},"content":{"rendered":"<p>CNRI Femmes &#8211; La militante travailliste Neda Naji a \u00e9t\u00e9 condamn\u00e9e \u00e0 5,5 ans de prison pour avoir particip\u00e9 aux manifestations pacifiques de la f\u00eate du Travail le 1<sup>er<\/sup> mai \u00e0 T\u00e9h\u00e9ran. Jamal Ameli, son mari, a twitt\u00e9 : \u00ab\u00a0Le verdict contre Neda Naji a \u00e9t\u00e9 rendu le 3 d\u00e9cembre 2019, apr\u00e8s 218 jours de d\u00e9tention dans des conditions ind\u00e9termin\u00e9es.\u00a0\u00bb<\/p>\n<p>La militante travailliste <a href=\"https:\/\/iran-hrm.com\/index.php\/2019\/12\/05\/revolutionary-court-sentences-may-day-demonstrator-to-jail\/\" target=\"_blank\" rel=\"noopener noreferrer\">Neda Naji <\/a>a \u00e9t\u00e9 arr\u00eat\u00e9e et d\u00e9tenue avec un statut ind\u00e9termin\u00e9 dans la c\u00e9l\u00e8bre prison de Qarchak le 1er mai 2019. Elle a \u00e9t\u00e9 <a href=\"https:\/\/wncri.org\/fr\/2019\/07\/08\/neda-naji-une-syndicaliste-battue-par-des-gardiens-de-prison-en-iran\/\" target=\"_blank\" rel=\"noopener noreferrer\">brutalis\u00e9e<\/a> en prison au moins deux fois par des prisonni\u00e8res provioqu\u00e9es par les autorit\u00e9s p\u00e9nitentiaires.<\/p>\n<p>Les militantes des droits civils Raha Ahmadi et Leila Mir Ghaffari ont \u00e9galement \u00e9t\u00e9 condamn\u00e9es \u00e0 4 ans de prison, chacune, par le tribunal r\u00e9volutionnaire de T\u00e9h\u00e9ran le 4 d\u00e9cembre 2019.<\/p>\n<p>L&#8217;\u00e9cologiste <a href=\"https:\/\/wncri.org\/fr\/2019\/08\/07\/assal-mohammadi-arretee-et-incarcecee-a-evine-en-iran\/\" target=\"_blank\" rel=\"noopener noreferrer\">Sepideh Kashani<\/a> a \u00e9t\u00e9 transf\u00e9r\u00e9e du quartier 209 du minist\u00e8re du Renseignement de la prison d&#8217;Evine au quartier des femmes au cours de la derni\u00e8re semaine de novembre. Le tribunal r\u00e9volutionnaire de T\u00e9h\u00e9ran a condamn\u00e9 Sepideh Kashani \u00e0 six ans de prison pour espionnage. Son verdict a \u00e9t\u00e9 rendu apr\u00e8s 22 mois de d\u00e9tention avec un statut ind\u00e9termin\u00e9.<\/p>\n<p>Zahra Zare&#8217;e Seraji, prisonni\u00e8re politique d\u00e9tenue \u00e0 la prison de Qarchak \u00e0 Varamine, a entam\u00e9 une gr\u00e8ve de la faim le 24 novembre 2019 contre la violation du principe de s\u00e9paration des cat\u00e9gories de prisonniers et le manque d&#8217;eau potable. Le 1er d\u00e9cembre 2019, elle s&#8217;est sentie tr\u00e8s malade et a \u00e9t\u00e9 transf\u00e9r\u00e9e au dispensaire de la prison. Mme Zare&#8217;e souffre d&#8217;\u00e9pilepsie. En 2018, elle a \u00e9t\u00e9 condamn\u00e9e \u00e0 deux ans de prison.<\/p>\n<p>Par ailleurs, le 3 d\u00e9cembre 2019, le tribunal r\u00e9volutionnaire de T\u00e9h\u00e9ran a condamn\u00e9 Moloud Hajizadeh, journaliste, \u00e0 deux ans de prison et \u00e0 une amende de 4 millions de tomans en esp\u00e8ces.<\/p>\n<p>Le 2 d\u00e9cembre 2019, <a href=\"https:\/\/wncri.org\/fr\/2017\/02\/19\/iran-shahnaz-akmali-provisoirement-liberee-de-prison\/\" target=\"_blank\" rel=\"noopener noreferrer\">Shahnaz Akmali<\/a>, m\u00e8re de Mostafa Karim Beigui, tu\u00e9 lors du soul\u00e8vement de 2009, a \u00e9t\u00e9 convoqu\u00e9e au Bureau de l\u2019application des peines pour purger sa peine d&#8217;un an.<\/p>\n","protected":false},"excerpt":{"rendered":"<p>CNRI Femmes &#8211; La militante travailliste Neda Naji a \u00e9t\u00e9 condamn\u00e9e \u00e0 5,5 ans de prison pour avoir particip\u00e9 aux manifestations pacifiques de la f\u00eate du Travail le 1er mai \u00e0 T\u00e9h\u00e9ran. Jamal Ameli, son mari, a twitt\u00e9 : \u00ab\u00a0Le verdict contre Neda Naji a \u00e9t\u00e9 rendu le 3 d\u00e9cembre 2019, apr\u00e8s 218 jours de [&hellip;]<\/p>\n","protected":false},"author":4,"featured_media":9204,"comment_status":"open","ping_status":"open","sticky":false,"template":"","format":"standard","meta":{"jnews-multi-image_gallery":[],"jnews_single_post":{"source_name":"","source_url":"","via_name":"","via_url":"","override_template":"0","override":[{"template":"1","single_blog_custom":"","parallax":"1","fullscreen":"0","layout":"right-sidebar","sidebar":"default-sidebar","second_sidebar":"default-sidebar","sticky_sidebar":"1","share_position":"top","share_float_style":"share-monocrhome","show_share_counter":"1","show_view_counter":"1","show_featured":"1","show_post_meta":"1","show_post_author":"1","show_post_author_image":"1","show_post_date":"1","post_date_format":"default","post_date_format_custom":"Y\/m\/d","show_post_category":"1","show_post_reading_time":"0","post_reading_time_wpm":"300","show_zoom_button":"0","zoom_button_out_step":"2","zoom_button_in_step":"3","show_post_tag":"1","show_prev_next_post":"1","show_popup_post":"1","number_popup_post":"1","show_author_box":"0","show_post_related":"0","show_inline_post_related":"0"}],"override_image_size":"0","image_override":[{"single_post_thumbnail_size":"crop-500","single_post_gallery_size":"crop-500"}],"trending_post":"0","trending_post_position":"meta","trending_post_label":"Trending"},"jnews_primary_category":{"id":""},"jnews_social_meta":[],"jnews_override_counter":{"override_view_counter":"0","view_counter_number":"0","override_share_counter":"0","share_counter_number":"0","override_like_counter":"0","like_counter_number":"0","override_dislike_counter":"0","dislike_counter_number":"0"},"footnotes":""},"categories":[3],"tags":[],"class_list":["post-9203","post","type-post","status-publish","format-standard","has-post-thumbnail","hentry","category-infos-des-femmes"],"_links":{"self":[{"href":"https:\/\/wncri.org\/fr\/wp-json\/wp\/v2\/posts\/9203","targetHints":{"allow":["GET"]}}],"collection":[{"href":"https:\/\/wncri.org\/fr\/wp-json\/wp\/v2\/posts"}],"about":[{"href":"https:\/\/wncri.org\/fr\/wp-json\/wp\/v2\/types\/post"}],"author":[{"embeddable":true,"href":"https:\/\/wncri.org\/fr\/wp-json\/wp\/v2\/users\/4"}],"replies":[{"embeddable":true,"href":"https:\/\/wncri.org\/fr\/wp-json\/wp\/v2\/comments?post=9203"}],"version-history":[{"count":0,"href":"https:\/\/wncri.org\/fr\/wp-json\/wp\/v2\/posts\/9203\/revisions"}],"wp:featuredmedia":[{"embeddable":true,"href":"https:\/\/wncri.org\/fr\/wp-json\/wp\/v2\/media\/9204"}],"wp:attachment":[{"href":"https:\/\/wncri.org\/fr\/wp-json\/wp\/v2\/media?parent=9203"}],"wp:term":[{"taxonomy":"category","embeddable":true,"href":"https:\/\/wncri.org\/fr\/wp-json\/wp\/v2\/categories?post=9203"},{"taxonomy":"post_tag","embeddable":true,"href":"https:\/\/wncri.org\/fr\/wp-json\/wp\/v2\/tags?post=9203"}],"curies":[{"name":"wp","href":"https:\/\/api.w.org\/{rel}","templated":true}]}}