{"id":9146,"date":"2019-11-26T20:20:31","date_gmt":"2019-11-26T19:20:31","guid":{"rendered":"https:\/\/wncri.org\/fr\/?p=9146"},"modified":"2019-11-27T21:48:30","modified_gmt":"2019-11-27T20:48:30","slug":"nikta-esfandani-14-ans-parmi-les-450-tues-du-soulevement-en-iran","status":"publish","type":"post","link":"https:\/\/wncri.org\/fr\/2019\/11\/26\/nikta-esfandani-14-ans-parmi-les-450-tues-du-soulevement-en-iran\/","title":{"rendered":"Nikta Esfandani, 14 ans, parmi les 450 tu\u00e9s du soul\u00e8vement en Iran"},"content":{"rendered":"<p>CNRI Femmes &#8211; Nikta Esfandani, une adolescente de 14 ans, a \u00e9t\u00e9 tu\u00e9e \u00e0 T\u00e9h\u00e9ran durant le soul\u00e8vement en Iran. \u00a0Le Conseil national de la R\u00e9sistance iranienne a publi\u00e9 un communiqu\u00e9 d\u00e9clarant que le nombre de personnes tu\u00e9es dans le soul\u00e8vement national <a href=\"https:\/\/www.ncr-iran.org\/fr\/communiques-cnri\/iran-protestations\/22035-soulevement-en-iran-le-nombre-de-tues-depasse-les-450\" target=\"_blank\" rel=\"noopener noreferrer\">d\u00e9passe les 450<\/a>.<\/p>\n<p>Nikta Esfandani a \u00e9t\u00e9 abattue d&#8217;une balle dans la t\u00eate par les forces de s\u00e9curit\u00e9 le 16 novembre 2019 sur l&#8217;avenue Sattar Khan \u00e0 T\u00e9h\u00e9ran. La famille de Nikta Esfandani l&#8217;a cherch\u00e9e pendant trois jours avant de pouvoir r\u00e9cup\u00e9rer son corps. Les responsables du r\u00e9gime ont dit \u00e0 sa famille que puisqu&#8217;elle n&#8217;avait que 14 ans et qu&#8217;elle \u00e9tait mineure, ils ne lui demanderaient pas de payer le prix de la balle. N\u00e9e en avril 2005, elle a \u00e9t\u00e9 inhum\u00e9e au cimeti\u00e8re de Behesht-e Zahra le 20 novembre 2019.<\/p>\n<p>De son c\u00f4t\u00e9, la vague d&#8217;arrestations se poursuit en Iran.<\/p>\n<p>Les prisons de T\u00e9h\u00e9ran, y compris Evine et Fashafouyeh, d\u00e9bordent de manifestants arr\u00eat\u00e9s et manquent d&#8217;espace. Des \u00e9tudiantes font partie des personnes arr\u00eat\u00e9es.<\/p>\n<p>Maliheh Jafari et Maryam Jafari, \u00e9tudiantes aux Beaux-Arts de l&#8217;universit\u00e9 de T\u00e9h\u00e9ran, ont \u00e9t\u00e9 arr\u00eat\u00e9es le 18 novembre 2019 sur l&#8217;avenue Pour-Sina de la capitale. Les deux \u00e9tudiants sont actuellement d\u00e9tenus \u00e0 la prison d&#8217;Evine.<\/p>\n<p>Narguesse Bagheri, elle aussi \u00e9tudiante aux Beaux-Arts, et Banafcheh Cheraghi, \u00e9tudiante en Sciences Sociales \u00e0 T\u00e9h\u00e9ran, ont \u00e9t\u00e9 arr\u00eat\u00e9s lors du soul\u00e8vement le 21 novembre 2019.<\/p>\n<p>Mme <a href=\"https:\/\/www.maryam-rajavi.com\/fr\/item\/maryam-radjavi-communaute-internationale-mettre-terme-crimes-contre-humanite-fascisme-religieux-iran\" target=\"_blank\" rel=\"noopener noreferrer\">Maryam Radjavi<\/a>, Pr\u00e9sidente \u00e9lue du Conseil national de la R\u00e9sistance iranienne, a d\u00e9clar\u00e9 que le massacre des manifestants est un cas manifeste de crimes contre l&#8217;humanit\u00e9. Elle a exhort\u00e9 la communaut\u00e9 internationale \u00e0 prendre d&#8217;urgence des mesures pour mettre fin au massacre et \u00e0 la r\u00e9pression des manifestants. Elle a \u00e9galement exhort\u00e9 l&#8217;ONU \u00e0 envoyer une mission en Iran pour enqu\u00eater sur les personnes tu\u00e9es, bless\u00e9es et emprisonn\u00e9es lors des manifestations en Iran. Mme Radjavi a d\u00e9clar\u00e9 : \u00ab\u00a0Les dirigeants du r\u00e9gime doivent faire face \u00e0 la justice pour avoir commis des crimes contre l&#8217;humanit\u00e9. Le silence et l&#8217;inaction sont non seulement une violation des conventions, lois et normes internationales et mais encouragent aussi le r\u00e9gime \u00e0 poursuivre ses crimes et \u00e0 les \u00e9tendre \u00e0 la r\u00e9gion.\u00a0\u00bb<\/p>\n<p>&nbsp;<\/p>\n","protected":false},"excerpt":{"rendered":"<p>CNRI Femmes &#8211; Nikta Esfandani, une adolescente de 14 ans, a \u00e9t\u00e9 tu\u00e9e \u00e0 T\u00e9h\u00e9ran durant le soul\u00e8vement en Iran. \u00a0Le Conseil national de la R\u00e9sistance iranienne a publi\u00e9 un communiqu\u00e9 d\u00e9clarant que le nombre de personnes tu\u00e9es dans le soul\u00e8vement national d\u00e9passe les 450. Nikta Esfandani a \u00e9t\u00e9 abattue d&#8217;une balle dans la t\u00eate [&hellip;]<\/p>\n","protected":false},"author":4,"featured_media":9147,"comment_status":"open","ping_status":"open","sticky":false,"template":"","format":"standard","meta":{"jnews-multi-image_gallery":[],"jnews_single_post":{"source_name":"","source_url":"","via_name":"","via_url":"","override_template":"0","override":[{"template":"1","single_blog_custom":"","parallax":"1","fullscreen":"0","layout":"right-sidebar","sidebar":"default-sidebar","second_sidebar":"default-sidebar","sticky_sidebar":"1","share_position":"top","share_float_style":"share-monocrhome","show_share_counter":"1","show_view_counter":"1","show_featured":"1","show_post_meta":"1","show_post_author":"1","show_post_author_image":"1","show_post_date":"1","post_date_format":"default","post_date_format_custom":"Y\/m\/d","show_post_category":"1","show_post_reading_time":"0","post_reading_time_wpm":"300","show_zoom_button":"0","zoom_button_out_step":"2","zoom_button_in_step":"3","show_post_tag":"1","show_prev_next_post":"1","show_popup_post":"1","number_popup_post":"1","show_author_box":"0","show_post_related":"0","show_inline_post_related":"0"}],"override_image_size":"0","image_override":[{"single_post_thumbnail_size":"crop-500","single_post_gallery_size":"crop-500"}],"trending_post":"0","trending_post_position":"meta","trending_post_label":"Trending"},"jnews_primary_category":{"id":""},"jnews_social_meta":[],"jnews_override_counter":{"override_view_counter":"0","view_counter_number":"0","override_share_counter":"0","share_counter_number":"0","override_like_counter":"0","like_counter_number":"0","override_dislike_counter":"0","dislike_counter_number":"0"},"footnotes":""},"categories":[3],"tags":[],"class_list":["post-9146","post","type-post","status-publish","format-standard","has-post-thumbnail","hentry","category-infos-des-femmes"],"_links":{"self":[{"href":"https:\/\/wncri.org\/fr\/wp-json\/wp\/v2\/posts\/9146","targetHints":{"allow":["GET"]}}],"collection":[{"href":"https:\/\/wncri.org\/fr\/wp-json\/wp\/v2\/posts"}],"about":[{"href":"https:\/\/wncri.org\/fr\/wp-json\/wp\/v2\/types\/post"}],"author":[{"embeddable":true,"href":"https:\/\/wncri.org\/fr\/wp-json\/wp\/v2\/users\/4"}],"replies":[{"embeddable":true,"href":"https:\/\/wncri.org\/fr\/wp-json\/wp\/v2\/comments?post=9146"}],"version-history":[{"count":0,"href":"https:\/\/wncri.org\/fr\/wp-json\/wp\/v2\/posts\/9146\/revisions"}],"wp:featuredmedia":[{"embeddable":true,"href":"https:\/\/wncri.org\/fr\/wp-json\/wp\/v2\/media\/9147"}],"wp:attachment":[{"href":"https:\/\/wncri.org\/fr\/wp-json\/wp\/v2\/media?parent=9146"}],"wp:term":[{"taxonomy":"category","embeddable":true,"href":"https:\/\/wncri.org\/fr\/wp-json\/wp\/v2\/categories?post=9146"},{"taxonomy":"post_tag","embeddable":true,"href":"https:\/\/wncri.org\/fr\/wp-json\/wp\/v2\/tags?post=9146"}],"curies":[{"name":"wp","href":"https:\/\/api.w.org\/{rel}","templated":true}]}}