{"id":9103,"date":"2019-11-22T23:18:16","date_gmt":"2019-11-22T22:18:16","guid":{"rendered":"https:\/\/wncri.org\/fr\/?p=9103"},"modified":"2019-11-22T23:28:45","modified_gmt":"2019-11-22T22:28:45","slug":"50-etudiants-de-luniversite-de-teheran-arretes-apres-une-manifestation","status":"publish","type":"post","link":"https:\/\/wncri.org\/fr\/2019\/11\/22\/50-etudiants-de-luniversite-de-teheran-arretes-apres-une-manifestation\/","title":{"rendered":"50 \u00e9tudiants de l\u2019universit\u00e9 de T\u00e9h\u00e9ran arr\u00eat\u00e9s apr\u00e8s une manifestation"},"content":{"rendered":"<p>CNRI Femmes &#8211; Cinquante \u00e9tudiants de l&#8217;universit\u00e9 de T\u00e9h\u00e9ran ont \u00e9t\u00e9 arr\u00eat\u00e9s apr\u00e8s avoir particip\u00e9 \u00e0 des manifestations de solidarit\u00e9 avec le soul\u00e8vement en Iran. Ils ont \u00e9t\u00e9 incarc\u00e9r\u00e9s dans les prisons d&#8217;Evine et de Fachafouyeh dans des ambulances.<\/p>\n<p><img decoding=\"async\" class=\"alignnone wp-image-9104 size-full lazyload\" src=\"data:image\/gif;base64,R0lGODlhAQABAIAAAAAAAP\/\/\/yH5BAEAAAAALAAAAAABAAEAAAIBRAA7\" data-src=\"https:\/\/wncri.org\/fr\/wp-content\/uploads\/2019\/11\/50-\u00e9tudiants-de-l\u2019universit\u00e9-de-T\u00e9h\u00e9ran-arr\u00eat\u00e9s-apr\u00e8s-une-manifestation.jpg\" alt=\"50 \u00e9tudiants de l\u2019universit\u00e9 de T\u00e9h\u00e9ran arr\u00eat\u00e9s apr\u00e8s une manifestation\" width=\"750\" height=\"375\" \/><noscript><img decoding=\"async\" class=\"alignnone wp-image-9104 size-full lazyload\" src=\"https:\/\/wncri.org\/fr\/wp-content\/uploads\/2019\/11\/50-\u00e9tudiants-de-l\u2019universit\u00e9-de-T\u00e9h\u00e9ran-arr\u00eat\u00e9s-apr\u00e8s-une-manifestation.jpg\" alt=\"50 \u00e9tudiants de l\u2019universit\u00e9 de T\u00e9h\u00e9ran arr\u00eat\u00e9s apr\u00e8s une manifestation\" width=\"750\" height=\"375\" srcset=\"https:\/\/wncri.org\/fr\/wp-content\/uploads\/2019\/11\/50-\u00e9tudiants-de-l\u2019universit\u00e9-de-T\u00e9h\u00e9ran-arr\u00eat\u00e9s-apr\u00e8s-une-manifestation.jpg 750w, https:\/\/wncri.org\/fr\/wp-content\/uploads\/2019\/11\/50-\u00e9tudiants-de-l\u2019universit\u00e9-de-T\u00e9h\u00e9ran-arr\u00eat\u00e9s-apr\u00e8s-une-manifestation-300x150.jpg 300w, https:\/\/wncri.org\/fr\/wp-content\/uploads\/2019\/11\/50-\u00e9tudiants-de-l\u2019universit\u00e9-de-T\u00e9h\u00e9ran-arr\u00eat\u00e9s-apr\u00e8s-une-manifestation-360x180.jpg 360w\" sizes=\"(max-width: 750px) 100vw, 750px\" \/><\/noscript><\/p>\n<p>Lundi 18 novembre 2019, un grand groupe d&#8217;\u00e9tudiants de l&#8217;universit\u00e9 de T\u00e9h\u00e9ran a organis\u00e9 une manifestation sur le campus de l&#8217;universit\u00e9 pour protester contre le triplement du prix du carburant, les conditions de vie catastrophiques et la forte r\u00e9pression.<\/p>\n<p>Le rassemblement a dur\u00e9 jusqu&#8217;\u00e0 20 h. Dans l&#8217;obscurit\u00e9 de la nuit, des agents en civil ont conduit plusieurs ambulances \u00e0 l&#8217;universit\u00e9, arr\u00eatant un certain nombre d&#8217;\u00e9tudiants et les poussant \u00e0 bord de ces ambulances. Ils ont \u00e9t\u00e9 emmen\u00e9s \u00e0 la prison d&#8217;Evine et \u00e0 la prison du Grand T\u00e9h\u00e9ran, alias Fashafouyeh.Un certain nombre d&#8217;\u00e9tudiants ont \u00e9galement \u00e9t\u00e9 arr\u00eat\u00e9s \u00e0 l&#8217;ext\u00e9rieur de l&#8217;universit\u00e9.<\/p>\n<p><img decoding=\"async\" class=\"alignright wp-image-9106 size-medium lazyload\" src=\"data:image\/gif;base64,R0lGODlhAQABAIAAAAAAAP\/\/\/yH5BAEAAAAALAAAAAABAAEAAAIBRAA7\" data-src=\"https:\/\/wncri.org\/fr\/wp-content\/uploads\/2019\/11\/Melika-Gharagozlou-300x300.jpg\" alt=\"Melika Gharagozlou\" width=\"300\" height=\"300\" \/><noscript><img decoding=\"async\" class=\"alignright wp-image-9106 size-medium lazyload\" src=\"https:\/\/wncri.org\/fr\/wp-content\/uploads\/2019\/11\/Melika-Gharagozlou-300x300.jpg\" alt=\"Melika Gharagozlou\" width=\"300\" height=\"300\" srcset=\"https:\/\/wncri.org\/fr\/wp-content\/uploads\/2019\/11\/Melika-Gharagozlou-300x300.jpg 300w, https:\/\/wncri.org\/fr\/wp-content\/uploads\/2019\/11\/Melika-Gharagozlou-150x150.jpg 150w, https:\/\/wncri.org\/fr\/wp-content\/uploads\/2019\/11\/Melika-Gharagozlou-75x75.jpg 75w, https:\/\/wncri.org\/fr\/wp-content\/uploads\/2019\/11\/Melika-Gharagozlou.jpg 640w\" sizes=\"(max-width: 300px) 100vw, 300px\" \/><\/noscript><\/p>\n<p>De m\u00eame, Melika Gharagozlou, \u00e9tudiante en journalisme \u00e0 l&#8217;universit\u00e9 Alameh Tabataba\u2019i de T\u00e9h\u00e9ran, a \u00e9t\u00e9 arr\u00eat\u00e9e le 18 novembre 2019 par des agents de renseignement dans la rue. Lors d&#8217;un bref appel t\u00e9l\u00e9phonique \u00e0 sa famille, elle leur a dit qu&#8217;elle \u00e9tait d\u00e9tenue \u00e0 la prison d&#8217;Evine.<\/p>\n<p>Les derni\u00e8res donn\u00e9es compil\u00e9es par l&#8217;opposition iranienne, les Moudjahdine du peuple d\u2019Iran, indiquent que le soul\u00e8vement s\u2019est \u00e9tendu \u00e0 au moins 165.<\/p>\n<p>Selon les derni\u00e8res informations venant de la ville de Racht, une femme aurait \u00e9t\u00e9 tu\u00e9e dans les fusillades sur les places de Gas et de Palestine \u00e0 Racht. Le nombre de femmes tu\u00e9es lors du soul\u00e8vement atteint ainsi 11.<\/p>\n<p>Les experts des droits de l&#8217;homme de l&#8217;ONU se disent inquiets des arrestations, des morts et de la fermeture d&#8217;Internet<\/p>\n<p>Dans un <a href=\"https:\/\/www.ohchr.org\/EN\/NewsEvents\/Pages\/DisplayNews.aspx?NewsID=25338&amp;amp;LangID=E\" target=\"_blank\" rel=\"noopener noreferrer\">communiqu\u00e9 publi\u00e9 le 22 novembre<\/a> 2019 \u00e0 Gen\u00e8ve, des experts des droits de l&#8217;homme de l&#8217;ONU ont exprim\u00e9 de graves pr\u00e9occupations au sujet de la situation en Iran alors que des manifestations se sont propag\u00e9es dans tout le pays la semaine derni\u00e8re.<\/p>\n<p>\u00ab\u00a0Nous sommes profond\u00e9ment pr\u00e9occup\u00e9s par les informations faisant \u00e9tat de morts et de bless\u00e9s, et par le fait que les autorit\u00e9s ont peut-\u00eatre fait un usage excessif de la force contre ceux qui ont particip\u00e9 aux manifestations\u00a0\u00bb, ont d\u00e9clar\u00e9 les experts. \u00ab\u00a0Nous rappelons aux autorit\u00e9s qu&#8217;en vertu du Pacte international relatif aux droits civils et politiques, la force meurtri\u00e8re ne doit \u00eatre utilis\u00e9e que lorsque cela est strictement in\u00e9vitable pour prot\u00e9ger la vie.\u00a0\u00bb<\/p>\n<p>Les experts se sont \u00e9galement dits pr\u00e9occup\u00e9s par la fermeture d&#8217;Internet \u00e0 l&#8217;\u00e9chelle nationale, affirmant que les m\u00e9canismes internationaux des droits de l&#8217;homme, y compris le Conseil des droits de l&#8217;homme, avaient condamn\u00e9 ces actions disproportionn\u00e9es.<\/p>\n<p>Bien que les rapports fassent \u00e9tat d&#8217;une augmentation marginale de la connectivit\u00e9 le 21 novembre, celle-ci a \u00e9t\u00e9 tr\u00e8s limit\u00e9e.<\/p>\n<p>\u00ab\u00a0La fermeture d&#8217;un tel r\u00e9seau \u00e0 l&#8217;\u00e9chelle du pays a clairement un objectif politique : supprimer le droit des Iraniens d&#8217;acc\u00e9der \u00e0 l&#8217;information et de communiquer \u00e0 un moment de protestation croissante\u00a0\u00bb, ont d\u00e9clar\u00e9 les experts. \u00ab\u00a0Une telle mesure ill\u00e9gitime prive les Iraniens non seulement d&#8217;une libert\u00e9 fondamentale, mais aussi d&#8217;un acc\u00e8s de base aux services essentiels.<\/p>\n<p>\u00ab\u00a0Nous exhortons vivement le gouvernement \u00e0 r\u00e9tablir l&#8217;acc\u00e8s complet \u00e0 Internet et \u00e0 s&#8217;engager \u00e0 le maintenir op\u00e9rationnel \u00e0 tout moment, en particulier pendant les p\u00e9riodes de protestation publique.<\/p>\n<p>\u00ab\u00a0Les avertissements des autorit\u00e9s iraniennes selon lesquels des mesures d\u00e9cisives pourraient \u00eatre prises si les manifestations ne cessent pas suscitent de s\u00e9rieuses craintes que la situation ne se d\u00e9t\u00e9riore davantage\u00a0\u00bb, ont d\u00e9clar\u00e9 les experts. Ils ont encourag\u00e9 le Gouvernement \u00e0 chercher \u00e0 engager le dialogue avec ceux qui participent aux manifestations et \u00e0 s&#8217;abstenir de prendre des mesures qui r\u00e9priment ou portent atteinte \u00e0 leurs droits fondamentaux.<\/p>\n","protected":false},"excerpt":{"rendered":"<p>CNRI Femmes &#8211; Cinquante \u00e9tudiants de l&#8217;universit\u00e9 de T\u00e9h\u00e9ran ont \u00e9t\u00e9 arr\u00eat\u00e9s apr\u00e8s avoir particip\u00e9 \u00e0 des manifestations de solidarit\u00e9 avec le soul\u00e8vement en Iran. Ils ont \u00e9t\u00e9 incarc\u00e9r\u00e9s dans les prisons d&#8217;Evine et de Fachafouyeh dans des ambulances. Lundi 18 novembre 2019, un grand groupe d&#8217;\u00e9tudiants de l&#8217;universit\u00e9 de T\u00e9h\u00e9ran a organis\u00e9 une manifestation [&hellip;]<\/p>\n","protected":false},"author":4,"featured_media":9105,"comment_status":"open","ping_status":"open","sticky":false,"template":"","format":"standard","meta":{"jnews-multi-image_gallery":[],"jnews_single_post":{"source_name":"","source_url":"","via_name":"","via_url":"","override_template":"0","override":[{"template":"1","single_blog_custom":"","parallax":"1","fullscreen":"0","layout":"right-sidebar","sidebar":"default-sidebar","second_sidebar":"default-sidebar","sticky_sidebar":"1","share_position":"top","share_float_style":"share-monocrhome","show_share_counter":"1","show_view_counter":"1","show_featured":"1","show_post_meta":"1","show_post_author":"1","show_post_author_image":"1","show_post_date":"1","post_date_format":"default","post_date_format_custom":"Y\/m\/d","show_post_category":"1","show_post_reading_time":"0","post_reading_time_wpm":"300","show_zoom_button":"0","zoom_button_out_step":"2","zoom_button_in_step":"3","show_post_tag":"1","show_prev_next_post":"1","show_popup_post":"1","number_popup_post":"1","show_author_box":"0","show_post_related":"0","show_inline_post_related":"0"}],"override_image_size":"0","image_override":[{"single_post_thumbnail_size":"crop-500","single_post_gallery_size":"crop-500"}],"trending_post":"0","trending_post_position":"meta","trending_post_label":"Trending"},"jnews_primary_category":{"id":""},"jnews_social_meta":[],"jnews_override_counter":{"override_view_counter":"0","view_counter_number":"0","override_share_counter":"0","share_counter_number":"0","override_like_counter":"0","like_counter_number":"0","override_dislike_counter":"0","dislike_counter_number":"0"},"footnotes":""},"categories":[3],"tags":[],"class_list":["post-9103","post","type-post","status-publish","format-standard","has-post-thumbnail","hentry","category-infos-des-femmes"],"_links":{"self":[{"href":"https:\/\/wncri.org\/fr\/wp-json\/wp\/v2\/posts\/9103","targetHints":{"allow":["GET"]}}],"collection":[{"href":"https:\/\/wncri.org\/fr\/wp-json\/wp\/v2\/posts"}],"about":[{"href":"https:\/\/wncri.org\/fr\/wp-json\/wp\/v2\/types\/post"}],"author":[{"embeddable":true,"href":"https:\/\/wncri.org\/fr\/wp-json\/wp\/v2\/users\/4"}],"replies":[{"embeddable":true,"href":"https:\/\/wncri.org\/fr\/wp-json\/wp\/v2\/comments?post=9103"}],"version-history":[{"count":0,"href":"https:\/\/wncri.org\/fr\/wp-json\/wp\/v2\/posts\/9103\/revisions"}],"wp:featuredmedia":[{"embeddable":true,"href":"https:\/\/wncri.org\/fr\/wp-json\/wp\/v2\/media\/9105"}],"wp:attachment":[{"href":"https:\/\/wncri.org\/fr\/wp-json\/wp\/v2\/media?parent=9103"}],"wp:term":[{"taxonomy":"category","embeddable":true,"href":"https:\/\/wncri.org\/fr\/wp-json\/wp\/v2\/categories?post=9103"},{"taxonomy":"post_tag","embeddable":true,"href":"https:\/\/wncri.org\/fr\/wp-json\/wp\/v2\/tags?post=9103"}],"curies":[{"name":"wp","href":"https:\/\/api.w.org\/{rel}","templated":true}]}}