{"id":9034,"date":"2019-11-14T20:00:11","date_gmt":"2019-11-14T19:00:11","guid":{"rendered":"https:\/\/wncri.org\/fr\/?p=9034"},"modified":"2019-11-16T20:19:57","modified_gmt":"2019-11-16T19:19:57","slug":"amnesty-demande-la-liberation-de-la-militante-kurde-zahra-mohammadi","status":"publish","type":"post","link":"https:\/\/wncri.org\/fr\/2019\/11\/14\/amnesty-demande-la-liberation-de-la-militante-kurde-zahra-mohammadi\/","title":{"rendered":"Amnesty demande la lib\u00e9ration de la militante kurde Zahra Mohammadi"},"content":{"rendered":"<p>CNRI Femmes &#8211; Le 13 novembre 2019, Amnesty International a lanc\u00e9 une <a href=\"https:\/\/www.amnesty.org\/fr\/documents\/MDE13\/1390\/2019\/fr\/\" target=\"_blank\" rel=\"noopener noreferrer\">action urgente<\/a> demandant la lib\u00e9ration de la militante kurde emprisonn\u00e9e Zahra Mohammadi.<\/p>\n<p>Amnesty International a \u00e9crit dans sa d\u00e9claration : \u00ab\u00a0Zahra Mohammadi, militante kurde de la soci\u00e9t\u00e9 civile, a \u00e9t\u00e9 accus\u00e9e de coop\u00e9ration avec des groupes d\u2019opposition kurdes et inculp\u00e9e d\u2019atteintes \u00e0 la s\u00e9curit\u00e9 nationale en raison de ses activit\u00e9s\u00a0 pacifiques\u00a0 pour\u00a0 venir en aide\u00a0 aux membres marginalis\u00e9s de la population kurde d\u2019Iran, y compris en donnant des cours de kurde. Le 18 septembre 2019, sans que ses avocats ni sa famille ne soient pr\u00e9venus, Zahra Mohammadi a \u00e9t\u00e9 transf\u00e9r\u00e9e devant la premi\u00e8re chambre du Tribunal r\u00e9volutionnaire de Sanandaj pour une audience qui a \u00e9t\u00e9 annul\u00e9e par la suite.\u00a0\u00bb<\/p>\n<p>Amnesty International a soulign\u00e9 que \u00ab\u00a0Zahra Mohammadi est en mauvaise sant\u00e9. Elle souffre actuellement de troubles gastriques. Elle souffrait avant son arrestation de probl\u00e8mes digestifs n\u00e9cessitant la prise de m\u00e9dicaments qu\u2019elle n\u2019a pas pu prendre en prison.\u00a0\u00bb<\/p>\n<p>Amnesty International a exhort\u00e9 les autorit\u00e9s iraniennes \u00e0 \u00ab\u00a0lib\u00e9rer Zahra Mohammadi imm\u00e9diatement et sans condition du fait qu\u2019elle est une prisonni\u00e8re d\u2019opinion d\u00e9tenue uniquement en raison de son militantisme pacifique au sein de la soci\u00e9t\u00e9 civile. En attendant sa remise en libert\u00e9\u00a0\u00bb, Amnesty leur demande \u00ab\u00a0de\u00a0 veiller\u00a0 \u00e0\u00a0 ce\u00a0 qu\u2019elle \u00a0soit\u00a0 prot\u00e9g\u00e9e\u00a0 de\u00a0 la\u00a0 torture\u00a0 et\u00a0 d\u2019autres\u00a0 formes\u00a0 de\u00a0 mauvais traitements, qu\u2019elle puisse recevoir r\u00e9guli\u00e8rement la visite de ses avocats et de ses proches et b\u00e9n\u00e9ficier de soins m\u00e9dicaux adapt\u00e9s, y compris tout traitement sp\u00e9cialis\u00e9 dont elle pourrait avoir besoin.\u00a0\u00bb<\/p>\n<p>Zahra Mohammadi, 29 ans, \u00e9tait membre de l&#8217;Association sociale et culturelle Nojine \u00e0 Sanandaj, qui \u0153uvre pour la protection de l&#8217;environnement au Kurdistan. Zahra est titulaire d&#8217;une ma\u00eetrise en g\u00e9opolitique de l&#8217;universit\u00e9 de Birjand, capitale de la province du Khorassan Sud, \u00e0 l\u2019autre bout de l\u2019Iran.<\/p>\n<p>Elle a \u00e9t\u00e9 arr\u00eat\u00e9e le 23 mai 2019, lorsque des agents du renseignement de Sanandaj ont fait une descente chez elle.<\/p>\n<p>Le 30 mai, la famille de Zahra Mohammadi a pu lui rendre visite au bout de huit jours d&#8217;interrogatoire intense pour lui extorquer des aveux forc\u00e9s contre elle-m\u00eame.<\/p>\n<p>Elle est d\u00e9tenue depuis cinq mois et reste en prison malgr\u00e9 le d\u00e9p\u00f4t par sa famille d&#8217;une caution de 700 millions de tomans (166 000 $) pour sa lib\u00e9ration provisoire.<\/p>\n<p>Le 18 septembre 2019, Zahra Mohammadi a \u00e9t\u00e9 traduite en justice dans un proc\u00e8s secret sans en informer son avocat ni sa famille. D\u00e8s qu&#8217;ils l&#8217;ont appris, sa famille et son avocat se sont oppos\u00e9s \u00e0 ce proc\u00e8s, qui a finalement \u00e9t\u00e9 report\u00e9 au 25 septembre.<\/p>\n","protected":false},"excerpt":{"rendered":"<p>CNRI Femmes &#8211; Le 13 novembre 2019, Amnesty International a lanc\u00e9 une action urgente demandant la lib\u00e9ration de la militante kurde emprisonn\u00e9e Zahra Mohammadi. Amnesty International a \u00e9crit dans sa d\u00e9claration : \u00ab\u00a0Zahra Mohammadi, militante kurde de la soci\u00e9t\u00e9 civile, a \u00e9t\u00e9 accus\u00e9e de coop\u00e9ration avec des groupes d\u2019opposition kurdes et inculp\u00e9e d\u2019atteintes \u00e0 la [&hellip;]<\/p>\n","protected":false},"author":4,"featured_media":9035,"comment_status":"open","ping_status":"open","sticky":false,"template":"","format":"standard","meta":{"jnews-multi-image_gallery":[],"jnews_single_post":{"source_name":"","source_url":"","via_name":"","via_url":"","override_template":"0","override":[{"template":"1","single_blog_custom":"","parallax":"1","fullscreen":"0","layout":"right-sidebar","sidebar":"default-sidebar","second_sidebar":"default-sidebar","sticky_sidebar":"1","share_position":"top","share_float_style":"share-monocrhome","show_share_counter":"1","show_view_counter":"1","show_featured":"1","show_post_meta":"1","show_post_author":"1","show_post_author_image":"1","show_post_date":"1","post_date_format":"default","post_date_format_custom":"Y\/m\/d","show_post_category":"1","show_post_reading_time":"0","post_reading_time_wpm":"300","show_zoom_button":"0","zoom_button_out_step":"2","zoom_button_in_step":"3","show_post_tag":"1","show_prev_next_post":"1","show_popup_post":"1","number_popup_post":"1","show_author_box":"0","show_post_related":"0","show_inline_post_related":"0"}],"override_image_size":"0","image_override":[{"single_post_thumbnail_size":"crop-500","single_post_gallery_size":"crop-500"}],"trending_post":"0","trending_post_position":"meta","trending_post_label":"Trending"},"jnews_primary_category":{"id":""},"jnews_social_meta":[],"jnews_override_counter":{"override_view_counter":"0","view_counter_number":"0","override_share_counter":"0","share_counter_number":"0","override_like_counter":"0","like_counter_number":"0","override_dislike_counter":"0","dislike_counter_number":"0"},"footnotes":""},"categories":[3],"tags":[],"class_list":["post-9034","post","type-post","status-publish","format-standard","has-post-thumbnail","hentry","category-infos-des-femmes"],"_links":{"self":[{"href":"https:\/\/wncri.org\/fr\/wp-json\/wp\/v2\/posts\/9034","targetHints":{"allow":["GET"]}}],"collection":[{"href":"https:\/\/wncri.org\/fr\/wp-json\/wp\/v2\/posts"}],"about":[{"href":"https:\/\/wncri.org\/fr\/wp-json\/wp\/v2\/types\/post"}],"author":[{"embeddable":true,"href":"https:\/\/wncri.org\/fr\/wp-json\/wp\/v2\/users\/4"}],"replies":[{"embeddable":true,"href":"https:\/\/wncri.org\/fr\/wp-json\/wp\/v2\/comments?post=9034"}],"version-history":[{"count":0,"href":"https:\/\/wncri.org\/fr\/wp-json\/wp\/v2\/posts\/9034\/revisions"}],"wp:featuredmedia":[{"embeddable":true,"href":"https:\/\/wncri.org\/fr\/wp-json\/wp\/v2\/media\/9035"}],"wp:attachment":[{"href":"https:\/\/wncri.org\/fr\/wp-json\/wp\/v2\/media?parent=9034"}],"wp:term":[{"taxonomy":"category","embeddable":true,"href":"https:\/\/wncri.org\/fr\/wp-json\/wp\/v2\/categories?post=9034"},{"taxonomy":"post_tag","embeddable":true,"href":"https:\/\/wncri.org\/fr\/wp-json\/wp\/v2\/tags?post=9034"}],"curies":[{"name":"wp","href":"https:\/\/api.w.org\/{rel}","templated":true}]}}