{"id":8780,"date":"2019-10-08T22:52:21","date_gmt":"2019-10-08T20:52:21","guid":{"rendered":"https:\/\/wncri.org\/fr\/?p=8780"},"modified":"2019-10-09T23:00:21","modified_gmt":"2019-10-09T21:00:21","slug":"mise-a-jour-sur-les-prisonnieres-politiques-devine-et-de-qarchak","status":"publish","type":"post","link":"https:\/\/wncri.org\/fr\/2019\/10\/08\/mise-a-jour-sur-les-prisonnieres-politiques-devine-et-de-qarchak\/","title":{"rendered":"Mise \u00e0 jour sur les prisonni\u00e8res politiques d&#8217;Evine et de Qarchak"},"content":{"rendered":"<p><strong>CNRI Femmes &#8211; <\/strong>La prisonni\u00e8re politique <a href=\"https:\/\/wncri.org\/fr\/2019\/08\/18\/tolle-mondial-apres-les-lourdes-peines-contre-des-militantes-en-iran\/\" target=\"_blank\" rel=\"noopener noreferrer\">Yasman Aryani<\/a> en Iran a \u00e9t\u00e9 transf\u00e9r\u00e9e au quartier 2A des services de renseignement des gardiens de la r\u00e9volution (pasdaran) le 5 octobre 2019. Elle purge sa peine de 16 ans \u00e0 la prison d&#8217;Evine de T\u00e9h\u00e9ran. Sa famille n&#8217;en a \u00e9t\u00e9 inform\u00e9e que lorsqu&#8217;ils sont all\u00e9s lui rendre visite.<\/p>\n<p>Par ailleurs, deux d\u00e9tenues politiques <a href=\"https:\/\/wncri.org\/fr\/2019\/08\/31\/la-syndicaliste-atefeh-rangriz-condamnee-a-une-lourde-peine-et-au-fouet-en-iran\/\" target=\"_blank\" rel=\"noopener noreferrer\">Atefeh Rangriz<\/a> et Sepideh Qolian ont men\u00e9 un sit-in \u00e0 la sinistre prison Qarchak de la ville de Varamine (banlieue de T\u00e9h\u00e9ran) o\u00f9 elles d\u00e9fendaient la cause de deux prisonni\u00e8res de droit commun, Soqra Eftekhari et Akram Bayrami. Les deux sont maintenues \u00e0 l&#8217;isolement dans des conditions difficiles. Mme Rangriz et Mme Qolian ont d\u00e9clar\u00e9 qu&#8217;elles feraient la gr\u00e8ve de la faim si leur demande n&#8217;\u00e9tait pas satisfaite.<\/p>\n<p><img decoding=\"async\" class=\"size-medium wp-image-8781 alignleft lazyload\" src=\"data:image\/gif;base64,R0lGODlhAQABAIAAAAAAAP\/\/\/yH5BAEAAAAALAAAAAABAAEAAAIBRAA7\" data-src=\"https:\/\/wncri.org\/fr\/wp-content\/uploads\/2019\/10\/Farangis-Mazloumi-300x285.jpg\" alt=\"Mise \u00e0 jour sur les prisonni\u00e8res politiques d'Evine et de Qarchak\" width=\"300\" height=\"285\" \/><noscript><img decoding=\"async\" class=\"size-medium wp-image-8781 alignleft lazyload\" src=\"https:\/\/wncri.org\/fr\/wp-content\/uploads\/2019\/10\/Farangis-Mazloumi-300x285.jpg\" alt=\"Mise \u00e0 jour sur les prisonni\u00e8res politiques d'Evine et de Qarchak\" width=\"300\" height=\"285\" srcset=\"https:\/\/wncri.org\/fr\/wp-content\/uploads\/2019\/10\/Farangis-Mazloumi-300x285.jpg 300w, https:\/\/wncri.org\/fr\/wp-content\/uploads\/2019\/10\/Farangis-Mazloumi.jpg 452w\" sizes=\"(max-width: 300px) 100vw, 300px\" \/><\/noscript><\/p>\n<p><a href=\"https:\/\/wncri.org\/fr\/?s=Faranguis+Mazloumi\" target=\"_blank\" rel=\"noopener noreferrer\">Faranguis Mazloumi<\/a>, qui est d\u00e9tenue \u00e0 l&#8217;isolement dans le quartier 209 de la prison d&#8217;Evine depuis plus de trois mois, est d\u00e9sormais officiellement accus\u00e9e de &#8220;propagande contre l&#8217;Etat&#8221;, d'&#8221;association et collusion&#8221;, de &#8220;participation \u00e0 des rassemblements ill\u00e9gaux&#8221; et de &#8220;communication et interviews \u00e0 des groupes dissidents&#8221;. <a href=\"https:\/\/iran-hrm.com\/index.php\/2019\/08\/15\/farangis-mazloumi-mother-of-political-prisoner-held-incommunicado\/\" target=\"_blank\" rel=\"noopener noreferrer\">Faranguis Mazlomi<\/a>, m\u00e8re du prisonnier politique Soheil Arabi, peut \u00eatre lib\u00e9r\u00e9e sous caution de 400.000.000 de tomans (environ 3.170 \u20ac). Bien que Mme Mazloumi soit en mauvaise sant\u00e9 physique et psychologique, sa famille n&#8217;est pas en mesure de payer la caution.<\/p>\n<p>Toujours le samedi 5 octobre 2019, la m\u00e8re du prisonnier politique Kamran Darvishi, \u00e2g\u00e9e de 75 ans, a \u00e9t\u00e9 battue alors qu&#8217;elle allait lui rendre visite parce qu&#8217;elle portait une radio mains libres avec elle.<\/p>\n<p>Faezeh Abdipour, une derviche Gonabadi, a \u00e9t\u00e9 convoqu\u00e9e au parquet d&#8217;Evine pour sa derni\u00e8re d\u00e9fense. Elle avait \u00e9t\u00e9 arr\u00eat\u00e9e lors du soul\u00e8vement de fin d\u00e9cembre 2017 d\u00e9but janvier 2018. Mme Abdipour a \u00e9t\u00e9 condamn\u00e9e \u00e0 12 ans de prison, 74 coups de fouet, deux ans d\u2019\u00e9loignement \u00e0 Borazjan et deux ans d&#8217;interdiction d&#8217;activit\u00e9s sociales et de sortie du territoire.<\/p>\n<p>Par ailleurs, la peine de six ans de prison et 74 coups de fouet inflig\u00e9s \u00e0 l&#8217;\u00e9tudiante militante <a href=\"https:\/\/wncri.org\/fr\/2018\/07\/09\/la-manifestante-sepideh-farhan-farahabadi-condamnee-a-six-ans-de-prison-en\/\" target=\"_blank\" rel=\"noopener noreferrer\">Sepideh Farhan<\/a> a \u00e9t\u00e9 commu\u00e9e en deux ans apr\u00e8s appel.<\/p>\n<p>&nbsp;<\/p>\n<p>&nbsp;<\/p>\n","protected":false},"excerpt":{"rendered":"<p>CNRI Femmes &#8211; La prisonni\u00e8re politique Yasman Aryani en Iran a \u00e9t\u00e9 transf\u00e9r\u00e9e au quartier 2A des services de renseignement des gardiens de la r\u00e9volution (pasdaran) le 5 octobre 2019. Elle purge sa peine de 16 ans \u00e0 la prison d&#8217;Evine de T\u00e9h\u00e9ran. Sa famille n&#8217;en a \u00e9t\u00e9 inform\u00e9e que lorsqu&#8217;ils sont all\u00e9s lui rendre [&hellip;]<\/p>\n","protected":false},"author":4,"featured_media":8782,"comment_status":"open","ping_status":"open","sticky":false,"template":"","format":"standard","meta":{"jnews-multi-image_gallery":[],"jnews_single_post":{"source_name":"","source_url":"","via_name":"","via_url":"","override_template":"0","override":[{"template":"1","single_blog_custom":"","parallax":"1","fullscreen":"0","layout":"right-sidebar","sidebar":"default-sidebar","second_sidebar":"default-sidebar","sticky_sidebar":"1","share_position":"top","share_float_style":"share-monocrhome","show_share_counter":"1","show_view_counter":"1","show_featured":"1","show_post_meta":"1","show_post_author":"1","show_post_author_image":"1","show_post_date":"1","post_date_format":"default","post_date_format_custom":"Y\/m\/d","show_post_category":"1","show_post_reading_time":"0","post_reading_time_wpm":"300","show_zoom_button":"0","zoom_button_out_step":"2","zoom_button_in_step":"3","show_post_tag":"1","show_prev_next_post":"1","show_popup_post":"1","number_popup_post":"1","show_author_box":"0","show_post_related":"0","show_inline_post_related":"0"}],"override_image_size":"0","image_override":[{"single_post_thumbnail_size":"crop-500","single_post_gallery_size":"crop-500"}],"trending_post":"0","trending_post_position":"meta","trending_post_label":"Trending"},"jnews_primary_category":{"id":""},"jnews_social_meta":[],"jnews_override_counter":{"override_view_counter":"0","view_counter_number":"0","override_share_counter":"0","share_counter_number":"0","override_like_counter":"0","like_counter_number":"0","override_dislike_counter":"0","dislike_counter_number":"0"},"footnotes":""},"categories":[3],"tags":[],"class_list":["post-8780","post","type-post","status-publish","format-standard","has-post-thumbnail","hentry","category-infos-des-femmes"],"_links":{"self":[{"href":"https:\/\/wncri.org\/fr\/wp-json\/wp\/v2\/posts\/8780","targetHints":{"allow":["GET"]}}],"collection":[{"href":"https:\/\/wncri.org\/fr\/wp-json\/wp\/v2\/posts"}],"about":[{"href":"https:\/\/wncri.org\/fr\/wp-json\/wp\/v2\/types\/post"}],"author":[{"embeddable":true,"href":"https:\/\/wncri.org\/fr\/wp-json\/wp\/v2\/users\/4"}],"replies":[{"embeddable":true,"href":"https:\/\/wncri.org\/fr\/wp-json\/wp\/v2\/comments?post=8780"}],"version-history":[{"count":0,"href":"https:\/\/wncri.org\/fr\/wp-json\/wp\/v2\/posts\/8780\/revisions"}],"wp:featuredmedia":[{"embeddable":true,"href":"https:\/\/wncri.org\/fr\/wp-json\/wp\/v2\/media\/8782"}],"wp:attachment":[{"href":"https:\/\/wncri.org\/fr\/wp-json\/wp\/v2\/media?parent=8780"}],"wp:term":[{"taxonomy":"category","embeddable":true,"href":"https:\/\/wncri.org\/fr\/wp-json\/wp\/v2\/categories?post=8780"},{"taxonomy":"post_tag","embeddable":true,"href":"https:\/\/wncri.org\/fr\/wp-json\/wp\/v2\/tags?post=8780"}],"curies":[{"name":"wp","href":"https:\/\/api.w.org\/{rel}","templated":true}]}}