{"id":8605,"date":"2019-09-20T18:29:51","date_gmt":"2019-09-20T16:29:51","guid":{"rendered":"https:\/\/wncri.org\/fr\/?p=8605"},"modified":"2019-09-20T18:29:51","modified_gmt":"2019-09-20T16:29:51","slug":"le-parlement-europeen-condamne-fermement-la-repression-des-femmes-en-iran","status":"publish","type":"post","link":"https:\/\/wncri.org\/fr\/2019\/09\/20\/le-parlement-europeen-condamne-fermement-la-repression-des-femmes-en-iran\/","title":{"rendered":"Le Parlement europ\u00e9en condamne fermement la r\u00e9pression des femmes en Iran"},"content":{"rendered":"<p>CNRI Femmes \u2013 Lors d&#8217;une session formelle le jeudi 19 septembre 2019, le Parlement europ\u00e9en a adopt\u00e9 une <a href=\"http:\/\/www.europarl.europa.eu\/doceo\/document\/RC-9-2019-0089_FR.html\" target=\"_blank\" rel=\"noopener noreferrer\">r\u00e9solution<\/a> condamnant le r\u00e9gime iranien pour ses violations des droits des femmes en Iran. La r\u00e9solution a \u00e9t\u00e9 adopt\u00e9e par 608 voix pour, 7 contre et 46 abstentions.<\/p>\n<p>La r\u00e9solution du Parlement europ\u00e9en \u00ab\u00a0condamne avec la plus grande fermet\u00e9 la r\u00e9pression constante dont sont victimes les femmes qui s\u2019opposent au port obligatoire du voile et qui exercent leurs droits \u00e0 la libert\u00e9 d\u2019expression, d\u2019association et de r\u00e9union pacifique; demande au gouvernement iranien de respecter la libert\u00e9 des Iraniennes de choisir leur propre code vestimentaire.\u00a0\u00bb<\/p>\n<p>La r\u00e9solution appelle les autorit\u00e9s iraniennes \u00e0 lib\u00e9rer sans condition toutes les militantes des droits des femmes arbitrairement emprisonn\u00e9es qui protestent contre le caract\u00e8re obligatoire du hijab, ainsi que tous les autres d\u00e9fenseurs des droits humains, emprisonn\u00e9s et condamn\u00e9s pour avoir simplement exerc\u00e9 leur droit \u00e0 la libert\u00e9 d&#8217;expression, d&#8217;association et de r\u00e9union pacifique.<\/p>\n<p>La r\u00e9solution du Parlement europ\u00e9en a exig\u00e9 la lib\u00e9ration imm\u00e9diate de tous les bi-nationaux UE-Iran, notamment Nazanin Zaghari-Ratcliffe.<\/p>\n<p>La r\u00e9solution du PE a \u00e9galement salu\u00e9 et soutenu les d\u00e9fenseuses iraniennes des droits humains qui continuent \u00e0 d\u00e9fendre leurs causes, malgr\u00e9 les difficult\u00e9s et les r\u00e9percussions personnelles auxquelles elles sont confront\u00e9es.<\/p>\n<p>Dans son intervention \u00e0 la session, l&#8217;eurod\u00e9put\u00e9e <a href=\"https:\/\/wncri.org\/2018\/07\/13\/we-stand-by-you-in-bringing-the-perpetrators-of-the-1988-massacre-to-justice\/\" target=\"_blank\" rel=\"noopener noreferrer\">Anna Fotyga<\/a> (Pologne) a f\u00e9licit\u00e9 les femmes iraniennes pour leur bravoure, leur d\u00e9termination et leur volont\u00e9 non seulement pour leur lutte pour les droits des femmes, mais aussi pour leurs protestations contre le r\u00e9gime. Elle a d\u00e9clar\u00e9 que le principal mouvement d&#8217;opposition iranien, le Conseil national de la R\u00e9sistance iranienne, \u00e9tait dirig\u00e9 par une femme.<\/p>\n<p>Dans d&#8217;autres articles de la r\u00e9solution, le Parlement europ\u00e9en a \u00ab\u00a0prie instamment les autorit\u00e9s iraniennes de r\u00e9viser les dispositions l\u00e9gales discriminatoires \u00e0 l\u2019\u00e9gard des femmes\u00a0\u00bb et leur a demand\u00e9 \u00ab\u00a0de veiller \u00e0 ce que les femmes puissent acc\u00e9der \u00e0 tous les stades, sans discrimination ni risque de pers\u00e9cution \u00bb.<\/p>\n<p>Elle a en outre exhort\u00e9 les autorit\u00e9s iraniennes \u00ab\u00a0veiller \u00e0 la pleine mise en \u0153uvre du pacte international relatif aux droits civils et politiques, dont l\u2019Iran est signataire; prie instamment l\u2019Iran d\u2019adh\u00e9rer \u00e0 la convention sur l\u2019\u00e9limination de toutes les formes de discrimination \u00e0 l\u2019\u00e9gard des femmes\u00a0\u00bb.<\/p>\n<p>La r\u00e9solution du PE condamne fermement \u00ab\u00a0condamne vigoureusement l\u2019utilisation de la peine de mort, et en particulier son utilisation contre des mineurs; demande aux autorit\u00e9s iraniennes d\u2019instaurer un moratoire imm\u00e9diat sur le recours \u00e0 cette peine, et de faire ainsi un pas primordial vers son abolition\u00a0\u00bb, appelant l&#8217;Iran \u00ab\u00a0coop\u00e9rer avec le rapporteur sp\u00e9cial des Nations unies sur la situation des droits de l\u2019homme en Iran, notamment en autorisant celui-ci \u00e0 se rendre dans le pays\u00a0\u00bb.<\/p>\n<p>&nbsp;<\/p>\n<p>&nbsp;<\/p>\n<p>&nbsp;<\/p>\n","protected":false},"excerpt":{"rendered":"<p>CNRI Femmes \u2013 Lors d&#8217;une session formelle le jeudi 19 septembre 2019, le Parlement europ\u00e9en a adopt\u00e9 une r\u00e9solution condamnant le r\u00e9gime iranien pour ses violations des droits des femmes en Iran. La r\u00e9solution a \u00e9t\u00e9 adopt\u00e9e par 608 voix pour, 7 contre et 46 abstentions. La r\u00e9solution du Parlement europ\u00e9en \u00ab\u00a0condamne avec la plus [&hellip;]<\/p>\n","protected":false},"author":4,"featured_media":8606,"comment_status":"open","ping_status":"open","sticky":false,"template":"","format":"standard","meta":{"jnews-multi-image_gallery":[],"jnews_single_post":{"source_name":"","source_url":"","via_name":"","via_url":"","override_template":"0","override":[{"template":"1","single_blog_custom":"","parallax":"1","fullscreen":"0","layout":"right-sidebar","sidebar":"default-sidebar","second_sidebar":"default-sidebar","sticky_sidebar":"1","share_position":"top","share_float_style":"share-monocrhome","show_share_counter":"1","show_view_counter":"1","show_featured":"1","show_post_meta":"1","show_post_author":"1","show_post_author_image":"1","show_post_date":"1","post_date_format":"default","post_date_format_custom":"Y\/m\/d","show_post_category":"1","show_post_reading_time":"0","post_reading_time_wpm":"300","show_zoom_button":"0","zoom_button_out_step":"2","zoom_button_in_step":"3","show_post_tag":"1","show_prev_next_post":"1","show_popup_post":"1","number_popup_post":"1","show_author_box":"0","show_post_related":"0","show_inline_post_related":"0"}],"override_image_size":"0","image_override":[{"single_post_thumbnail_size":"crop-500","single_post_gallery_size":"crop-500"}],"trending_post":"0","trending_post_position":"meta","trending_post_label":"Trending"},"jnews_primary_category":{"id":""},"jnews_social_meta":[],"jnews_override_counter":{"override_view_counter":"0","view_counter_number":"0","override_share_counter":"0","share_counter_number":"0","override_like_counter":"0","like_counter_number":"0","override_dislike_counter":"0","dislike_counter_number":"0"},"footnotes":""},"categories":[3],"tags":[],"class_list":["post-8605","post","type-post","status-publish","format-standard","has-post-thumbnail","hentry","category-infos-des-femmes"],"_links":{"self":[{"href":"https:\/\/wncri.org\/fr\/wp-json\/wp\/v2\/posts\/8605","targetHints":{"allow":["GET"]}}],"collection":[{"href":"https:\/\/wncri.org\/fr\/wp-json\/wp\/v2\/posts"}],"about":[{"href":"https:\/\/wncri.org\/fr\/wp-json\/wp\/v2\/types\/post"}],"author":[{"embeddable":true,"href":"https:\/\/wncri.org\/fr\/wp-json\/wp\/v2\/users\/4"}],"replies":[{"embeddable":true,"href":"https:\/\/wncri.org\/fr\/wp-json\/wp\/v2\/comments?post=8605"}],"version-history":[{"count":0,"href":"https:\/\/wncri.org\/fr\/wp-json\/wp\/v2\/posts\/8605\/revisions"}],"wp:featuredmedia":[{"embeddable":true,"href":"https:\/\/wncri.org\/fr\/wp-json\/wp\/v2\/media\/8606"}],"wp:attachment":[{"href":"https:\/\/wncri.org\/fr\/wp-json\/wp\/v2\/media?parent=8605"}],"wp:term":[{"taxonomy":"category","embeddable":true,"href":"https:\/\/wncri.org\/fr\/wp-json\/wp\/v2\/categories?post=8605"},{"taxonomy":"post_tag","embeddable":true,"href":"https:\/\/wncri.org\/fr\/wp-json\/wp\/v2\/tags?post=8605"}],"curies":[{"name":"wp","href":"https:\/\/api.w.org\/{rel}","templated":true}]}}