{"id":8602,"date":"2019-09-19T11:50:11","date_gmt":"2019-09-19T09:50:11","guid":{"rendered":"https:\/\/wncri.org\/fr\/?p=8602"},"modified":"2020-11-29T20:36:59","modified_gmt":"2020-11-29T19:36:59","slug":"le-projet-de-loi-sur-la-securite-des-femmes-finalise-au-bout-de-8-ans-en-iran","status":"publish","type":"post","link":"https:\/\/wncri.org\/fr\/2019\/09\/19\/le-projet-de-loi-sur-la-securite-des-femmes-finalise-au-bout-de-8-ans-en-iran\/","title":{"rendered":"Le projet de loi sur la s\u00e9curit\u00e9 des femmes finalis\u00e9 au bout de 8 ans en Iran"},"content":{"rendered":"<p><strong>CNRI Femmes &#8211; <\/strong>Huit ans apr\u00e8s sa proposition, le projet de loi intitul\u00e9 &#8220;Assurer la s\u00e9curit\u00e9 des femmes&#8221; a \u00e9t\u00e9 finalis\u00e9 par le pouvoir judiciaire du r\u00e9gime iranien et transmis au gouvernement. Le projet de loi sur la violence contre les femmes \u00e9tait bloqu\u00e9 depuis des ann\u00e9es dans les labyrinthes du pouvoir judiciaire.<\/p>\n<p>Lors d&#8217;un point de presse le mardi 17 septembre 2019, le porte-parole du pouvoir judiciaire, Gholam-Hossein Esma&#8217;ili, a d\u00e9clar\u00e9 que le <a href=\"https:\/\/wncri.org\/fr\/2018\/09\/23\/le-projet-de-loi-sur-la-securite-des-femmes-reste-dans-le-labyrinthe-de-l-adoption\/\" target=\"_blank\" rel=\"noopener noreferrer\">projet de loi<\/a> avait \u00e9t\u00e9 finalis\u00e9 et envoy\u00e9 au gouvernement.<\/p>\n<p>Le pouvoir judiciaire a chang\u00e9 le nom du projet de loi en &#8220;Protection, dignit\u00e9 et s\u00e9curit\u00e9 des femmes contre la violence&#8221;. Selon Esmai&#8217;li, le pouvoir judiciaire a constitu\u00e9 des groupes de travail compos\u00e9s du gouvernement, du pouvoir judiciaire, du Centre parlementaire de recherche et de groupes de travail sp\u00e9ciaux de la Direction juridique du pouvoir judiciaire pour examiner le projet de loi.<\/p>\n<p>Le pouvoir judiciaire du r\u00e9gime a supprim\u00e9 au moins 41 articles du projet de loi initial, apparemment parce qu&#8217;ils empi\u00e9taient sur le Code p\u00e9nal et le R\u00e8glement de proc\u00e9dure p\u00e9nale, ou parce qu&#8217;ils contredisaient la politique du r\u00e9gime visant \u00e0 sortir de l\u2019emprisonnement. Le pr\u00e9sent projet de loi a \u00e9t\u00e9 r\u00e9\u00e9crit en cinq chapitres et 77 articles, indique l\u2019agence IRNA le 17 septembre 2019.<\/p>\n<p>Expliquant l&#8217;une des raisons du rejet de ce projet de loi, <a href=\"https:\/\/wncri.org\/fr\/2019\/02\/20\/la-loi-de-protection-des-femmes-contre-la-violence-n-a-pas-ete-adoptee-en-iran\/\" target=\"_blank\" rel=\"noopener noreferrer\">Gholam-Hossein Mohseni Eje&#8217;ii<\/a>, alors porte-parole du pouvoir judiciaire et vice-ministre de la Justice, a d\u00e9clar\u00e9 : &#8220;Un des probl\u00e8mes est que notre politique g\u00e9n\u00e9rale est de sortir de l\u2019emprisonnement. Dans le projet de loi PSW, cependant, l&#8217;emprisonnement a \u00e9t\u00e9 pr\u00e9vu comme une punition pour chaque violation mineure \u00e0 cet \u00e9gard. Et ce faisant, il met en p\u00e9ril les fondements de la famille.&#8221; (Agence IRNA &#8211; 17 f\u00e9vrier 2019)<\/p>\n<p>Plus t\u00f4t, Tayyebeh Siavoshi, d\u00e9put\u00e9e du Majlis, a d\u00e9clar\u00e9 \u00e0 propos de ce projet de loi : &#8220;De nombreuses femmes victimes de violence ne portent pas plainte pour des raisons diff\u00e9rentes. N\u00e9anmoins, elles perdent leurs capacit\u00e9s \u00e0 cause de la violence qui leur est inflig\u00e9e, \u00e0 tel point qu&#8217;elles perdent parfois la raison et se suicident&#8230; Les femmes et les m\u00e8res qui subissent des violences ou sont constamment brutalis\u00e9es ne peuvent g\u00e9rer correctement leur famille.&nbsp;\u00bb (Site officiel donya-e-eqtesad.com, 17 juillet 2018)<\/p>\n","protected":false},"excerpt":{"rendered":"<p>CNRI Femmes &#8211; Huit ans apr\u00e8s sa proposition, le projet de loi intitul\u00e9 &#8220;Assurer la s\u00e9curit\u00e9 des femmes&#8221; a \u00e9t\u00e9 finalis\u00e9 par le pouvoir judiciaire du r\u00e9gime iranien et transmis au gouvernement. Le projet de loi sur la violence contre les femmes \u00e9tait bloqu\u00e9 depuis des ann\u00e9es dans les labyrinthes du pouvoir judiciaire. Lors d&#8217;un [&hellip;]<\/p>\n","protected":false},"author":4,"featured_media":8603,"comment_status":"open","ping_status":"open","sticky":false,"template":"","format":"standard","meta":{"jnews-multi-image_gallery":[],"jnews_single_post":{"subtitle":"","format":"standard","video":"","gallery":"","source_name":"","source_url":"","via_name":"","via_url":"","override":[{"template":"1","single_blog_custom":"","parallax":"1","layout":"right-sidebar","sidebar":"default-sidebar","second_sidebar":"default-sidebar","sticky_sidebar":"1","share_position":"top","share_float_style":"share-monocrhome","show_share_counter":"1","show_view_counter":"1","show_featured":"1","show_post_meta":"1","show_post_author":"1","show_post_author_image":"1","show_post_date":"1","post_date_format":"default","post_date_format_custom":"Y\/m\/d","show_post_category":"1","post_reading_time_wpm":"300","zoom_button_out_step":"2","zoom_button_in_step":"3","show_post_tag":"1","show_prev_next_post":"1","show_popup_post":"1","number_popup_post":"1"}],"image_override":[{"single_post_thumbnail_size":"crop-500","single_post_gallery_size":"crop-500"}],"trending_post_position":"meta","trending_post_label":"Trending","sponsored_post_label":"","sponsored_post_name":"","sponsored_post_url":"","sponsored_post_logo":"","sponsored_post_desc":""},"jnews_primary_category":{"id":""},"jnews_social_meta":[],"jnews_override_counter":{"view_counter_number":"0","share_counter_number":"0","like_counter_number":"0","dislike_counter_number":"0"},"footnotes":""},"categories":[3],"tags":[],"class_list":["post-8602","post","type-post","status-publish","format-standard","has-post-thumbnail","hentry","category-infos-des-femmes"],"_links":{"self":[{"href":"https:\/\/wncri.org\/fr\/wp-json\/wp\/v2\/posts\/8602","targetHints":{"allow":["GET"]}}],"collection":[{"href":"https:\/\/wncri.org\/fr\/wp-json\/wp\/v2\/posts"}],"about":[{"href":"https:\/\/wncri.org\/fr\/wp-json\/wp\/v2\/types\/post"}],"author":[{"embeddable":true,"href":"https:\/\/wncri.org\/fr\/wp-json\/wp\/v2\/users\/4"}],"replies":[{"embeddable":true,"href":"https:\/\/wncri.org\/fr\/wp-json\/wp\/v2\/comments?post=8602"}],"version-history":[{"count":0,"href":"https:\/\/wncri.org\/fr\/wp-json\/wp\/v2\/posts\/8602\/revisions"}],"wp:featuredmedia":[{"embeddable":true,"href":"https:\/\/wncri.org\/fr\/wp-json\/wp\/v2\/media\/8603"}],"wp:attachment":[{"href":"https:\/\/wncri.org\/fr\/wp-json\/wp\/v2\/media?parent=8602"}],"wp:term":[{"taxonomy":"category","embeddable":true,"href":"https:\/\/wncri.org\/fr\/wp-json\/wp\/v2\/categories?post=8602"},{"taxonomy":"post_tag","embeddable":true,"href":"https:\/\/wncri.org\/fr\/wp-json\/wp\/v2\/tags?post=8602"}],"curies":[{"name":"wp","href":"https:\/\/api.w.org\/{rel}","templated":true}]}}