{"id":8509,"date":"2023-08-29T21:30:00","date_gmt":"2023-08-29T19:30:00","guid":{"rendered":"https:\/\/wncri.org\/fr\/?p=8509"},"modified":"2023-09-01T08:15:21","modified_gmt":"2023-09-01T06:15:21","slug":"les-disparitions-forcees-continuent-en-iran-alors-que-le-monde-ferme-les-yeux","status":"publish","type":"post","link":"https:\/\/wncri.org\/fr\/2023\/08\/29\/les-disparitions-forcees-continuent-en-iran-alors-que-le-monde-ferme-les-yeux\/","title":{"rendered":"Les disparitions forc\u00e9es continuent en Iran alors que le monde ferme les yeux"},"content":{"rendered":"\n<p>Alors que le monde c\u00e9l\u00e9brait la Journ\u00e9e internationale des victimes de disparitions forc\u00e9es le 30 ao\u00fbt, nous appelons la communaut\u00e9 internationale \u00e0 mettre fin \u00e0 trois d\u00e9cennies d\u2019impunit\u00e9 du r\u00e9gime des mollahs en Iran et \u00e0 mettre sur pied une commission d\u2019enqu\u00eate internationale sur le massacre de 1988 en Iran.<\/p>\n\n\n\n<p>Le refus persistant des autorit\u00e9s iraniennes \u00e0 r\u00e9v\u00e9ler le sort de milliers de dissidents politiques disparus de force et ex\u00e9cut\u00e9s extrajudiciairement dans le plus grand secret lors des massacres dans les prisons iraniennes en 1988 a d\u00e9clench\u00e9 une crise que la communaut\u00e9 internationale a largement ignor\u00e9e pendant des d\u00e9cennies.<\/p>\n\n\n\n<p><a href=\"https:\/\/www.amnesty.org\/en\/latest\/news\/2019\/08\/iran-world-turning-blind-eye-to-crisis-of-mass-enforced-disappearance\/\" target=\"_blank\" rel=\"noopener noreferrer\">Amnesty International,<\/a> le 28 ao\u00fbt, dans la perspective de la Journ\u00e9e internationale des victimes de disparitions forc\u00e9es a parl\u00e9 de milliers de morts qui ne sont toujours pas enregistr\u00e9es et, dans tout le pays, des milliers de corps disparus inhum\u00e9s dans des fosses communes non identifi\u00e9es.<\/p>\n\n\n\n<p>Depuis 35 ans, les autorit\u00e9s iraniennes n&#8217;ont pas officiellement reconnu l&#8217;existence de ces fosses communes et ont dissimul\u00e9 leurs emplacements, causant des souffrances immenses aux familles qui cherchent toujours des r\u00e9ponses sur leurs proches disparus, a ajout\u00e9 Amnesty International.<\/p>\n\n\n<div class=\"wp-block-image wp-image-8511 size-full\">\n<figure class=\"aligncenter\"><img decoding=\"async\" src=\"data:image\/gif;base64,R0lGODlhAQABAIAAAAAAAP\/\/\/yH5BAEAAAAALAAAAAABAAEAAAIBRAA7\" data-src=\"https:\/\/wncri.org\/fr\/wp-content\/uploads\/2019\/09\/2-Families-at-suspected-mass-graves-min.jpg\" alt=\"\" class=\"wp-image-8511 lazyload\"\/><noscript><img decoding=\"async\" width=\"750\" height=\"430\" src=\"https:\/\/wncri.org\/fr\/wp-content\/uploads\/2019\/09\/2-Families-at-suspected-mass-graves-min.jpg\" alt=\"\" class=\"wp-image-8511 lazyload\" srcset=\"https:\/\/wncri.org\/fr\/wp-content\/uploads\/2019\/09\/2-Families-at-suspected-mass-graves-min.jpg 750w, https:\/\/wncri.org\/fr\/wp-content\/uploads\/2019\/09\/2-Families-at-suspected-mass-graves-min-300x172.jpg 300w\" sizes=\"(max-width: 750px) 100vw, 750px\" \/><\/noscript><figcaption class=\"wp-element-caption\">Families of victims of enforced disappearances in Khavaran Cemetery which is the site of several mass graves<\/figcaption><\/figure>\n<\/div>\n\n\n<p>Il n\u2019y a pas de crime plus cruel que la \u00ab disparition \u00bb d\u2019un \u00eatre humain. Les disparitions forc\u00e9es sont un outil de terreur \u00e0 l\u2019impact d\u00e9vastateur qui ne frappe pas seulement les individus et leurs familles, mais des soci\u00e9t\u00e9s enti\u00e8res laissant des cicatrices tr\u00e8s difficiles \u00e0 soigner. C\u2019est pourquoi elles constituent un crime au regard du droit international et, si elles sont commises dans le cadre d\u2019une attaque g\u00e9n\u00e9ralis\u00e9e ou syst\u00e9matique dirig\u00e9es contre une population civile, elles constituent un crime contre l\u2019humanit\u00e9.<\/p>\n\n\n\n<p>Pour la plupart des proches des personnes disparues, la perte de l&#8217;\u00eatre cher continue de se sentir r\u00e9cente, m\u00eame lorsque la logique leur dit que la personne est probablement morte. Tant qu\u2019il y aura de l\u2019incertitude, il y aura de l\u2019espoir. Tant qu\u2019il y a de l\u2019espoir, ils restent pris au pi\u00e8ge dans des limbes tortueux, incapables de faire leur deuil ou de continuer leur vie. Pour les parents en particulier, abandonner l&#8217;espoir est une trahison, comme s&#8217;ils tuaient leur propre enfant.<\/p>\n\n\n\n<p>La regrett\u00e9e Rapporteuse des Nations Unies sur les droits de l&#8217;homme en Iran, <a href=\"https:\/\/wncri.org\/2017\/10\/25\/report-of-unsr-asma-jahangir-to-unga-3rd-committee-october-25-2017\/\" target=\"_blank\" rel=\"noopener noreferrer\">feue Asma Jahangir,<\/a> a inclus dans son rapport les plaintes des familles concernant le massacre de 30 000 prisonniers politiques en 1988.<\/p>\n\n\n\n<p>Selon le droit international, le crime de disparition forc\u00e9e persiste jusqu&#8217;\u00e0 ce que l&#8217;\u00c9tat r\u00e9v\u00e8le le sort de la victime o\u00f9 il se trouve. Si la personne disparue est d\u00e9c\u00e9d\u00e9e, l&#8217;\u00c9tat doit restituer les restes de la victime \u00e0 sa famille.<\/p>\n\n\n<div class=\"wp-block-image\">\n<figure class=\"aligncenter size-large\"><img decoding=\"async\" src=\"data:image\/gif;base64,R0lGODlhAQABAIAAAAAAAP\/\/\/yH5BAEAAAAALAAAAAABAAEAAAIBRAA7\" data-src=\"https:\/\/wncri.org\/fr\/wp-content\/uploads\/2019\/09\/1-Mother-of-a-victim-of-enforced-disappearances-in-Khavaran-min.jpg\" alt=\"\" class=\"wp-image-8510 lazyload\"\/><noscript><img decoding=\"async\" width=\"750\" height=\"430\" src=\"https:\/\/wncri.org\/fr\/wp-content\/uploads\/2019\/09\/1-Mother-of-a-victim-of-enforced-disappearances-in-Khavaran-min.jpg\" alt=\"\" class=\"wp-image-8510 lazyload\" srcset=\"https:\/\/wncri.org\/fr\/wp-content\/uploads\/2019\/09\/1-Mother-of-a-victim-of-enforced-disappearances-in-Khavaran-min.jpg 750w, https:\/\/wncri.org\/fr\/wp-content\/uploads\/2019\/09\/1-Mother-of-a-victim-of-enforced-disappearances-in-Khavaran-min-300x172.jpg 300w\" sizes=\"(max-width: 750px) 100vw, 750px\" \/><\/noscript><\/figure>\n<\/div>\n\n\n<h3 class=\"wp-block-heading\"><strong>Harc\u00e8lement des familles \u00e0 la recherche de la v\u00e9rit\u00e9<\/strong><\/h3>\n\n\n\n<p>La disparition forc\u00e9e est l&#8217;une des pires violations des droits humains. Des personnes sont enlev\u00e9es \u00e0 leur famille par des autorit\u00e9s officielles ou par d&#8217;autres individus agissant en leur nom, qui nient par la suite que la personne est sous leur garde ou refusent de dire o\u00f9 elles se trouvent. Les familles sont ainsi plong\u00e9es dans un \u00e9tat d&#8217;angoisse, essayant d\u00e9sesp\u00e9r\u00e9ment de garder espoir en leur vie tout en craignant le pire.<\/p>\n\n\n\n<p>De nombreuses familles iraniennes ont \u00e9t\u00e9 pi\u00e9g\u00e9es dans ces limbes plus de trois d\u00e9cennies apr\u00e8s le massacre de 30 000 prisonniers politiques en Iran en 1988.<\/p>\n\n\n\n<p>Les familles et les proches ne peuvent pas apprendre la v\u00e9rit\u00e9 et rechercher la justice, alors que nombre d\u2019auteurs de ces crimes odieux occupent des postes \u00e9lev\u00e9s au gouvernement. Ceux qui ont os\u00e9 le faire ont subi des cons\u00e9quences.<\/p>\n\n\n\n<p><a href=\"https:\/\/wncri.org\/fr\/2019\/07\/28\/maryam-akbari-les-criminels-du-massacre-de-1988-sont-au-pouvoir-en-iran\/\" target=\"_blank\" rel=\"noopener noreferrer\">Maryam Akbari<\/a>-Monfared a \u00e9t\u00e9 arr\u00eat\u00e9e en d\u00e9cembre 2009 et condamn\u00e9e \u00e0 15 ans de prison. Le juge lui a dit qu&#8217;elle devrait payer le prix de ses fr\u00e8res et s\u0153urs ex\u00e9cut\u00e9s en 1988 par le r\u00e9gime pour leur opposition.<\/p>\n\n\n<div class=\"wp-block-image wp-image-8523 size-full\">\n<figure class=\"aligncenter\"><img decoding=\"async\" src=\"data:image\/gif;base64,R0lGODlhAQABAIAAAAAAAP\/\/\/yH5BAEAAAAALAAAAAABAAEAAAIBRAA7\" data-src=\"https:\/\/wncri.org\/fr\/wp-content\/uploads\/2019\/09\/Roghieh-Akbari-min.jpg\" alt=\"\" class=\"wp-image-8523 lazyload\"\/><noscript><img decoding=\"async\" width=\"300\" height=\"300\" src=\"https:\/\/wncri.org\/fr\/wp-content\/uploads\/2019\/09\/Roghieh-Akbari-min.jpg\" alt=\"\" class=\"wp-image-8523 lazyload\" srcset=\"https:\/\/wncri.org\/fr\/wp-content\/uploads\/2019\/09\/Roghieh-Akbari-min.jpg 300w, https:\/\/wncri.org\/fr\/wp-content\/uploads\/2019\/09\/Roghieh-Akbari-min-150x150.jpg 150w, https:\/\/wncri.org\/fr\/wp-content\/uploads\/2019\/09\/Roghieh-Akbari-min-75x75.jpg 75w\" sizes=\"(max-width: 300px) 100vw, 300px\" \/><\/noscript><figcaption class=\"wp-element-caption\">Roghieh Akbari Monfared<\/figcaption><\/figure>\n<\/div>\n\n\n<p>En f\u00e9vrier 2017, alors qu&#8217;elle \u00e9tait en d\u00e9tention, Maryam Akbari-Monfared a d\u00e9pos\u00e9 une plainte aupr\u00e8s de l&#8217;ONU, demandant de l&#8217;aide pour d\u00e9couvrir la v\u00e9rit\u00e9 sur le sort de son fr\u00e8re et de sa s\u0153ur, Roghieh et Abdolreza, ex\u00e9cut\u00e9s lors du massacre de 1988. Le r\u00e9gime iranien a verbalement inform\u00e9 la famille de l&#8217;ex\u00e9cution de leurs enfants, mais n&#8217;a jamais r\u00e9v\u00e9l\u00e9 leurs lieux d&#8217;inhumation.<\/p>\n\n\n\n<p>Le Groupe de travail des Nations Unies sur les disparitions involontaires et forc\u00e9es (WGIED) a reconnu Roghieh et Abdolreza Akbari-Monfared en tant que victimes de disparitions forc\u00e9es.<\/p>\n\n\n\n<p><a href=\"https:\/\/wncri.org\/fr\/2018\/05\/09\/iran-jugee-pour-la-seconde-fois-parce-qu-elle-recherche-son-frere-et-sa-niece\/\" target=\"_blank\" rel=\"noopener noreferrer\">Raheleh Rahemipour<\/a>, \u00e2g\u00e9 de 65 ans, a \u00e9t\u00e9 condamn\u00e9e par le tribunal r\u00e9volutionnaire de T\u00e9h\u00e9ran \u00e0 un an de prison le 9 avril 2019 pour \u00ab propagande contre l&#8217;\u00c9tat \u00bb. Alors que le Groupe de travail des Nations Unies sur les disparitions forc\u00e9es ou involontaires commen\u00e7ait \u00e0 examiner sa plainte et demandait aux autorit\u00e9s iraniennes de reconna\u00eetre son fr\u00e8re et sa ni\u00e8ce, le r\u00e9gime s\u2019est mis \u00e0 faire pression sur elle et \u00e0 la harceler.<\/p>\n\n\n<div class=\"wp-block-image wp-image-8522 size-medium\">\n<figure class=\"aligncenter\"><img decoding=\"async\" src=\"data:image\/gif;base64,R0lGODlhAQABAIAAAAAAAP\/\/\/yH5BAEAAAAALAAAAAABAAEAAAIBRAA7\" data-src=\"https:\/\/wncri.org\/fr\/wp-content\/uploads\/2019\/09\/Raheleh-Rahemipour-brother-300x289-300x289.jpg\" alt=\"\" class=\"wp-image-8522 lazyload\"\/><noscript><img decoding=\"async\" width=\"300\" height=\"289\" src=\"https:\/\/wncri.org\/fr\/wp-content\/uploads\/2019\/09\/Raheleh-Rahemipour-brother-300x289-300x289.jpg\" alt=\"\" class=\"wp-image-8522 lazyload\"\/><\/noscript><figcaption class=\"wp-element-caption\">Raheleh Rahemipour holding her brother\u2019s picture<\/figcaption><\/figure>\n<\/div>\n\n\n<p>Le fr\u00e8re de Mme Rahemipour, Hossein Rahemipour, un dentiste, a \u00e9t\u00e9 arr\u00eat\u00e9 avec son \u00e9pouse enceinte en 1983. Au printemps 1984, la famille Rahemipour a \u00e9t\u00e9 inform\u00e9e que l&#8217;enfant Golrou \u00e9tait n\u00e9e \u00e0 la prison d&#8217;Evine mais \u00e9tait d\u00e9c\u00e9d\u00e9 plus tard. \u00c0 la fin de l&#8217;\u00e9t\u00e9 de la m\u00eame ann\u00e9e, Hossein a \u00e9t\u00e9 ex\u00e9cut\u00e9. Sa mort a \u00e9t\u00e9 annonc\u00e9e \u00e0 sa famille par t\u00e9l\u00e9phone.<\/p>\n\n\n\n<p>Ali Saremi a \u00e9t\u00e9 arr\u00eat\u00e9 et emprisonn\u00e9 en 2007 pour s&#8217;\u00eatre entretenu avec un groupe de familles de victimes de disparitions forc\u00e9es du massacre de 1988 au cimeti\u00e8re de Khavaran, o\u00f9 se trouvaient certaines des fosses communes renfermant des corps de victimes ex\u00e9cut\u00e9es. M. Saremi a ensuite \u00e9t\u00e9 ex\u00e9cut\u00e9 en 2011.<\/p>\n\n\n\n<p>Les cas de disparitions forc\u00e9es en Iran ne se limitent pas aux ann\u00e9es 1980. Le r\u00e9gime en place continue \u00e0 s\u00e9vir avec cette m\u00e9thode.<\/p>\n\n\n\n<p>Le Groupe de travail des Nations Unies sur les disparitions forc\u00e9es ou involontaires a r\u00e9cemment reconnu les cas de prisonniers politiques kurdes, Mme <a href=\"https:\/\/wncri.org\/fr\/2019\/05\/14\/shirin-alam-houli-fleur-de-la-resistance-du-kurdistan-diran\/\" target=\"_blank\" rel=\"noopener noreferrer\">Shirin Alam Holi<\/a>, M. Farzad Kamangar, M. Ali Heidarian et M. Farhad Vakili ex\u00e9cut\u00e9s en 2010. Il s\u2019agit de disparitions forc\u00e9es \u00e9tant donn\u00e9 que leurs corps n&#8217;ont jamais \u00e9t\u00e9 remis \u00e0 leurs familles. Le r\u00e9gime a continu\u00e9 de dissimuler la v\u00e9rit\u00e9 sur leurs ex\u00e9cutions et leur enterrement. Le Groupe de travail de l\u2019ONU demande maintenant aux autorit\u00e9s iraniennes de soumettre des preuves afin de conna\u00eetre le d\u00e9tail de leur sort.<\/p>\n\n\n<div class=\"wp-block-image wp-image-8526 size-full\">\n<figure class=\"aligncenter\"><img decoding=\"async\" src=\"data:image\/gif;base64,R0lGODlhAQABAIAAAAAAAP\/\/\/yH5BAEAAAAALAAAAAABAAEAAAIBRAA7\" data-src=\"https:\/\/wncri.org\/fr\/wp-content\/uploads\/2019\/09\/shirin-alam-hooli-BW-300x300.jpg\" alt=\"\" class=\"wp-image-8526 lazyload\"\/><noscript><img decoding=\"async\" width=\"300\" height=\"300\" src=\"https:\/\/wncri.org\/fr\/wp-content\/uploads\/2019\/09\/shirin-alam-hooli-BW-300x300.jpg\" alt=\"\" class=\"wp-image-8526 lazyload\" srcset=\"https:\/\/wncri.org\/fr\/wp-content\/uploads\/2019\/09\/shirin-alam-hooli-BW-300x300.jpg 300w, https:\/\/wncri.org\/fr\/wp-content\/uploads\/2019\/09\/shirin-alam-hooli-BW-300x300-150x150.jpg 150w, https:\/\/wncri.org\/fr\/wp-content\/uploads\/2019\/09\/shirin-alam-hooli-BW-300x300-75x75.jpg 75w\" sizes=\"(max-width: 300px) 100vw, 300px\" \/><\/noscript><figcaption class=\"wp-element-caption\">Shirin Alam Holi<\/figcaption><\/figure>\n<\/div>\n\n\n<p>Dans son rapport de d\u00e9cembre 2018 intitul\u00e9 \u00ab Des secrets couverts de sang\u00bb, Amnesty International a d\u00e9clar\u00e9 qu&#8217;en continuant de dissimuler syst\u00e9matiquement le sort et les tombes des victimes des ex\u00e9cutions extrajudiciaires secr\u00e8tes en 1988, les autorit\u00e9s iraniennes commettaient un crime contre l&#8217;humanit\u00e9 de disparitions forc\u00e9es en cours. En vertu du droit international, les autorit\u00e9s iraniennes ont l&#8217;obligation d&#8217;enqu\u00eater sur ces crimes en cours et de fournir v\u00e9rit\u00e9, justice et r\u00e9paration aux victimes. Dans tous les cas de d\u00e9c\u00e8s, les autorit\u00e9s ont l&#8217;obligation de d\u00e9livrer un certificat de d\u00e9c\u00e8s, indiquant avec pr\u00e9cision la date, le lieu et la cause du d\u00e9c\u00e8s. Toutefois, Amnesty International a soulign\u00e9 dans son rapport que cela n&#8217;avait pas \u00e9t\u00e9 fait pour des milliers de cas pour les victimes des ex\u00e9cutions extrajudiciaires secr\u00e8tes de 1988.<\/p>\n\n\n\n<p>Non seulement, le r\u00e9gime iranien n\u2019a rendu le corps d&#8217;aucune des victimes du massacre de 1988 aux familles et refus\u00e9 de r\u00e9v\u00e9ler leurs lieux d\u2019inhumation, mais il a aussi multipli\u00e9 les efforts pour raser les fosses communes et y faire des travaux de construction dessus pour \u00e9liminer toute trace de leur crime contre l\u2019humanit\u00e9.<\/p>\n\n\n\n<h3 class=\"wp-block-heading\"><strong>Visages des victimes<\/strong><\/h3>\n\n\n\n<p>Parmi les quelque 30 000 prisonniers politiques massacr\u00e9s en Iran en 1988, des milliers de jeunes femmes \u00e9taient victimes de disparitions forc\u00e9es ou involontaires. En voici bri\u00e8vement quelques-unes :<\/p>\n\n\n\n<p><strong>Monireh Radjavi<\/strong>, m\u00e8re de deux filles, a \u00e9t\u00e9 ex\u00e9cut\u00e9e lors du massacre de 1988 pour ses liens familiaux avec le dirigeant de la R\u00e9sistance iranienne, Massoud Radjavi. Elle \u00e9tait sa s\u0153ur cadette et ne menait aucune activit\u00e9 politique. Elle a purg\u00e9 six ann\u00e9es de prison avant d&#8217;\u00eatre ex\u00e9cut\u00e9e et incarne le symbole de l&#8217;innocence des victimes du massacre de 1988.<\/p>\n\n\n<div class=\"wp-block-image wp-image-8520 size-full\">\n<figure class=\"aligncenter\"><img decoding=\"async\" src=\"data:image\/gif;base64,R0lGODlhAQABAIAAAAAAAP\/\/\/yH5BAEAAAAALAAAAAABAAEAAAIBRAA7\" data-src=\"https:\/\/wncri.org\/fr\/wp-content\/uploads\/2019\/09\/Monireh-Rajavi-min.jpg\" alt=\"\" class=\"wp-image-8520 lazyload\"\/><noscript><img decoding=\"async\" width=\"300\" height=\"300\" src=\"https:\/\/wncri.org\/fr\/wp-content\/uploads\/2019\/09\/Monireh-Rajavi-min.jpg\" alt=\"\" class=\"wp-image-8520 lazyload\" srcset=\"https:\/\/wncri.org\/fr\/wp-content\/uploads\/2019\/09\/Monireh-Rajavi-min.jpg 300w, https:\/\/wncri.org\/fr\/wp-content\/uploads\/2019\/09\/Monireh-Rajavi-min-150x150.jpg 150w, https:\/\/wncri.org\/fr\/wp-content\/uploads\/2019\/09\/Monireh-Rajavi-min-75x75.jpg 75w\" sizes=\"(max-width: 300px) 100vw, 300px\" \/><\/noscript><figcaption class=\"wp-element-caption\">Monireh Rajavi<\/figcaption><\/figure>\n<\/div>\n\n\n<p><a href=\"https:\/\/wncri.org\/2015\/08\/18\/monireh-rajavi\/\" target=\"_blank\" rel=\"noopener noreferrer\">Maliheh Aghvami<\/a>, 26 ans, a \u00e9t\u00e9 viol\u00e9e avant son ex\u00e9cution. Les jeunes femmes vierges ont \u00e9t\u00e9 syst\u00e9matiquement viol\u00e9es avant leur ex\u00e9cution pour les \u00ab&nbsp;emp\u00eacher d&#8217;entrer au paradis&nbsp;\u00bb. Elle a \u00e9t\u00e9 ex\u00e9cut\u00e9e le 7 octobre 1988, apr\u00e8s quoi un jeune membre de la milice du Bassidj s\u2019est rendu au domicile de ses parents, se pr\u00e9sentant comme son \u00e9poux et leur remettant une bo\u00eete de friandises et la somme de 500 tomans en guise de dot de leur fille ex\u00e9cut\u00e9e.<\/p>\n\n\n<div class=\"wp-block-image wp-image-8519 size-full\">\n<figure class=\"aligncenter\"><img decoding=\"async\" src=\"data:image\/gif;base64,R0lGODlhAQABAIAAAAAAAP\/\/\/yH5BAEAAAAALAAAAAABAAEAAAIBRAA7\" data-src=\"https:\/\/wncri.org\/fr\/wp-content\/uploads\/2019\/09\/Maliheh-Aghvami-min.jpg\" alt=\"\" class=\"wp-image-8519 lazyload\"\/><noscript><img decoding=\"async\" width=\"300\" height=\"300\" src=\"https:\/\/wncri.org\/fr\/wp-content\/uploads\/2019\/09\/Maliheh-Aghvami-min.jpg\" alt=\"\" class=\"wp-image-8519 lazyload\" srcset=\"https:\/\/wncri.org\/fr\/wp-content\/uploads\/2019\/09\/Maliheh-Aghvami-min.jpg 300w, https:\/\/wncri.org\/fr\/wp-content\/uploads\/2019\/09\/Maliheh-Aghvami-min-150x150.jpg 150w, https:\/\/wncri.org\/fr\/wp-content\/uploads\/2019\/09\/Maliheh-Aghvami-min-75x75.jpg 75w\" sizes=\"(max-width: 300px) 100vw, 300px\" \/><\/noscript><figcaption class=\"wp-element-caption\">Maliheh Aghvami<\/figcaption><\/figure>\n<\/div>\n\n\n<p>Nasrine Shoja\u2019i a \u00e9galement \u00e9t\u00e9 viol\u00e9e avant d&#8217;\u00eatre ex\u00e9cut\u00e9e en 1988 \u00e0 Ispahan.<\/p>\n\n\n<div class=\"wp-block-image wp-image-8521 size-full\">\n<figure class=\"aligncenter\"><img decoding=\"async\" src=\"data:image\/gif;base64,R0lGODlhAQABAIAAAAAAAP\/\/\/yH5BAEAAAAALAAAAAABAAEAAAIBRAA7\" data-src=\"https:\/\/wncri.org\/fr\/wp-content\/uploads\/2019\/09\/Nasrin-Shojaii-min.jpg\" alt=\"\" class=\"wp-image-8521 lazyload\"\/><noscript><img decoding=\"async\" width=\"300\" height=\"300\" src=\"https:\/\/wncri.org\/fr\/wp-content\/uploads\/2019\/09\/Nasrin-Shojaii-min.jpg\" alt=\"\" class=\"wp-image-8521 lazyload\" srcset=\"https:\/\/wncri.org\/fr\/wp-content\/uploads\/2019\/09\/Nasrin-Shojaii-min.jpg 300w, https:\/\/wncri.org\/fr\/wp-content\/uploads\/2019\/09\/Nasrin-Shojaii-min-150x150.jpg 150w, https:\/\/wncri.org\/fr\/wp-content\/uploads\/2019\/09\/Nasrin-Shojaii-min-75x75.jpg 75w\" sizes=\"(max-width: 300px) 100vw, 300px\" \/><\/noscript><figcaption class=\"wp-element-caption\">Nasrin Shojaii<\/figcaption><\/figure>\n<\/div>\n\n\n<p><a href=\"https:\/\/wncri.org\/fr\/2018\/09\/13\/azam-nassabi\/\" target=\"_blank\" rel=\"noopener noreferrer\">Azam Nassabi<\/a> de Kermanchah avait 28 ans au moment de son ex\u00e9cution, le 27 ao\u00fbt 1988, dans la prison de Gohardacht \u00e0 Karadj.<\/p>\n\n\n<div class=\"wp-block-image wp-image-8513 size-full\">\n<figure class=\"aligncenter\"><img decoding=\"async\" src=\"data:image\/gif;base64,R0lGODlhAQABAIAAAAAAAP\/\/\/yH5BAEAAAAALAAAAAABAAEAAAIBRAA7\" data-src=\"https:\/\/wncri.org\/fr\/wp-content\/uploads\/2019\/09\/Azam-Nasabi-min.jpg\" alt=\"\" class=\"wp-image-8513 lazyload\"\/><noscript><img decoding=\"async\" width=\"300\" height=\"300\" src=\"https:\/\/wncri.org\/fr\/wp-content\/uploads\/2019\/09\/Azam-Nasabi-min.jpg\" alt=\"\" class=\"wp-image-8513 lazyload\" srcset=\"https:\/\/wncri.org\/fr\/wp-content\/uploads\/2019\/09\/Azam-Nasabi-min.jpg 300w, https:\/\/wncri.org\/fr\/wp-content\/uploads\/2019\/09\/Azam-Nasabi-min-150x150.jpg 150w, https:\/\/wncri.org\/fr\/wp-content\/uploads\/2019\/09\/Azam-Nasabi-min-75x75.jpg 75w\" sizes=\"(max-width: 300px) 100vw, 300px\" \/><\/noscript><figcaption class=\"wp-element-caption\">Azam Nasabi<\/figcaption><\/figure>\n<\/div>\n\n\n<p><a href=\"https:\/\/wncri.org\/fr\/2016\/10\/29\/achraf-sadat-ahmadi\/\" target=\"_blank\" rel=\"noopener noreferrer\">Achraf Ahmadi<\/a> avait 47 ans et \u00e9tait m\u00e8re de quatre enfants. Elle a accouch\u00e9 de son premier enfant dans une prison du chah et son dernier dans une prison des mollahs. Elle \u00e9tait en prison depuis sept ans lorsqu&#8217;elle a \u00e9t\u00e9 ex\u00e9cut\u00e9e le 31 juillet 1988.<\/p>\n\n\n<div class=\"wp-block-image wp-image-8512 size-full\">\n<figure class=\"aligncenter is-resized\"><img decoding=\"async\" src=\"data:image\/gif;base64,R0lGODlhAQABAIAAAAAAAP\/\/\/yH5BAEAAAAALAAAAAABAAEAAAIBRAA7\" data-src=\"https:\/\/wncri.org\/fr\/wp-content\/uploads\/2019\/09\/Ashraf-Ahmadi-min.png\" alt=\"\" class=\"wp-image-8512 lazyload\" width=\"309\" height=\"309\"\/><noscript><img decoding=\"async\" src=\"https:\/\/wncri.org\/fr\/wp-content\/uploads\/2019\/09\/Ashraf-Ahmadi-min.png\" alt=\"\" class=\"wp-image-8512 lazyload\" width=\"309\" height=\"309\" srcset=\"https:\/\/wncri.org\/fr\/wp-content\/uploads\/2019\/09\/Ashraf-Ahmadi-min.png 200w, https:\/\/wncri.org\/fr\/wp-content\/uploads\/2019\/09\/Ashraf-Ahmadi-min-150x150.png 150w, https:\/\/wncri.org\/fr\/wp-content\/uploads\/2019\/09\/Ashraf-Ahmadi-min-75x75.png 75w\" sizes=\"(max-width: 309px) 100vw, 309px\" \/><\/noscript><figcaption class=\"wp-element-caption\">Ashraf Ahmadi<\/figcaption><\/figure>\n<\/div>\n\n\n<p><a href=\"https:\/\/wncri.org\/fr\/2018\/02\/05\/zahra-bijanyar\/\" target=\"_blank\" rel=\"noopener noreferrer\">Zahra Bijanyar,<\/a> a \u00e9t\u00e9 arr\u00eat\u00e9e \u00e0 l\u2019\u00e2ge de 24 ans alors qu\u2019elle \u00e9tait enceinte et condamn\u00e9e \u00e0 10 ans de prison pour son soutien \u00e0 l&#8217;OMPI. Elle a perdu son b\u00e9b\u00e9 trois mois apr\u00e8s son arrestation. Elle a \u00e9t\u00e9 d\u00e9tenue dans l&#8217;unit\u00e9 r\u00e9sidentielle de Ghezel Hessar o\u00f9 elle a \u00e9t\u00e9 fr\u00e9quemment tortur\u00e9e selon sa s\u0153ur.<\/p>\n\n\n<div class=\"wp-block-image wp-image-8527 size-full\">\n<figure class=\"aligncenter\"><img decoding=\"async\" src=\"data:image\/gif;base64,R0lGODlhAQABAIAAAAAAAP\/\/\/yH5BAEAAAAALAAAAAABAAEAAAIBRAA7\" data-src=\"https:\/\/wncri.org\/fr\/wp-content\/uploads\/2019\/09\/Zahra-Bijanyar-min.jpg\" alt=\"\" class=\"wp-image-8527 lazyload\"\/><noscript><img decoding=\"async\" width=\"300\" height=\"300\" src=\"https:\/\/wncri.org\/fr\/wp-content\/uploads\/2019\/09\/Zahra-Bijanyar-min.jpg\" alt=\"\" class=\"wp-image-8527 lazyload\" srcset=\"https:\/\/wncri.org\/fr\/wp-content\/uploads\/2019\/09\/Zahra-Bijanyar-min.jpg 300w, https:\/\/wncri.org\/fr\/wp-content\/uploads\/2019\/09\/Zahra-Bijanyar-min-150x150.jpg 150w, https:\/\/wncri.org\/fr\/wp-content\/uploads\/2019\/09\/Zahra-Bijanyar-min-75x75.jpg 75w\" sizes=\"(max-width: 300px) 100vw, 300px\" \/><\/noscript><figcaption class=\"wp-element-caption\">Zahra Bijanyar<\/figcaption><\/figure>\n<\/div>\n\n\n<p>Farahnaz Zarfchi et Fatemeh Zare\u2019i ont \u00e9t\u00e9 ex\u00e9cut\u00e9es au cours du massacre de 1988, apr\u00e8s sept ann\u00e9es de prison chacune.<\/p>\n\n\n<div class=\"wp-block-image wp-image-8514 size-full\">\n<figure class=\"aligncenter\"><img decoding=\"async\" src=\"data:image\/gif;base64,R0lGODlhAQABAIAAAAAAAP\/\/\/yH5BAEAAAAALAAAAAABAAEAAAIBRAA7\" data-src=\"https:\/\/wncri.org\/fr\/wp-content\/uploads\/2019\/09\/Farahnaz-Zarfchi-min.jpg\" alt=\"\" class=\"wp-image-8514 lazyload\"\/><noscript><img decoding=\"async\" width=\"300\" height=\"300\" src=\"https:\/\/wncri.org\/fr\/wp-content\/uploads\/2019\/09\/Farahnaz-Zarfchi-min.jpg\" alt=\"\" class=\"wp-image-8514 lazyload\" srcset=\"https:\/\/wncri.org\/fr\/wp-content\/uploads\/2019\/09\/Farahnaz-Zarfchi-min.jpg 300w, https:\/\/wncri.org\/fr\/wp-content\/uploads\/2019\/09\/Farahnaz-Zarfchi-min-150x150.jpg 150w, https:\/\/wncri.org\/fr\/wp-content\/uploads\/2019\/09\/Farahnaz-Zarfchi-min-75x75.jpg 75w\" sizes=\"(max-width: 300px) 100vw, 300px\" \/><\/noscript><figcaption class=\"wp-element-caption\">Farahnaz Zarfchi<\/figcaption><\/figure>\n<\/div>\n\n<div class=\"wp-block-image wp-image-8516 size-full\">\n<figure class=\"aligncenter\"><img decoding=\"async\" src=\"data:image\/gif;base64,R0lGODlhAQABAIAAAAAAAP\/\/\/yH5BAEAAAAALAAAAAABAAEAAAIBRAA7\" data-src=\"https:\/\/wncri.org\/fr\/wp-content\/uploads\/2019\/09\/Fatemeh-Zareii-min.jpg\" alt=\"\" class=\"wp-image-8516 lazyload\"\/><noscript><img decoding=\"async\" width=\"300\" height=\"300\" src=\"https:\/\/wncri.org\/fr\/wp-content\/uploads\/2019\/09\/Fatemeh-Zareii-min.jpg\" alt=\"\" class=\"wp-image-8516 lazyload\" srcset=\"https:\/\/wncri.org\/fr\/wp-content\/uploads\/2019\/09\/Fatemeh-Zareii-min.jpg 300w, https:\/\/wncri.org\/fr\/wp-content\/uploads\/2019\/09\/Fatemeh-Zareii-min-150x150.jpg 150w, https:\/\/wncri.org\/fr\/wp-content\/uploads\/2019\/09\/Fatemeh-Zareii-min-75x75.jpg 75w\" sizes=\"(max-width: 300px) 100vw, 300px\" \/><\/noscript><figcaption class=\"wp-element-caption\">Fatemeh Zareii<\/figcaption><\/figure>\n<\/div>\n\n\n<p>Fariba Dashti et <a href=\"https:\/\/wncri.org\/2017\/08\/27\/fazilat-allameh-haeri\/\" target=\"_blank\" rel=\"noopener noreferrer\">Fazilat Allameh<\/a> ont \u00e9t\u00e9 ex\u00e9cut\u00e9s durant l&#8217;\u00e9t\u00e9 1988, apr\u00e8s sept ans de prison.<\/p>\n\n\n<div class=\"wp-block-image wp-image-8515 size-full\">\n<figure class=\"aligncenter\"><img decoding=\"async\" src=\"data:image\/gif;base64,R0lGODlhAQABAIAAAAAAAP\/\/\/yH5BAEAAAAALAAAAAABAAEAAAIBRAA7\" data-src=\"https:\/\/wncri.org\/fr\/wp-content\/uploads\/2019\/09\/Fariba-Dashti-min.jpg\" alt=\"\" class=\"wp-image-8515 lazyload\"\/><noscript><img decoding=\"async\" width=\"300\" height=\"300\" src=\"https:\/\/wncri.org\/fr\/wp-content\/uploads\/2019\/09\/Fariba-Dashti-min.jpg\" alt=\"\" class=\"wp-image-8515 lazyload\" srcset=\"https:\/\/wncri.org\/fr\/wp-content\/uploads\/2019\/09\/Fariba-Dashti-min.jpg 300w, https:\/\/wncri.org\/fr\/wp-content\/uploads\/2019\/09\/Fariba-Dashti-min-150x150.jpg 150w, https:\/\/wncri.org\/fr\/wp-content\/uploads\/2019\/09\/Fariba-Dashti-min-75x75.jpg 75w\" sizes=\"(max-width: 300px) 100vw, 300px\" \/><\/noscript><figcaption class=\"wp-element-caption\">Fariba Dashti<\/figcaption><\/figure>\n<\/div>\n\n<div class=\"wp-block-image wp-image-8517 size-full\">\n<figure class=\"aligncenter\"><img decoding=\"async\" src=\"data:image\/gif;base64,R0lGODlhAQABAIAAAAAAAP\/\/\/yH5BAEAAAAALAAAAAABAAEAAAIBRAA7\" data-src=\"https:\/\/wncri.org\/fr\/wp-content\/uploads\/2019\/09\/Fazilat-Allameh-min.jpg\" alt=\"\" class=\"wp-image-8517 lazyload\"\/><noscript><img decoding=\"async\" width=\"300\" height=\"300\" src=\"https:\/\/wncri.org\/fr\/wp-content\/uploads\/2019\/09\/Fazilat-Allameh-min.jpg\" alt=\"\" class=\"wp-image-8517 lazyload\" srcset=\"https:\/\/wncri.org\/fr\/wp-content\/uploads\/2019\/09\/Fazilat-Allameh-min.jpg 300w, https:\/\/wncri.org\/fr\/wp-content\/uploads\/2019\/09\/Fazilat-Allameh-min-150x150.jpg 150w, https:\/\/wncri.org\/fr\/wp-content\/uploads\/2019\/09\/Fazilat-Allameh-min-75x75.jpg 75w\" sizes=\"(max-width: 300px) 100vw, 300px\" \/><\/noscript><figcaption class=\"wp-element-caption\">Fazilat Allameh<\/figcaption><\/figure>\n<\/div>\n\n\n<p><a href=\"https:\/\/wncri.org\/fr\/2016\/10\/26\/chekar-mohammad-zadeh\/\" target=\"_blank\" rel=\"noopener noreferrer\">Shekar Mohammadzadeh<\/a>, 32 ans, \u00e9tait une infirmi\u00e8re confirm\u00e9e. Elle a \u00e9t\u00e9 ex\u00e9cut\u00e9e au bout de sept ans de prison en \u00e9t\u00e9 1988.<\/p>\n\n\n<div class=\"wp-block-image\">\n<figure class=\"aligncenter size-large\"><img decoding=\"async\" src=\"data:image\/gif;base64,R0lGODlhAQABAIAAAAAAAP\/\/\/yH5BAEAAAAALAAAAAABAAEAAAIBRAA7\" data-src=\"https:\/\/wncri.org\/fr\/wp-content\/uploads\/2020\/08\/Shekar-Mohammadzadeh-min.jpg\" alt=\"\" class=\"wp-image-11787 lazyload\"\/><noscript><img decoding=\"async\" width=\"300\" height=\"300\" src=\"https:\/\/wncri.org\/fr\/wp-content\/uploads\/2020\/08\/Shekar-Mohammadzadeh-min.jpg\" alt=\"\" class=\"wp-image-11787 lazyload\" srcset=\"https:\/\/wncri.org\/fr\/wp-content\/uploads\/2020\/08\/Shekar-Mohammadzadeh-min.jpg 300w, https:\/\/wncri.org\/fr\/wp-content\/uploads\/2020\/08\/Shekar-Mohammadzadeh-min-150x150.jpg 150w, https:\/\/wncri.org\/fr\/wp-content\/uploads\/2020\/08\/Shekar-Mohammadzadeh-min-75x75.jpg 75w\" sizes=\"(max-width: 300px) 100vw, 300px\" \/><\/noscript><figcaption class=\"wp-element-caption\">Shekar Mohammadzadeh<\/figcaption><\/figure>\n<\/div>\n\n\n<p>Sakineh Delfi est n\u00e9e \u00e0 Abadan (Iran) en 1962. Elle a \u00e9t\u00e9 l&#8217;une des premi\u00e8res victimes du massacre de prisonniers politiques de 1988. Elle a \u00e9t\u00e9 enterr\u00e9e avec sept autres prisonniers politiques moudjahidine du peuple (OMPI \/ MEK) dans un terrain vague de l&#8217;industrie sid\u00e9rurgique d&#8217;Ahwaz. Les fosses ont \u00e9t\u00e9 recouvertes d\u2019une \u00e9paisseur de 30 cm de ciment pour emp\u00eacher l&#8217;acc\u00e8s \u00e0 leurs corps gravement tortur\u00e9s et mutil\u00e9s.<\/p>\n\n\n<div class=\"wp-block-image\">\n<figure class=\"aligncenter size-large\"><img decoding=\"async\" src=\"data:image\/gif;base64,R0lGODlhAQABAIAAAAAAAP\/\/\/yH5BAEAAAAALAAAAAABAAEAAAIBRAA7\" data-src=\"https:\/\/wncri.org\/fr\/wp-content\/uploads\/2020\/08\/Sekineh-Delfi.jpg\" alt=\"\" class=\"wp-image-11788 lazyload\"\/><noscript><img decoding=\"async\" width=\"300\" height=\"300\" src=\"https:\/\/wncri.org\/fr\/wp-content\/uploads\/2020\/08\/Sekineh-Delfi.jpg\" alt=\"\" class=\"wp-image-11788 lazyload\" srcset=\"https:\/\/wncri.org\/fr\/wp-content\/uploads\/2020\/08\/Sekineh-Delfi.jpg 300w, https:\/\/wncri.org\/fr\/wp-content\/uploads\/2020\/08\/Sekineh-Delfi-150x150.jpg 150w, https:\/\/wncri.org\/fr\/wp-content\/uploads\/2020\/08\/Sekineh-Delfi-75x75.jpg 75w\" sizes=\"(max-width: 300px) 100vw, 300px\" \/><\/noscript><figcaption class=\"wp-element-caption\">Sakineh Delfi<\/figcaption><\/figure>\n<\/div>\n\n\n<p><\/p>\n","protected":false},"excerpt":{"rendered":"<p>Alors que le monde c\u00e9l\u00e9brait la Journ\u00e9e internationale des victimes de disparitions forc\u00e9es le 30 ao\u00fbt, nous appelons la communaut\u00e9 internationale \u00e0 mettre fin \u00e0 trois d\u00e9cennies d\u2019impunit\u00e9 du r\u00e9gime des mollahs en Iran et \u00e0 mettre sur pied une commission d\u2019enqu\u00eate internationale sur le massacre de 1988 en Iran. Le refus persistant des autorit\u00e9s [&hellip;]<\/p>\n","protected":false},"author":4,"featured_media":11789,"comment_status":"open","ping_status":"open","sticky":false,"template":"","format":"standard","meta":{"jnews-multi-image_gallery":[],"jnews_single_post":{"subtitle":"","format":"standard","video":"","gallery":"","source_name":"","source_url":"","via_name":"","via_url":"","override_template":"0","override":[{"template":"1","single_blog_custom":"","parallax":"1","fullscreen":"1","layout":"right-sidebar","sidebar":"default-sidebar","second_sidebar":"default-sidebar","sticky_sidebar":"1","share_position":"top","share_float_style":"share-monocrhome","show_share_counter":"1","show_view_counter":"1","show_featured":"1","show_post_meta":"1","show_post_author":"1","show_post_author_image":"1","show_post_date":"1","post_date_format":"default","post_date_format_custom":"Y\/m\/d","show_post_category":"1","show_post_reading_time":"0","post_reading_time_wpm":"300","show_zoom_button":"0","zoom_button_out_step":"2","zoom_button_in_step":"3","show_post_tag":"1","show_prev_next_post":"1","show_popup_post":"1","number_popup_post":"1","show_author_box":"0","show_post_related":"1","show_inline_post_related":"0"}],"override_image_size":"0","image_override":[{"single_post_thumbnail_size":"crop-500","single_post_gallery_size":"crop-500"}],"trending_post":"0","trending_post_position":"meta","trending_post_label":"Trending","sponsored_post":"0","sponsored_post_label":"","sponsored_post_name":"","sponsored_post_url":"","sponsored_post_logo_enable":"0","sponsored_post_logo":"","sponsored_post_desc":"","disable_ad":"0"},"jnews_primary_category":{"id":"","hide":""},"jnews_social_meta":{"fb_title":"","fb_description":"","fb_image":"","twitter_title":"","twitter_description":"","twitter_image":""},"jnews_override_counter":{"override_view_counter":"0","view_counter_number":"0","override_share_counter":"0","share_counter_number":"0","override_like_counter":"0","like_counter_number":"0","override_dislike_counter":"0","dislike_counter_number":"0"},"footnotes":""},"categories":[8],"tags":[367,376],"class_list":["post-8509","post","type-post","status-publish","format-standard","has-post-thumbnail","hentry","category-articles","tag-execution","tag-violence-contre-les-femmes"],"_links":{"self":[{"href":"https:\/\/wncri.org\/fr\/wp-json\/wp\/v2\/posts\/8509","targetHints":{"allow":["GET"]}}],"collection":[{"href":"https:\/\/wncri.org\/fr\/wp-json\/wp\/v2\/posts"}],"about":[{"href":"https:\/\/wncri.org\/fr\/wp-json\/wp\/v2\/types\/post"}],"author":[{"embeddable":true,"href":"https:\/\/wncri.org\/fr\/wp-json\/wp\/v2\/users\/4"}],"replies":[{"embeddable":true,"href":"https:\/\/wncri.org\/fr\/wp-json\/wp\/v2\/comments?post=8509"}],"version-history":[{"count":2,"href":"https:\/\/wncri.org\/fr\/wp-json\/wp\/v2\/posts\/8509\/revisions"}],"predecessor-version":[{"id":18904,"href":"https:\/\/wncri.org\/fr\/wp-json\/wp\/v2\/posts\/8509\/revisions\/18904"}],"wp:featuredmedia":[{"embeddable":true,"href":"https:\/\/wncri.org\/fr\/wp-json\/wp\/v2\/media\/11789"}],"wp:attachment":[{"href":"https:\/\/wncri.org\/fr\/wp-json\/wp\/v2\/media?parent=8509"}],"wp:term":[{"taxonomy":"category","embeddable":true,"href":"https:\/\/wncri.org\/fr\/wp-json\/wp\/v2\/categories?post=8509"},{"taxonomy":"post_tag","embeddable":true,"href":"https:\/\/wncri.org\/fr\/wp-json\/wp\/v2\/tags?post=8509"}],"curies":[{"name":"wp","href":"https:\/\/api.w.org\/{rel}","templated":true}]}}