{"id":8503,"date":"2019-09-06T14:14:18","date_gmt":"2019-09-06T12:14:18","guid":{"rendered":"https:\/\/wncri.org\/fr\/?p=8503"},"modified":"2022-05-08T23:54:30","modified_gmt":"2022-05-08T21:54:30","slug":"les-peines-de-golrokh-ebrahimi-iraee-et-atena-daemi-maintenues-en-iran","status":"publish","type":"post","link":"https:\/\/wncri.org\/fr\/2019\/09\/06\/les-peines-de-golrokh-ebrahimi-iraee-et-atena-daemi-maintenues-en-iran\/","title":{"rendered":"Les peines de Golrokh Ebrahimi Iraee et Atena Daemi maintenues en Iran"},"content":{"rendered":"<p>CNRI Femmes &#8211; Les peines de prison de 3 ans et 7 mois pour Golrokh Ebrahimi Iraee et<a href=\"https:\/\/wncri.org\/fr\/2019\/05\/28\/repression-et-corruption-signalent-la-fin-de-la-tyrannie-en-iran\/\" target=\"_blank\" rel=\"noopener noreferrer\"> Atena<\/a> Daemi ont \u00e9t\u00e9 maintenues dans leur proc\u00e8s en appel en Iran.<\/p>\n<p>Le 18 juin 2019, <a href=\"https:\/\/wncri.org\/fr\/2019\/07\/14\/golrokh-iraee-et-atena-daemi-condamnees-a-3-ans-et-7-mois-de-prison-en-iran\/\" target=\"_blank\" rel=\"noopener noreferrer\">le tribunal r\u00e9volutionnaire de T\u00e9h\u00e9ran a examin\u00e9 une nouvelle<\/a> plainte d\u00e9pos\u00e9e contre Golrokh Ebrahimi Iraee et <a href=\"https:\/\/www.amnesty.org\/en\/latest\/news\/2018\/02\/iran-three-activists-on-hunger-strike-after-violent-prison-transfer\/\" target=\"_blank\" rel=\"noopener noreferrer\">Atena Daemi<\/a> pour avoir protest\u00e9 durant leur d\u00e9tention contre l&#8217;ex\u00e9cution de trois opposants kurdes. Le tribunal les a condamn\u00e9s \u00e0 1,5 an d&#8217;emprisonnement pour &#8220;propagande contre l&#8217;Etat&#8221; et \u00e0 2 ans et 1 mois de d\u00e9tentions pour \u00ab&nbsp;outrage au guide supr\u00eame (Ali Khamenei)&nbsp;\u00bb.<\/p>\n<p>Amir Ra\u00efssian, avocat de Golrokh Ebrahimi Iraee, a d\u00e9clar\u00e9 \u00e0 la presse le 5 septembre 2019 que le m\u00eame verdict avait \u00e9t\u00e9 confirm\u00e9 lors du proc\u00e8s en appel sans \u00eatre examin\u00e9 par la Cour d\u2019appel.<\/p>\n<p>Golrokh Ebrahimi Iraee <a href=\"https:\/\/wncri.org\/fr\/2019\/04\/10\/la-prisonniere-politique-golrokh-ibrahimi-liberee-apres-une-resistance-victorieuse\/\" target=\"_blank\" rel=\"noopener noreferrer\">avait \u00e9t\u00e9 lib\u00e9r\u00e9e de prison en avril apr\u00e8s plus de trois ans de prison.<\/a><\/p>\n<p>La prisonni\u00e8re politique Atena Daemi, militante civile pour la d\u00e9fense des droits des enfants, est actuellement d\u00e9tenue dans le quartier des femmes de la prison d&#8217;Evine \u00e0 T\u00e9h\u00e9ran. Elle a \u00e9t\u00e9 arr\u00eat\u00e9e le 21 octobre 2014.<\/p>\n<p>Atena Daemi a \u00e9t\u00e9 condamn\u00e9e \u00e0 14 ans de prison le 14 mars 2015, pour ses activit\u00e9s civiles pacifiques, pour &#8220;propagande contre l&#8217;Etat&#8221;, &#8220;association et collusion contre la s\u00e9curit\u00e9 nationale&#8221;, &#8220;insulte au dirigeant&#8221; et &#8220;dissimulation des preuves du crime&#8221;.&nbsp; Atena Daemi a \u00e9t\u00e9 lib\u00e9r\u00e9e le 15 f\u00e9vrier 2016, apr\u00e8s avoir purg\u00e9 16 mois de prison et sa peine a ensuite \u00e9t\u00e9 ramen\u00e9e \u00e0 7 ans. Mais elle a \u00e9t\u00e9 violemment arr\u00eat\u00e9e de nouveau le 26 novembre 2016 et emmen\u00e9e \u00e0 la prison d&#8217;Evine pour purger sa peine.<\/p>\n<p>Golrokh Ebrahimi Iraee a \u00e9t\u00e9 arr\u00eat\u00e9e par les services de renseignement du Corps des gardiens de la r\u00e9volution (pasdaran) le 6 septembre 2014, avec son mari et deux autres militants. Elle a pass\u00e9 trois mois dans le service de renseignement 2A des pasdaran \u00e0 Evine et a ensuite \u00e9t\u00e9 lib\u00e9r\u00e9e le 27 septembre 2014, sous une caution de 80 millions de dollars pour ses activit\u00e9s sur Facebook. Ensuite, elle a \u00e9t\u00e9 condamn\u00e9e \u00e0 6 ans de prison pour &#8220;outrage aux saints&#8221; et &#8220;propagande contre l&#8217;Etat&#8221;.<\/p>\n<p>Le 24 octobre 2016, son domicile a \u00e9t\u00e9 pris d&#8217;assaut par les forces de s\u00e9curit\u00e9 qui l\u2019ont conduite \u00e0 la prison d&#8217;Evine pour purger sa peine. Son mari, Arash Sadeghi, a men\u00e9 72 jours de gr\u00e8ve de la faim en signe de protestation qui a abouti \u00e0 la lib\u00e9ration de Golrokh Ebrahimi Iraee le 3 janvier 2017.<\/p>\n<p>Le 22 janvier 2017, Golrokh Ebrahimi Iraee a de nouveau \u00e9t\u00e9 arr\u00eat\u00e9e alors qu&#8217;elle quittait son domicile et se rendait \u00e0 l&#8217;h\u00f4pital o\u00f9 son mari emprisonn\u00e9 devait \u00eatre auscult\u00e9.<\/p>\n<p>La prisonni\u00e8re politique Golrokh Ebrahimi Iraee a \u00e9t\u00e9 lib\u00e9r\u00e9e de la prison d&#8217;Evine le 8 avril 2019, apr\u00e8s avoir purg\u00e9 la moiti\u00e9 de sa peine.<\/p>\n","protected":false},"excerpt":{"rendered":"<p>CNRI Femmes &#8211; Les peines de prison de 3 ans et 7 mois pour Golrokh Ebrahimi Iraee et Atena Daemi ont \u00e9t\u00e9 maintenues dans leur proc\u00e8s en appel en Iran. Le 18 juin 2019, le tribunal r\u00e9volutionnaire de T\u00e9h\u00e9ran a examin\u00e9 une nouvelle plainte d\u00e9pos\u00e9e contre Golrokh Ebrahimi Iraee et Atena Daemi pour avoir protest\u00e9 [&hellip;]<\/p>\n","protected":false},"author":4,"featured_media":8504,"comment_status":"open","ping_status":"open","sticky":false,"template":"","format":"standard","meta":{"jnews-multi-image_gallery":[],"jnews_single_post":{"subtitle":"","format":"standard","video":"","gallery":"","source_name":"","source_url":"","via_name":"","via_url":"","override_template":"0","override":[{"template":"1","single_blog_custom":"","parallax":"1","fullscreen":"0","layout":"right-sidebar","sidebar":"default-sidebar","second_sidebar":"default-sidebar","sticky_sidebar":"1","share_position":"top","share_float_style":"share-monocrhome","show_share_counter":"1","show_view_counter":"1","show_featured":"1","show_post_meta":"1","show_post_author":"1","show_post_author_image":"1","show_post_date":"1","post_date_format":"default","post_date_format_custom":"Y\/m\/d","show_post_category":"1","show_post_reading_time":"0","post_reading_time_wpm":"300","show_zoom_button":"0","zoom_button_out_step":"2","zoom_button_in_step":"3","show_post_tag":"1","show_prev_next_post":"1","show_popup_post":"1","number_popup_post":"1","show_author_box":"0","show_post_related":"0","show_inline_post_related":"0"}],"override_image_size":"0","image_override":[{"single_post_thumbnail_size":"crop-500","single_post_gallery_size":"crop-500"}],"trending_post":"0","trending_post_position":"meta","trending_post_label":"Trending","sponsored_post":"0","sponsored_post_label":"Sponsored by","sponsored_post_name":"","sponsored_post_url":"","sponsored_post_logo_enable":"0","sponsored_post_logo":"","sponsored_post_desc":"","disable_ad":"0"},"jnews_primary_category":{"id":""},"jnews_social_meta":{"fb_title":"","fb_description":"","fb_image":"","twitter_title":"","twitter_description":"","twitter_image":""},"jnews_override_counter":{"override_view_counter":"0","view_counter_number":"0","override_share_counter":"0","share_counter_number":"0","override_like_counter":"0","like_counter_number":"0","override_dislike_counter":"0","dislike_counter_number":"0"},"footnotes":""},"categories":[3],"tags":[],"class_list":["post-8503","post","type-post","status-publish","format-standard","has-post-thumbnail","hentry","category-infos-des-femmes"],"_links":{"self":[{"href":"https:\/\/wncri.org\/fr\/wp-json\/wp\/v2\/posts\/8503","targetHints":{"allow":["GET"]}}],"collection":[{"href":"https:\/\/wncri.org\/fr\/wp-json\/wp\/v2\/posts"}],"about":[{"href":"https:\/\/wncri.org\/fr\/wp-json\/wp\/v2\/types\/post"}],"author":[{"embeddable":true,"href":"https:\/\/wncri.org\/fr\/wp-json\/wp\/v2\/users\/4"}],"replies":[{"embeddable":true,"href":"https:\/\/wncri.org\/fr\/wp-json\/wp\/v2\/comments?post=8503"}],"version-history":[{"count":1,"href":"https:\/\/wncri.org\/fr\/wp-json\/wp\/v2\/posts\/8503\/revisions"}],"predecessor-version":[{"id":15681,"href":"https:\/\/wncri.org\/fr\/wp-json\/wp\/v2\/posts\/8503\/revisions\/15681"}],"wp:featuredmedia":[{"embeddable":true,"href":"https:\/\/wncri.org\/fr\/wp-json\/wp\/v2\/media\/8504"}],"wp:attachment":[{"href":"https:\/\/wncri.org\/fr\/wp-json\/wp\/v2\/media?parent=8503"}],"wp:term":[{"taxonomy":"category","embeddable":true,"href":"https:\/\/wncri.org\/fr\/wp-json\/wp\/v2\/categories?post=8503"},{"taxonomy":"post_tag","embeddable":true,"href":"https:\/\/wncri.org\/fr\/wp-json\/wp\/v2\/tags?post=8503"}],"curies":[{"name":"wp","href":"https:\/\/api.w.org\/{rel}","templated":true}]}}