{"id":8426,"date":"2019-08-21T13:59:15","date_gmt":"2019-08-21T11:59:15","guid":{"rendered":"https:\/\/wncri.org\/fr\/?p=8426"},"modified":"2020-04-22T10:31:32","modified_gmt":"2020-04-22T08:31:32","slug":"hommage-aux-femmes-victimes-du-terrorisme-debride-du-regime-iranien","status":"publish","type":"post","link":"https:\/\/wncri.org\/fr\/2019\/08\/21\/hommage-aux-femmes-victimes-du-terrorisme-debride-du-regime-iranien\/","title":{"rendered":"Hommage aux femmes victimes du terrorisme d\u00e9brid\u00e9 du r\u00e9gime iranien"},"content":{"rendered":"<p>Les femmes ont toujours \u00e9t\u00e9 la cible privil\u00e9gi\u00e9e de la r\u00e9pression en Iran. Dans les domaines de l\u2019emploi, de l&#8217;\u00e9ducation, du sport et du code vestimentaire, elles souffrent de restrictions et de privations bien plus s\u00e9v\u00e8res que celles des hommes. &#8220;L&#8217;\u00e9galit\u00e9&#8221; n\u2019a lieu d\u2019\u00eatre que dans les ex\u00e9cutions, les arrestations et la torture. Dans chaque impasse politique et chaque crise \u00e9conomique, les femmes sont le premier groupe \u00e0 en payer le tribut. Quant aux opposantes politiques, le terrorisme d\u2019\u00c9tat n&#8217;a aucune piti\u00e9 pour elles.<\/p>\n<p>A l\u2019occasion du <a href=\"https:\/\/www.un.org\/en\/events\/victimsofterrorismday\/\" target=\"_blank\" rel=\"noopener noreferrer\">21 ao\u00fbt, Journ\u00e9e Internationale du souvenir en hommage aux victimes<\/a> du terrorisme, nous rendons hommage aux opposantes politiques iraniennes qui ont \u00e9t\u00e9 victimes du terrorisme du r\u00e9gime iranien.<\/p>\n<p><img decoding=\"async\" class=\"aligncenter wp-image-8428 size-medium lazyload\" src=\"data:image\/gif;base64,R0lGODlhAQABAIAAAAAAAP\/\/\/yH5BAEAAAAALAAAAAABAAEAAAIBRAA7\" data-src=\"https:\/\/wncri.org\/fr\/wp-content\/uploads\/2019\/08\/Effat-Haddad-Fereshteh-Esfandiari-min-300x172.jpg\" alt=\"https:\/\/www.un.org\/en\/events\/victimsofterrorismday\/\" width=\"300\" height=\"172\" \/><noscript><img decoding=\"async\" class=\"aligncenter wp-image-8428 size-medium lazyload\" src=\"https:\/\/wncri.org\/fr\/wp-content\/uploads\/2019\/08\/Effat-Haddad-Fereshteh-Esfandiari-min-300x172.jpg\" alt=\"https:\/\/www.un.org\/en\/events\/victimsofterrorismday\/\" width=\"300\" height=\"172\" srcset=\"https:\/\/wncri.org\/fr\/wp-content\/uploads\/2019\/08\/Effat-Haddad-Fereshteh-Esfandiari-min-300x172.jpg 300w, https:\/\/wncri.org\/fr\/wp-content\/uploads\/2019\/08\/Effat-Haddad-Fereshteh-Esfandiari-min.jpg 750w\" sizes=\"(max-width: 300px) 100vw, 300px\" \/><\/noscript><\/p>\n<p>Effat Haddad et Ferechteh Esfandiari<\/p>\n<p>Le matin du 17 mai 1995, \u00e0 Bagdad, un commando minist\u00e8re iranien de Renseignement a ouvert le feu par derri\u00e8re sur un v\u00e9hicule transportant cinq femmes, membres de l&#8217;Organisation des Moudjahidine du peuple d&#8217;Iran (OMPI ou en persan, MeK), avant de prendre la fuite.<\/p>\n<p>Effat Haddad et Ferechteh Esfandiari ont \u00e9t\u00e9 tu\u00e9es dans cette attaque et Sedigheh Khodayi-Sefat a \u00e9t\u00e9 gravement bless\u00e9e.<\/p>\n<p>Effat Haddad \u00e9tait m\u00e8re de quatre enfants de 9 \u00e0 14 ans. Elle \u00e9tait membre du Conseil <a href=\"https:\/\/www.ncr-iran.org\/fr\/sur-cnri\" target=\"_blank\" rel=\"noopener noreferrer\">national de la r\u00e9sistance iranienne (CNRI)<\/a> et l&#8217;une des responsables dans la logistique de l&#8217;Arm\u00e9e de lib\u00e9ration nationale de l&#8217;Iran (ALN).<\/p>\n<p>Ferechteh Esfandiari \u00e9tait une pr\u00e9sentatrice des \u00e9missions radio de l&#8217;OMPI, la Radio &#8220;Voix du Moudjahid&#8221;.<\/p>\n<figure id=\"attachment_8434\" aria-describedby=\"caption-attachment-8434\" style=\"width: 300px\" class=\"wp-caption aligncenter\"><img decoding=\"async\" class=\"wp-image-8434 size-full lazyload\" src=\"data:image\/gif;base64,R0lGODlhAQABAIAAAAAAAP\/\/\/yH5BAEAAAAALAAAAAABAAEAAAIBRAA7\" data-src=\"https:\/\/wncri.org\/fr\/wp-content\/uploads\/2019\/08\/Zahra-Rajabi-min-1.jpg\" alt=\"https:\/\/www.ncr-iran.org\/fr\/sur-cnri\" width=\"300\" height=\"300\" \/><figcaption id=\"caption-attachment-8434\" class=\"wp-caption-text\"><noscript><img decoding=\"async\" class=\"wp-image-8434 size-full lazyload\" src=\"https:\/\/wncri.org\/fr\/wp-content\/uploads\/2019\/08\/Zahra-Rajabi-min-1.jpg\" alt=\"https:\/\/www.ncr-iran.org\/fr\/sur-cnri\" width=\"300\" height=\"300\" srcset=\"https:\/\/wncri.org\/fr\/wp-content\/uploads\/2019\/08\/Zahra-Rajabi-min-1.jpg 300w, https:\/\/wncri.org\/fr\/wp-content\/uploads\/2019\/08\/Zahra-Rajabi-min-1-150x150.jpg 150w, https:\/\/wncri.org\/fr\/wp-content\/uploads\/2019\/08\/Zahra-Rajabi-min-1-75x75.jpg 75w\" sizes=\"(max-width: 300px) 100vw, 300px\" \/><\/noscript> Zahra Rajabi<\/figcaption><\/figure>\n<p>Zahra Rajabi<\/p>\n<p>Dans la nuit du 20 f\u00e9vrier 1996, Zahra Rajabi, qui s&#8217;\u00e9tait rendue en Turquie pour s&#8217;occuper de la situation des r\u00e9fugi\u00e9s iraniens dans ce pays, a \u00e9t\u00e9 assassin\u00e9e \u00e0 Istanbul par des soi-disant diplomates du r\u00e9gime iranien et trois autres terroristes envoy\u00e9s par le minist\u00e8re iranien de Renseignement pour effectuer cette mission, selon un plan approuv\u00e9 par le Haut Conseil de s\u00e9curit\u00e9 de la dictature de T\u00e9h\u00e9ran.<\/p>\n<p>Zahra Rajabi \u00e9tait responsable des affaires des r\u00e9fugi\u00e9s au Conseil national de la r\u00e9sistance iranienne. Cette ancienne architecte issue de l&#8217;Universit\u00e9 Melli de T\u00e9h\u00e9ran, \u00e9tait membre du Conseil dirigeant de l&#8217;OMPI. Pendant ses \u00e9tudes universitaires, elle \u00e9tait l&#8217;une des dirigeantes du mouvement estudiantin \u00e0 T\u00e9h\u00e9ran.<\/p>\n<figure id=\"attachment_8436\" aria-describedby=\"caption-attachment-8436\" style=\"width: 300px\" class=\"wp-caption aligncenter\"><img decoding=\"async\" class=\"wp-image-8436 size-full lazyload\" src=\"data:image\/gif;base64,R0lGODlhAQABAIAAAAAAAP\/\/\/yH5BAEAAAAALAAAAAABAAEAAAIBRAA7\" data-src=\"https:\/\/wncri.org\/fr\/wp-content\/uploads\/2019\/08\/Pouran-Najafi-min-1.jpg\" alt=\"Zahra Rajabi\" width=\"300\" height=\"300\" \/><figcaption id=\"caption-attachment-8436\" class=\"wp-caption-text\"><noscript><img decoding=\"async\" class=\"wp-image-8436 size-full lazyload\" src=\"https:\/\/wncri.org\/fr\/wp-content\/uploads\/2019\/08\/Pouran-Najafi-min-1.jpg\" alt=\"Zahra Rajabi\" width=\"300\" height=\"300\" srcset=\"https:\/\/wncri.org\/fr\/wp-content\/uploads\/2019\/08\/Pouran-Najafi-min-1.jpg 300w, https:\/\/wncri.org\/fr\/wp-content\/uploads\/2019\/08\/Pouran-Najafi-min-1-150x150.jpg 150w, https:\/\/wncri.org\/fr\/wp-content\/uploads\/2019\/08\/Pouran-Najafi-min-1-75x75.jpg 75w\" sizes=\"(max-width: 300px) 100vw, 300px\" \/><\/noscript> Pouran Najafi<\/figcaption><\/figure>\n<p>Pouran Najafi<\/p>\n<p>Pouran Najafi et cinq autres membres de l&#8217;OMPI ont \u00e9t\u00e9 tu\u00e9s lors de la premi\u00e8re attaque de missiles contre le camp Liberty le 9 f\u00e9vrier 2013. Le Camp Liberty a accueilli quelque 3 000 membres de l&#8217;OMPI qui d\u00e9tenaient le statut des personnes prot\u00e9g\u00e9es en vertu de la quatri\u00e8me Convention de Gen\u00e8ve.<\/p>\n<p>N\u00e9e en 1960 \u00e0 Racht (dans le nord de l\u2019Iran), Pouran Najafi avait deux enfants, une fille et un fils. Elle avait pass\u00e9 cinq ans dans les prisons politiques du r\u00e9gime cl\u00e9rical et avait \u00e9crit un livre sur ses m\u00e9moires.<\/p>\n<figure id=\"attachment_8429\" aria-describedby=\"caption-attachment-8429\" style=\"width: 300px\" class=\"wp-caption aligncenter\"><img decoding=\"async\" class=\"wp-image-8429 size-full lazyload\" src=\"data:image\/gif;base64,R0lGODlhAQABAIAAAAAAAP\/\/\/yH5BAEAAAAALAAAAAABAAEAAAIBRAA7\" data-src=\"https:\/\/wncri.org\/fr\/wp-content\/uploads\/2019\/08\/Kolsoum-Serahati-min.jpg\" alt=\"Pouran Najafi\" width=\"300\" height=\"300\" \/><figcaption id=\"caption-attachment-8429\" class=\"wp-caption-text\"><noscript><img decoding=\"async\" class=\"wp-image-8429 size-full lazyload\" src=\"https:\/\/wncri.org\/fr\/wp-content\/uploads\/2019\/08\/Kolsoum-Serahati-min.jpg\" alt=\"Pouran Najafi\" width=\"300\" height=\"300\" srcset=\"https:\/\/wncri.org\/fr\/wp-content\/uploads\/2019\/08\/Kolsoum-Serahati-min.jpg 300w, https:\/\/wncri.org\/fr\/wp-content\/uploads\/2019\/08\/Kolsoum-Serahati-min-150x150.jpg 150w, https:\/\/wncri.org\/fr\/wp-content\/uploads\/2019\/08\/Kolsoum-Serahati-min-75x75.jpg 75w\" sizes=\"(max-width: 300px) 100vw, 300px\" \/><\/noscript> Kolsoum Serahati<\/figcaption><\/figure>\n<p>Kolsoum Serahati<\/p>\n<p>Le 15 juin 2013, en m\u00eame temps que l&#8217;\u00e9lection de Rouhani \u00e0 la pr\u00e9sidence du r\u00e9gime iranien, les terroristes du r\u00e9gime cl\u00e9rical ont lanc\u00e9 une nouvelle attaque contre le camp Liberty, en tirant des dizaines de missiles de 107 mm dans le but de faire un carnage parmi les membres de l&#8217;OMPI. Kolsoum Serahati a \u00e9t\u00e9 l&#8217;une des victimes de cette attaque.<\/p>\n<p>&nbsp;<\/p>\n<p>Massacre du 1<sup>er<\/sup> septembre 2013<\/p>\n<p>Le 1<sup>er<\/sup> septembre 2013, des mercenaires irakiens du r\u00e9gime iranien se sont infiltr\u00e9s dans le camp Achraf pour y massacrer plus de 100 membres de l&#8217;OMPI. Ils en ont tu\u00e9 52, dont six femmes, et en ont kidnapp\u00e9 7, dont six femmes. Aucune information n&#8217;est disponible sur le sort des otages \u00e0 ce jour.<\/p>\n<p>Zohreh Ghaemi, Guiti Givehchian, Mitra Bagherzadeh, Jila Tolou, Fatemeh Kamyab et Maryam Hosseini ont \u00e9t\u00e9 assassin\u00e9e lors de cette attaque terroriste contre les r\u00e9sidents du camp Achraf.<\/p>\n<p><img decoding=\"async\" class=\"alignnone wp-image-8427 size-full lazyload\" src=\"data:image\/gif;base64,R0lGODlhAQABAIAAAAAAAP\/\/\/yH5BAEAAAAALAAAAAABAAEAAAIBRAA7\" data-src=\"https:\/\/wncri.org\/fr\/wp-content\/uploads\/2019\/08\/Ashraf-massacre-min.jpg\" alt=\"Kolsoum Serahati\" width=\"600\" height=\"192\" \/><noscript><img decoding=\"async\" class=\"alignnone wp-image-8427 size-full lazyload\" src=\"https:\/\/wncri.org\/fr\/wp-content\/uploads\/2019\/08\/Ashraf-massacre-min.jpg\" alt=\"Kolsoum Serahati\" width=\"600\" height=\"192\" srcset=\"https:\/\/wncri.org\/fr\/wp-content\/uploads\/2019\/08\/Ashraf-massacre-min.jpg 600w, https:\/\/wncri.org\/fr\/wp-content\/uploads\/2019\/08\/Ashraf-massacre-min-300x96.jpg 300w\" sizes=\"(max-width: 600px) 100vw, 600px\" \/><\/noscript><\/p>\n<p>L&#8217;histoire du r\u00e9gime iranien montre que quatre d\u00e9cennies de politique d&#8217;apaisement de l&#8217;Occident ont encourag\u00e9 les mollahs \u00e0 commettre d&#8217;innombrables crimes en toute impunit\u00e9. Le temps est venu pour les grandes puissances de renoncer \u00e0 cette politique d\u00e9vastatrice envers un \u00c9tat qui est le plus grand parrain du terrorisme et le d\u00e9tenteur du record mondial du nombre des ex\u00e9cutions.<\/p>\n<p>Le temps est venu pour l\u2019Occident de se ranger du c\u00f4t\u00e9 du peuple iranien et de son mouvement de r\u00e9sistance. Tout commerce ou \u00e9change avec le r\u00e9gime des mollahs, qui ferme les yeux sur les violations des droits de l&#8217;homme du peuple iranien et ignore la discrimination \u00e0 l&#8217;\u00e9gard des femmes, encouragera la dictature religieuse \u00e0 poursuivre sa r\u00e9pression et ses ex\u00e9cutions incessantes, continuer \u00e0 bafouer les droits de l\u2019Homme et faire fi de la D\u00e9claration universelle des droits de l&#8217;homme et de la Charte des Nations Unies.<\/p>\n","protected":false},"excerpt":{"rendered":"<p>Les femmes ont toujours \u00e9t\u00e9 la cible privil\u00e9gi\u00e9e de la r\u00e9pression en Iran. Dans les domaines de l\u2019emploi, de l&#8217;\u00e9ducation, du sport et du code vestimentaire, elles souffrent de restrictions et de privations bien plus s\u00e9v\u00e8res que celles des hommes. &#8220;L&#8217;\u00e9galit\u00e9&#8221; n\u2019a lieu d\u2019\u00eatre que dans les ex\u00e9cutions, les arrestations et la torture. Dans chaque [&hellip;]<\/p>\n","protected":false},"author":4,"featured_media":8431,"comment_status":"open","ping_status":"open","sticky":false,"template":"","format":"standard","meta":{"jnews-multi-image_gallery":[],"jnews_single_post":{"source_name":"","source_url":"","via_name":"","via_url":"","override_template":"0","override":[{"template":"1","single_blog_custom":"","parallax":"1","fullscreen":"0","layout":"right-sidebar","sidebar":"default-sidebar","second_sidebar":"default-sidebar","sticky_sidebar":"1","share_position":"top","share_float_style":"share-monocrhome","show_share_counter":"1","show_view_counter":"1","show_featured":"1","show_post_meta":"1","show_post_author":"1","show_post_author_image":"1","show_post_date":"1","post_date_format":"default","post_date_format_custom":"Y\/m\/d","show_post_category":"1","show_post_reading_time":"0","post_reading_time_wpm":"300","show_zoom_button":"0","zoom_button_out_step":"2","zoom_button_in_step":"3","show_post_tag":"1","show_prev_next_post":"1","show_popup_post":"1","number_popup_post":"1","show_author_box":"0","show_post_related":"0","show_inline_post_related":"0"}],"override_image_size":"0","image_override":[{"single_post_thumbnail_size":"crop-500","single_post_gallery_size":"crop-500"}],"trending_post":"0","trending_post_position":"meta","trending_post_label":"Trending"},"jnews_primary_category":{"id":""},"jnews_social_meta":[],"jnews_override_counter":{"override_view_counter":"0","view_counter_number":"0","override_share_counter":"0","share_counter_number":"0","override_like_counter":"0","like_counter_number":"0","override_dislike_counter":"0","dislike_counter_number":"0"},"footnotes":""},"categories":[8],"tags":[],"class_list":["post-8426","post","type-post","status-publish","format-standard","has-post-thumbnail","hentry","category-articles"],"_links":{"self":[{"href":"https:\/\/wncri.org\/fr\/wp-json\/wp\/v2\/posts\/8426","targetHints":{"allow":["GET"]}}],"collection":[{"href":"https:\/\/wncri.org\/fr\/wp-json\/wp\/v2\/posts"}],"about":[{"href":"https:\/\/wncri.org\/fr\/wp-json\/wp\/v2\/types\/post"}],"author":[{"embeddable":true,"href":"https:\/\/wncri.org\/fr\/wp-json\/wp\/v2\/users\/4"}],"replies":[{"embeddable":true,"href":"https:\/\/wncri.org\/fr\/wp-json\/wp\/v2\/comments?post=8426"}],"version-history":[{"count":0,"href":"https:\/\/wncri.org\/fr\/wp-json\/wp\/v2\/posts\/8426\/revisions"}],"wp:featuredmedia":[{"embeddable":true,"href":"https:\/\/wncri.org\/fr\/wp-json\/wp\/v2\/media\/8431"}],"wp:attachment":[{"href":"https:\/\/wncri.org\/fr\/wp-json\/wp\/v2\/media?parent=8426"}],"wp:term":[{"taxonomy":"category","embeddable":true,"href":"https:\/\/wncri.org\/fr\/wp-json\/wp\/v2\/categories?post=8426"},{"taxonomy":"post_tag","embeddable":true,"href":"https:\/\/wncri.org\/fr\/wp-json\/wp\/v2\/tags?post=8426"}],"curies":[{"name":"wp","href":"https:\/\/api.w.org\/{rel}","templated":true}]}}