{"id":8346,"date":"2019-08-20T14:56:58","date_gmt":"2019-08-20T12:56:58","guid":{"rendered":"https:\/\/wncri.org\/fr\/?p=8346"},"modified":"2019-08-22T15:10:21","modified_gmt":"2019-08-22T13:10:21","slug":"le-fouet-et-7-ans-de-prison-pour-la-syndicaliste-nasrin-javadi-en-iran","status":"publish","type":"post","link":"https:\/\/wncri.org\/fr\/2019\/08\/20\/le-fouet-et-7-ans-de-prison-pour-la-syndicaliste-nasrin-javadi-en-iran\/","title":{"rendered":"Le fouet et 7 ans de prison pour la syndicaliste Nasrin Javadi en Iran"},"content":{"rendered":"<p>CNRI Femmes &#8211; Nasrin Javadi (Azam Khezri), militante syndicale arr\u00eat\u00e9e lors de la Journ\u00e9e internationale du travail \u00e0 T\u00e9h\u00e9ran, a \u00e9t\u00e9 condamn\u00e9e \u00e0 7 ans de prison et 74 coups de fouet.<\/p>\n<p>Son proc\u00e8s s&#8217;est tenu au tribunal r\u00e9volutionnaire de T\u00e9h\u00e9ran le 6 ao\u00fbt 2019.<\/p>\n<p>Selon le verdict, Mme Nasrin Javadi a \u00e9t\u00e9 condamn\u00e9e \u00e0 5 ans de prison pour &#8220;association et collusion contre la s\u00e9curit\u00e9 nationale&#8221;, \u00e0 un an de prison pour &#8220;propagande contre l&#8217;Etat&#8221;, et \u00e0 une autre ann\u00e9e et 74 coups de fouet, avec interdiction de smartphone et d\u2019activit\u00e9s dans des partis ou groupes politiques et sociaux pour &#8220;trouble \u00e0 l&#8217;ordre public&#8221;.<\/p>\n<p>Mme Nasrin Javadi est une ancienne employ\u00e9e de la Soci\u00e9t\u00e9 de distribution m\u00e9dicale et retrait\u00e9e de l\u2019Organisation de la s\u00e9curit\u00e9 sociale, membre du conseil fondateur du Conseil du travail pour la retraite de la s\u00e9curit\u00e9 sociale et membre du Syndicat libre des travailleurs iraniens.<\/p>\n<p>Elle faisait partie des <a href=\"https:\/\/wncri.org\/fr\/2019\/05\/02\/violences-contre-les-travailleurs-qui-ont-manifeste-le-1er-mai-en-iran\/\" target=\"_blank\" rel=\"noopener noreferrer\">15 femmes arr\u00eat\u00e9es \u00e0 l&#8217;occasion<\/a> de la Journ\u00e9e internationale du travail et tabass\u00e9es par les forces de s\u00e9curit\u00e9 alors qu&#8217;elles \u00e9taient en d\u00e9tention. La militante syndicale faisait partie des femmes transf\u00e9r\u00e9es \u00e0 la prison Qarchak \u00e0 Varamine apr\u00e8s avoir \u00e9t\u00e9 arr\u00eat\u00e9es. Elle a \u00e9t\u00e9 lib\u00e9r\u00e9e sous caution au bout d&#8217;un <a href=\"https:\/\/wncri.org\/fr\/2019\/08\/08\/militantes-syndicales-et-feministes-emprisonnees-en-iran\/\" target=\"_blank\" rel=\"noopener noreferrer\">mois et convoqu\u00e9e<\/a> par la 26e chambre du tribunal de T\u00e9h\u00e9ran le mardi 6 ao\u00fbt 2019.<\/p>\n<p>Apr\u00e8s les manifestations de la Journ\u00e9e internationale du travail, qui ont \u00e9t\u00e9 suivies par les passages \u00e0 tabac et les arrestations de militantes syndicales, la pr\u00e9sidente \u00e9lue du CNRI,<a href=\"https:\/\/wncri.org\/2014\/08\/17\/maryam-rajavi\/\" target=\"_blank\" rel=\"noopener noreferrer\"> Maryam Radjavi,<\/a> avait salu\u00e9 les travailleurs et les manifestants qui avaient protest\u00e9. Elle avait appel\u00e9 l&#8217;opinion publique, en particulier les jeunes, \u00e0 les soutenir et demand\u00e9 que les organismes internationaux condamnent la politique anti-ouvri\u00e8re du r\u00e9gime des mollahs. Elle les avait exhort\u00e9s \u00e0 prendre des mesures urgentes pour lib\u00e9rer les personnes arr\u00eat\u00e9es.<\/p>\n<p>Parmi les <a href=\"https:\/\/wncri.org\/fr\/2019\/07\/31\/des-detenues-politiques-brutalisees-a-la-prison-de-qarchak-en-iran\/\" target=\"_blank\" rel=\"noopener noreferrer\">autres militantes syndicales actuellement en prison<\/a> figurent Neda Naji, Atefeh Rangriz, Marzieh Amiri, Anisha Assadollahi, Sanaz Allahyari, Sepideh Qolian et Assal Mohammadi.<\/p>\n","protected":false},"excerpt":{"rendered":"<p>CNRI Femmes &#8211; Nasrin Javadi (Azam Khezri), militante syndicale arr\u00eat\u00e9e lors de la Journ\u00e9e internationale du travail \u00e0 T\u00e9h\u00e9ran, a \u00e9t\u00e9 condamn\u00e9e \u00e0 7 ans de prison et 74 coups de fouet. Son proc\u00e8s s&#8217;est tenu au tribunal r\u00e9volutionnaire de T\u00e9h\u00e9ran le 6 ao\u00fbt 2019. Selon le verdict, Mme Nasrin Javadi a \u00e9t\u00e9 condamn\u00e9e \u00e0 [&hellip;]<\/p>\n","protected":false},"author":4,"featured_media":8347,"comment_status":"open","ping_status":"open","sticky":false,"template":"","format":"standard","meta":{"jnews-multi-image_gallery":[],"jnews_single_post":{"source_name":"","source_url":"","via_name":"","via_url":"","override_template":"0","override":[{"template":"1","single_blog_custom":"","parallax":"1","fullscreen":"0","layout":"right-sidebar","sidebar":"default-sidebar","second_sidebar":"default-sidebar","sticky_sidebar":"1","share_position":"top","share_float_style":"share-monocrhome","show_share_counter":"1","show_view_counter":"1","show_featured":"1","show_post_meta":"1","show_post_author":"1","show_post_author_image":"1","show_post_date":"1","post_date_format":"default","post_date_format_custom":"Y\/m\/d","show_post_category":"1","show_post_reading_time":"0","post_reading_time_wpm":"300","show_zoom_button":"0","zoom_button_out_step":"2","zoom_button_in_step":"3","show_post_tag":"1","show_prev_next_post":"1","show_popup_post":"1","number_popup_post":"1","show_author_box":"0","show_post_related":"0","show_inline_post_related":"0"}],"override_image_size":"0","image_override":[{"single_post_thumbnail_size":"crop-500","single_post_gallery_size":"crop-500"}],"trending_post":"0","trending_post_position":"meta","trending_post_label":"Trending"},"jnews_primary_category":{"id":""},"jnews_social_meta":[],"jnews_override_counter":{"override_view_counter":"0","view_counter_number":"0","override_share_counter":"0","share_counter_number":"0","override_like_counter":"0","like_counter_number":"0","override_dislike_counter":"0","dislike_counter_number":"0"},"footnotes":""},"categories":[3],"tags":[],"class_list":["post-8346","post","type-post","status-publish","format-standard","has-post-thumbnail","hentry","category-infos-des-femmes"],"_links":{"self":[{"href":"https:\/\/wncri.org\/fr\/wp-json\/wp\/v2\/posts\/8346","targetHints":{"allow":["GET"]}}],"collection":[{"href":"https:\/\/wncri.org\/fr\/wp-json\/wp\/v2\/posts"}],"about":[{"href":"https:\/\/wncri.org\/fr\/wp-json\/wp\/v2\/types\/post"}],"author":[{"embeddable":true,"href":"https:\/\/wncri.org\/fr\/wp-json\/wp\/v2\/users\/4"}],"replies":[{"embeddable":true,"href":"https:\/\/wncri.org\/fr\/wp-json\/wp\/v2\/comments?post=8346"}],"version-history":[{"count":0,"href":"https:\/\/wncri.org\/fr\/wp-json\/wp\/v2\/posts\/8346\/revisions"}],"wp:featuredmedia":[{"embeddable":true,"href":"https:\/\/wncri.org\/fr\/wp-json\/wp\/v2\/media\/8347"}],"wp:attachment":[{"href":"https:\/\/wncri.org\/fr\/wp-json\/wp\/v2\/media?parent=8346"}],"wp:term":[{"taxonomy":"category","embeddable":true,"href":"https:\/\/wncri.org\/fr\/wp-json\/wp\/v2\/categories?post=8346"},{"taxonomy":"post_tag","embeddable":true,"href":"https:\/\/wncri.org\/fr\/wp-json\/wp\/v2\/tags?post=8346"}],"curies":[{"name":"wp","href":"https:\/\/api.w.org\/{rel}","templated":true}]}}