{"id":8310,"date":"2019-08-15T11:11:05","date_gmt":"2019-08-15T09:11:05","guid":{"rendered":"https:\/\/wncri.org\/fr\/?p=8310"},"modified":"2019-08-16T11:12:00","modified_gmt":"2019-08-16T09:12:00","slug":"cinq-femmes-parmi-les-manifestants-arretes-a-machad-en-iran","status":"publish","type":"post","link":"https:\/\/wncri.org\/fr\/2019\/08\/15\/cinq-femmes-parmi-les-manifestants-arretes-a-machad-en-iran\/","title":{"rendered":"Cinq femmes parmi les manifestants arr\u00eat\u00e9s \u00e0 Machad en Iran"},"content":{"rendered":"<p>CNRI Femmes &#8211; Quinze militants des droits civiques, dont cinq femmes, ont \u00e9t\u00e9 transf\u00e9r\u00e9s de la <a href=\"https:\/\/en.wikipedia.org\/wiki\/Vakilabad_Prison\" target=\"_blank\" rel=\"noopener noreferrer\">prison de Vakilabad<\/a> aux services de renseignement de Machad le mercredi 14 ao\u00fbt 2019 au matin en Iran.<\/p>\n<p>Les militants ont \u00e9t\u00e9 arr\u00eat\u00e9s le 11 ao\u00fbt 2019 alors qu\u2019ils participaient \u00e0 une manifestation devant le tribunal de Machad lors du proc\u00e8s d&#8217;un professeur d&#8217;universit\u00e9, Kamal Jafari Yazdi. Cinq femmes figurent parmi les personnes arr\u00eat\u00e9es, dont trois ont \u00e9t\u00e9 identifi\u00e9es \u00e0 ce jour\u00a0: <a href=\"https:\/\/wncri.org\/fr\/2019\/08\/11\/des-militantes-des-droits-civils-arretees-dans-une-manifestation-en-iran\/\" target=\"_blank\" rel=\"noopener noreferrer\">Hourriyeh Farajzadeh, Fatemeh Sepehri et Pouran Nazemi.<\/a><\/p>\n<p>L&#8217;agence de presse Fars a confirm\u00e9 ces arrestations le 11 ao\u00fbt 2019, accusant les manifestants \u00ab\u00a0d\u2019atteinte \u00e0 la s\u00e9curit\u00e9e et \u00ab\u00a0d\u2019\u00eatre en contact avec des groupes qui soutiennent un changement de r\u00e9gime\u00a0\u00bb.<\/p>\n<p>Par ailleurs, <a href=\"https:\/\/wncri.org\/fr\/2019\/08\/08\/militantes-syndicales-et-feministes-emprisonnees-en-iran\/\" target=\"_blank\" rel=\"noopener noreferrer\">Raha Ahmadi<\/a> a \u00e9t\u00e9 transf\u00e9r\u00e9e \u00e0 la prison de Qarchak \u00e0 Varamine le dimanche 11 ao\u00fbt 2019, \u00e0 la suite d&#8217;une mise en examen au bureau du procureur de la prison d&#8217;Evine. Mme Raha Ahmadi a \u00e9t\u00e9 condamn\u00e9e \u00e0 deux mois de d\u00e9tention et sa caution de 600 millions de tomans a \u00e9t\u00e9 rejet\u00e9e. Elle a \u00e9t\u00e9 arr\u00eat\u00e9e par les forces de s\u00e9curit\u00e9 le 4 ao\u00fbt 2019 et interrog\u00e9e au centre de d\u00e9tention de Vozara pendant une semaine.<\/p>\n<p>Des nouvelles publi\u00e9es le 14 ao\u00fbt 2019 indiquent que la peine de d\u00e9tention <a href=\"https:\/\/wncri.org\/fr\/2019\/08\/07\/assal-mohammadi-arretee-et-incarcecee-a-evine-en-iran\/\">d&#8217;Assal Mohammadi<\/a> a \u00e9t\u00e9 commu\u00e9e en une caution de 2 milliards de tomans, que sa famille a le plus grand mal \u00e0 r\u00e9unir. Assal Mohammadi, militante des droits civiques et \u00e9tudiante au en sciences pharmaceutiques \u00e0 l&#8217;universit\u00e9 Azad de T\u00e9h\u00e9ran, et l&#8217;une des accus\u00e9es de l&#8217;affaire de l\u2019usine de canne \u00e0 sucre Haft-Tappeh, et se trouve toujours en d\u00e9tention. Elle a \u00e9t\u00e9 arr\u00eat\u00e9e le dimanche 4 ao\u00fbt 2019 et transf\u00e9r\u00e9e \u00e0 la prison d&#8217;Evine.<\/p>\n<p>Mme Mohammadi a \u00e9t\u00e9 accus\u00e9e de \u00ab\u00a0formation de groupes dans l&#8217;intention de troubler la s\u00e9curit\u00e9 nationale, d&#8217;appartenance \u00e0 des groupes ou \u00e0 des collectifs dans l&#8217;intention de troubler la s\u00e9curit\u00e9 nationale, de propagande contre l&#8217;\u00c9tat et de r\u00e9union et de collusion contre la s\u00e9curit\u00e9 nationale\u00a0\u00bb.<\/p>\n<p>Assal Mohammadi avait d\u00e9j\u00e0 \u00e9t\u00e9 arr\u00eat\u00e9e \u00e0 son domicile \u00e0 T\u00e9h\u00e9ran par les forces de s\u00e9curit\u00e9 le 4 d\u00e9cembre 2018, puis d\u00e9f\u00e9r\u00e9e au parquet de Suze et lib\u00e9r\u00e9e sous caution de 500 millions de tomans.<\/p>\n","protected":false},"excerpt":{"rendered":"<p>CNRI Femmes &#8211; Quinze militants des droits civiques, dont cinq femmes, ont \u00e9t\u00e9 transf\u00e9r\u00e9s de la prison de Vakilabad aux services de renseignement de Machad le mercredi 14 ao\u00fbt 2019 au matin en Iran. Les militants ont \u00e9t\u00e9 arr\u00eat\u00e9s le 11 ao\u00fbt 2019 alors qu\u2019ils participaient \u00e0 une manifestation devant le tribunal de Machad lors [&hellip;]<\/p>\n","protected":false},"author":4,"featured_media":8306,"comment_status":"open","ping_status":"open","sticky":false,"template":"","format":"standard","meta":{"jnews-multi-image_gallery":[],"jnews_single_post":{"source_name":"","source_url":"","via_name":"","via_url":"","override_template":"0","override":[{"template":"1","single_blog_custom":"","parallax":"1","fullscreen":"0","layout":"right-sidebar","sidebar":"default-sidebar","second_sidebar":"default-sidebar","sticky_sidebar":"1","share_position":"top","share_float_style":"share-monocrhome","show_share_counter":"1","show_view_counter":"1","show_featured":"1","show_post_meta":"1","show_post_author":"1","show_post_author_image":"1","show_post_date":"1","post_date_format":"default","post_date_format_custom":"Y\/m\/d","show_post_category":"1","show_post_reading_time":"0","post_reading_time_wpm":"300","show_zoom_button":"0","zoom_button_out_step":"2","zoom_button_in_step":"3","show_post_tag":"1","show_prev_next_post":"1","show_popup_post":"1","number_popup_post":"1","show_author_box":"0","show_post_related":"0","show_inline_post_related":"0"}],"override_image_size":"0","image_override":[{"single_post_thumbnail_size":"crop-500","single_post_gallery_size":"crop-500"}],"trending_post":"0","trending_post_position":"meta","trending_post_label":"Trending"},"jnews_primary_category":{"id":""},"jnews_social_meta":[],"jnews_override_counter":{"override_view_counter":"0","view_counter_number":"0","override_share_counter":"0","share_counter_number":"0","override_like_counter":"0","like_counter_number":"0","override_dislike_counter":"0","dislike_counter_number":"0"},"footnotes":""},"categories":[3],"tags":[],"class_list":["post-8310","post","type-post","status-publish","format-standard","has-post-thumbnail","hentry","category-infos-des-femmes"],"_links":{"self":[{"href":"https:\/\/wncri.org\/fr\/wp-json\/wp\/v2\/posts\/8310","targetHints":{"allow":["GET"]}}],"collection":[{"href":"https:\/\/wncri.org\/fr\/wp-json\/wp\/v2\/posts"}],"about":[{"href":"https:\/\/wncri.org\/fr\/wp-json\/wp\/v2\/types\/post"}],"author":[{"embeddable":true,"href":"https:\/\/wncri.org\/fr\/wp-json\/wp\/v2\/users\/4"}],"replies":[{"embeddable":true,"href":"https:\/\/wncri.org\/fr\/wp-json\/wp\/v2\/comments?post=8310"}],"version-history":[{"count":0,"href":"https:\/\/wncri.org\/fr\/wp-json\/wp\/v2\/posts\/8310\/revisions"}],"wp:featuredmedia":[{"embeddable":true,"href":"https:\/\/wncri.org\/fr\/wp-json\/wp\/v2\/media\/8306"}],"wp:attachment":[{"href":"https:\/\/wncri.org\/fr\/wp-json\/wp\/v2\/media?parent=8310"}],"wp:term":[{"taxonomy":"category","embeddable":true,"href":"https:\/\/wncri.org\/fr\/wp-json\/wp\/v2\/categories?post=8310"},{"taxonomy":"post_tag","embeddable":true,"href":"https:\/\/wncri.org\/fr\/wp-json\/wp\/v2\/tags?post=8310"}],"curies":[{"name":"wp","href":"https:\/\/api.w.org\/{rel}","templated":true}]}}