{"id":8271,"date":"2019-07-15T22:11:25","date_gmt":"2019-07-15T20:11:25","guid":{"rendered":"https:\/\/wncri.org\/fr\/?p=8271"},"modified":"2019-08-12T22:41:07","modified_gmt":"2019-08-12T20:41:07","slug":"le-massacre-de-1988-en-iran-est-reexamine-lors-dune-conference-pour-la-justice-a-achraf","status":"publish","type":"post","link":"https:\/\/wncri.org\/fr\/2019\/07\/15\/le-massacre-de-1988-en-iran-est-reexamine-lors-dune-conference-pour-la-justice-a-achraf\/","title":{"rendered":"Le massacre de 1988 en Iran est r\u00e9examin\u00e9 lors d\u2019une conf\u00e9rence pour la justice \u00e0 Achraf"},"content":{"rendered":"<p>Le lundi 15 juillet 2019, 5<sup>e<\/sup> jour d\u2019une s\u00e9rie de rassemblements \u00e0 Achraf 3, si\u00e8ge de l&#8217;OMPI en Albanie, une conf\u00e9rence rassemblant des experts internationaux et des rescap\u00e9s des massacres de 1988 en Iran a discut\u00e9 de la n\u00e9cessit\u00e9 d&#8217;engager des poursuites internationales contre les commanditaires et les auteurs de ce g\u00e9nocide.<\/p>\n<p>Au cours de l&#8217;\u00e9t\u00e9 1988, le r\u00e9gime iranien a massacr\u00e9 des dizaines de milliers de prisonniers politiques. Le massacre de 1988 a \u00e9t\u00e9 perp\u00e9tr\u00e9 sur la base d&#8217;une fatwa du Guide supr\u00eame de la dictature religieuse, Rouhollah Khomeiny. Des commissions de la mort ont prononc\u00e9 des peines capitales en s\u00e9rie, apr\u00e8s des proc\u00e8s simul\u00e9s de quelques minutes. La grande majorit\u00e9 des victimes \u00e9taient membres de la principale organisation de l\u2019opposition, les Moudjahidines du peuple d&#8217;Iran (OMPI), \u00e9galement connue sous le nom de Moudjahidine Khalq (MeK).<\/p>\n<p>Les auteurs de ce crime contre l&#8217;humanit\u00e9 n&#8217;ont jamais eu \u00e0 r\u00e9pondre devant la justice. Pire encore, certains ont \u00e9t\u00e9 promus aux postes les plus \u00e9lev\u00e9s du gouvernement et du pouvoir judiciaire iraniens.<\/p>\n<p>&nbsp;<\/p>\n<p><strong>Appel \u00e0 la justice<\/strong><\/p>\n<p><img decoding=\"async\" class=\"alignnone wp-image-8277 size-jnews-750x375 lazyload\" src=\"data:image\/gif;base64,R0lGODlhAQABAIAAAAAAAP\/\/\/yH5BAEAAAAALAAAAAABAAEAAAIBRAA7\" data-src=\"https:\/\/wncri.org\/fr\/wp-content\/uploads\/2019\/08\/Maryam-Rajavi-min-750x375.jpg\" alt=\"Le massacre de 1988 \" width=\"750\" height=\"375\" \/><noscript><img decoding=\"async\" class=\"alignnone wp-image-8277 size-jnews-750x375 lazyload\" src=\"https:\/\/wncri.org\/fr\/wp-content\/uploads\/2019\/08\/Maryam-Rajavi-min-750x375.jpg\" alt=\"Le massacre de 1988 \" width=\"750\" height=\"375\" srcset=\"https:\/\/wncri.org\/fr\/wp-content\/uploads\/2019\/08\/Maryam-Rajavi-min-750x375.jpg 750w, https:\/\/wncri.org\/fr\/wp-content\/uploads\/2019\/08\/Maryam-Rajavi-min-360x180.jpg 360w, https:\/\/wncri.org\/fr\/wp-content\/uploads\/2019\/08\/Maryam-Rajavi-min-1140x570.jpg 1140w\" sizes=\"(max-width: 750px) 100vw, 750px\" \/><\/noscript><\/p>\n<p>Mme <a href=\"https:\/\/www.maryam-rajavi.com\/fr\/item\/maryam-radjavi-mouvement-continue-jusqu-proces-bourreaux\" target=\"_blank\" rel=\"noopener noreferrer\">Maryam Radjavi<\/a>, pr\u00e9sidente \u00e9lue du Conseil national de la r\u00e9sistance iranienne (CNRI), est intervenue lors de la conf\u00e9rence sur le massacre de 1988. Voici un extrait de son allocution :<\/p>\n<p>Le massacre des militants de l&#8217;OMPI et d&#8217;autres prisonniers politiques a \u00e9t\u00e9 une confrontation sanglante entre la g\u00e9n\u00e9ration du Moyen-\u00c2ge et la g\u00e9n\u00e9ration de demain. C\u2019est cette derni\u00e8re qui a provoqu\u00e9 la r\u00e9volution de 1979 et qui repr\u00e9sentait une nation r\u00e9solue \u00e0 b\u00e2tir une soci\u00e9t\u00e9 fond\u00e9e sur la libert\u00e9 et l&#8217;\u00e9galit\u00e9, mais qui a \u00e9t\u00e9 confront\u00e9e au monstre de la tyrannie religieuse et \u00e0 l&#8217;avalanche de la r\u00e9pression et des pillages des richesses du pays.<\/p>\n<p>Le massacre de 1988 a \u00e9t\u00e9 le th\u00e9\u00e2tre horrible d&#8217;une confrontation historique. Mais ce n&#8217;\u00e9tait pas la fin. Malgr\u00e9 toute son atrocit\u00e9, ce ne fut que le d\u00e9but d&#8217;une nouvelle confrontation qui se poursuit et qui finira par tracer le destin de la nation iranienne avec le mot \u00ab\u00a0libert\u00e9\u00a0\u00bb.<\/p>\n<p>Par sa fatwa pour le massacre de 1988, Khomeiny avait l&#8217;intention d\u2019en finir une fois pour toute avec les Moudjahidine.<\/p>\n<p>La derni\u00e8re liste des victimes \u00e9tablie par l&#8217;OMPI indique que le massacre de 1988 a eu lieu dans au moins 110 villes.<\/p>\n<p>L&#8217;une des cons\u00e9quences les plus n\u00e9fastes de la politique d&#8217;apaisement a \u00e9t\u00e9 d\u2019offrir l\u2019impunit\u00e9 aux meurtriers au pouvoir en Iran, dont les crimes ont commenc\u00e9 au d\u00e9but des ann\u00e9es 1980, ont atteint leur apog\u00e9e lors du massacre de 1988 et se poursuivent encore aujourd&#8217;hui.<\/p>\n<p>C\u2019est dans le cadre de cette<a href=\"https:\/\/wncri.org\/fr\/2019\/07\/29\/le-massacre-de-1988-un-choc-entre-le-moyen-age-et-la-generation-de-demain\/\" target=\"_blank\" rel=\"noopener noreferrer\"> impunit\u00e9<\/a> offerte aux dirigeants du r\u00e9gime cl\u00e9rical qu\u2019on a assist\u00e9 \u00e0 un d\u00e9ni du crime selon un plan pr\u00e9m\u00e9dit\u00e9, tout comme le massacre des d\u00e9tenus politiques a \u00e9t\u00e9 perp\u00e9tu\u00e9 selon un plan con\u00e7u d\u2019avance.<\/p>\n<p>Accorder l&#8217;immunit\u00e9 aux dirigeants du r\u00e9gime et fermer les yeux sur leurs crimes n\u2019a fait que les exhorter dans le terrorisme et les guerres qu\u2019ils perp\u00e9tuent \u00e0 l\u2019\u00e9tranger.<\/p>\n<p>Le temps est venu pour les Nations Unies de lancer une mission d&#8217;enqu\u00eate internationale sur le massacre de 1988 en Iran. Le temps est venu pour que la communaut\u00e9 internationale reconnaisse le droit du peuple iranien \u00e0 la r\u00e9sistance et \u00e0 la lutte pour renverser le fascisme religieux des mollahs.<\/p>\n<p>J&#8217;appelle tous les Iraniens en Iran et \u00e0 l&#8217;\u00e9tranger \u00e0 faire avancer et \u00e0 \u00e9largir le mouvement de l&#8217;Appel \u00e0 la justice en faveur des victimes du massacre de 1988.<\/p>\n<p><strong>T\u00e9moignages des rescap\u00e9s<\/strong><\/p>\n<p><img decoding=\"async\" class=\"alignnone wp-image-8278 size-jnews-750x375 lazyload\" src=\"data:image\/gif;base64,R0lGODlhAQABAIAAAAAAAP\/\/\/yH5BAEAAAAALAAAAAABAAEAAAIBRAA7\" data-src=\"https:\/\/wncri.org\/fr\/wp-content\/uploads\/2019\/08\/Perpetrators_of_Irans_1988_Massacre-2-min-750x375.jpg\" alt=\"Le massacre de 1988 \" width=\"750\" height=\"375\" \/><noscript><img decoding=\"async\" class=\"alignnone wp-image-8278 size-jnews-750x375 lazyload\" src=\"https:\/\/wncri.org\/fr\/wp-content\/uploads\/2019\/08\/Perpetrators_of_Irans_1988_Massacre-2-min-750x375.jpg\" alt=\"Le massacre de 1988 \" width=\"750\" height=\"375\" srcset=\"https:\/\/wncri.org\/fr\/wp-content\/uploads\/2019\/08\/Perpetrators_of_Irans_1988_Massacre-2-min-750x375.jpg 750w, https:\/\/wncri.org\/fr\/wp-content\/uploads\/2019\/08\/Perpetrators_of_Irans_1988_Massacre-2-min-360x180.jpg 360w\" sizes=\"(max-width: 750px) 100vw, 750px\" \/><\/noscript><\/p>\n<p>Plusieurs rescap\u00e9s du massacre de 1988 ont t\u00e9moign\u00e9 des crimes dont ils avaient \u00e9t\u00e9 t\u00e9moins.<\/p>\n<p><strong>M\u00eame les enfants n&#8217;\u00e9taient pas \u00e9pargn\u00e9s par la torture<\/strong><\/p>\n<p><img decoding=\"async\" class=\"alignnone wp-image-8276 size-jnews-750x375 lazyload\" src=\"data:image\/gif;base64,R0lGODlhAQABAIAAAAAAAP\/\/\/yH5BAEAAAAALAAAAAABAAEAAAIBRAA7\" data-src=\"https:\/\/wncri.org\/fr\/wp-content\/uploads\/2019\/08\/Kobra_Jokar-min-750x375.jpg\" alt=\"Le massacre de 1988 \" width=\"750\" height=\"375\" \/><noscript><img decoding=\"async\" class=\"alignnone wp-image-8276 size-jnews-750x375 lazyload\" src=\"https:\/\/wncri.org\/fr\/wp-content\/uploads\/2019\/08\/Kobra_Jokar-min-750x375.jpg\" alt=\"Le massacre de 1988 \" width=\"750\" height=\"375\" srcset=\"https:\/\/wncri.org\/fr\/wp-content\/uploads\/2019\/08\/Kobra_Jokar-min-750x375.jpg 750w, https:\/\/wncri.org\/fr\/wp-content\/uploads\/2019\/08\/Kobra_Jokar-min-360x180.jpg 360w\" sizes=\"(max-width: 750px) 100vw, 750px\" \/><\/noscript><\/p>\n<p>Voici des extraits du t\u00e9moignage d\u2019une ancienne prisonni\u00e8re politique, Kobra Jokar, lors de cette conf\u00e9rence :<\/p>\n<p>J&#8217;ai \u00e9t\u00e9 emprisonn\u00e9s pendant six ans. Les Gardiens de la r\u00e9volution m&#8217;ont arr\u00eat\u00e9e alors que j&#8217;\u00e9tais enceinte. J\u2019ai \u00e9t\u00e9 transf\u00e9r\u00e9e dans le quartier 209 de la prison d&#8217;Evin om j\u2019ai \u00e9t\u00e9 aussit\u00f4t soumise \u00e0 la torture. C\u2019est dans ce quartier que j&#8217;ai vu quatre hommes torturer mon mari devant moi. Ils m&#8217;ont aussi tortur\u00e9 devant lui.<\/p>\n<p>Quelques jours plus tard, ils ont fusill\u00e9 mon mari avec 75 autres personnes. Le tortionnaire a dit : &#8220;Je voulais qu&#8217;il ne voie jamais son b\u00e9b\u00e9.&#8221;<\/p>\n<p>Le r\u00e9gime a ex\u00e9cut\u00e9 une cinquantaine de femmes enceintes, dont Massoumeh, la s\u0153ur de Mme Maryam Radjavi.<\/p>\n<p>Ils m&#8217;ont emmen\u00e9 \u00e0 l&#8217;h\u00f4pital pour accoucher, avant de me ramener rapidement en prison m\u00eame malgr\u00e9 mon \u00e9tat de sant\u00e9 alarmant.<\/p>\n<p>En prison, il n&#8217;y avait ni m\u00e9decin ni m\u00e9dicaments pour les enfants. Dans quartier collectif, il n&#8217;y avait que 15 minutes d&#8217;eau chaude par jour, que nous devions utiliser pour donner laver les enfants. Beaucoup de ces enfants avaient perdu leurs parents au cours des ex\u00e9cutions.<\/p>\n<p>Les tortionnaires ont m\u00eame interrog\u00e9 les enfants. Ils avaient attach\u00e9 une petite fille \u00e0 une chaise dans une pi\u00e8ce sombre et l&#8217;avaient tortur\u00e9e pour qu&#8217;elle r\u00e9v\u00e8le les noms des amis de sa m\u00e8re.<\/p>\n<p>J&#8217;ai r\u00e9ussi \u00e0 m&#8217;\u00e9vader de la prison en 1987. Un an plus tard, toutes mes cod\u00e9tenues ont \u00e9t\u00e9 ex\u00e9cut\u00e9es lors du massacre de 1988.<\/p>\n<p>Ce qui nous a aid\u00e9s \u00e0 surmonter les temps sombres de la prison et \u00e0 lutter pour la libert\u00e9, c&#8217;est l&#8217;espoir et la foi que nous inculquaient en nos dirigeants.<\/p>\n<p>&nbsp;<\/p>\n<p><strong>Torture dans la cage et le cercueil<\/strong><\/p>\n<p><img decoding=\"async\" class=\"alignnone wp-image-8274 size-jnews-750x375 lazyload\" src=\"data:image\/gif;base64,R0lGODlhAQABAIAAAAAAAP\/\/\/yH5BAEAAAAALAAAAAABAAEAAAIBRAA7\" data-src=\"https:\/\/wncri.org\/fr\/wp-content\/uploads\/2019\/08\/Hengameh_Haj_Hassan-min-750x375.jpg\" alt=\"Le massacre de 1988 \" width=\"750\" height=\"375\" \/><noscript><img decoding=\"async\" class=\"alignnone wp-image-8274 size-jnews-750x375 lazyload\" src=\"https:\/\/wncri.org\/fr\/wp-content\/uploads\/2019\/08\/Hengameh_Haj_Hassan-min-750x375.jpg\" alt=\"Le massacre de 1988 \" width=\"750\" height=\"375\" srcset=\"https:\/\/wncri.org\/fr\/wp-content\/uploads\/2019\/08\/Hengameh_Haj_Hassan-min-750x375.jpg 750w, https:\/\/wncri.org\/fr\/wp-content\/uploads\/2019\/08\/Hengameh_Haj_Hassan-min-360x180.jpg 360w\" sizes=\"(max-width: 750px) 100vw, 750px\" \/><\/noscript><\/p>\n<p>Extraits du t\u00e9moignage d\u2019une ancienne prisonni\u00e8re politique, Hengameh Haji Hassan :<\/p>\n<p>J&#8217;\u00e9tais infirmi\u00e8re \u00e0 T\u00e9h\u00e9ran. En 1981, j&#8217;ai \u00e9t\u00e9 arr\u00eat\u00e9 parce que je soutenais l&#8217;OMPI. Ma coll\u00e8gue et amie Shekar a \u00e9t\u00e9 arr\u00eat\u00e9e avec moi, et elle a \u00e9t\u00e9 ex\u00e9cut\u00e9e en 1988 apr\u00e8s avoir \u00e9t\u00e9 tortur\u00e9e dans ce qu\u2019on appelait &#8220;la cage&#8221;.<\/p>\n<p>Notre d\u00e9lit \u00e9tait d\u2019avoir soign\u00e9 des personnes qui ont \u00e9t\u00e9 bless\u00e9es par les Gardiens de la r\u00e9volution.<\/p>\n<p>En prison, nous avons \u00e9t\u00e9 soumises \u00e0 de graves de torture. Ils nous emp\u00eachaient de dormir et nous ont d\u00e9tenus dans des cellules surpeupl\u00e9es. Ils nous ont forc\u00e9s \u00e0 dormir dans des petits caisses appel\u00e9es &#8220;cercueils&#8221;.<\/p>\n<p>Nous avons \u00e9t\u00e9 oblig\u00e9s de nous asseoir dans des cabines appel\u00e9es &#8220;la cage&#8221;. C&#8217;\u00e9taient de petites cloisons o\u00f9 on ne pouvait que s&#8217;accroupir. Tu ne pouvais pas bouger, tu ne pouvais m\u00eame pas tousser ou \u00e9ternuer. Si on bougeait, on nous frappait. En m\u00eame temps, nous avions les yeux band\u00e9s.<\/p>\n<p>Ma vue a souffert \u00e0 cause de cette torture et j\u2019ai eu de graves probl\u00e8mes de colonne vert\u00e9brale. J&#8217;ai \u00e9t\u00e9 op\u00e9r\u00e9s \u00e0 cinq reprises et je n&#8217;ai toujours pas r\u00e9cup\u00e9r\u00e9.<\/p>\n<p>Quand nous sommes sortis des &#8220;cages&#8221;, nos amis ne nous ont pas reconnus. Les tortionnaires nous torturaient au moindre pr\u00e9texte. Un tortionnaire nous r\u00e9p\u00e9tait qu&#8217;on allait mourrait dans ces cages.<\/p>\n<p>On ne nous donnait que trois minutes par jour pour aller aux toilettes. On ne pouvait m\u00eame pas se brosser les dents. On n\u2019\u00e9tait nourri qu\u2019occasionnellement et les repas \u00e9taient inconsommables. La nuit, \u00e0 l\u2019heure de la sieste, ils allumaient des haut-parleurs qui crachaient des hymnes de deuil du r\u00e9gime.<\/p>\n<p>Les tortionnaires ont cherch\u00e9 \u00e0 nous briser et \u00e0 nous forcer \u00e0 des repentirs. J&#8217;ai d\u00e9cid\u00e9 de leur donner une le\u00e7on et de leur montrer qui nous sommes.<\/p>\n<p>J&#8217;ai d\u00e9cid\u00e9 de me pr\u00e9parer \u00e0 des journ\u00e9es tr\u00e8s difficiles. J&#8217;ai m\u00e9ticuleusement organis\u00e9 mon emploi du temps quotidien. J&#8217;ai r\u00e9p\u00e9t\u00e9 tous mes cours \u00e0 l&#8217;\u00e9cole, tous les po\u00e8mes que je connaissais, toutes les chansons. J&#8217;avais un programme d&#8217;exercices physiques. Nous n&#8217;avions pas le droit de bouger, mais je m\u2019imaginais faire du sport.<\/p>\n<p>La nuit, quand nous ne pouvions pas dormir \u00e0 cause des haut-parleurs, je me suis entra\u00een\u00e9 \u00e0 ignorer ce vacarme en voyageant dans mon esprit vers des endroits agr\u00e9ables.<\/p>\n<p>Le plus dur pour nous, c&#8217;\u00e9tait d&#8217;avoir le sentiment de solitude. A cette \u00e9poque, je pensais \u00e0 Dieu, et je pensais \u00e0 notre dirigeant, Massoud Radjavi. Je m\u2019imaginais parler avec lui et je ne me sentais plus seul.<\/p>\n<p>Les tortionnaires pensaient qu&#8217;ils pouvaient nous briser par la torture, mais cela ne faisait que nous rendre plus fortes, car cela prouvait que ce que nous faisions \u00e9tait juste.<\/p>\n<p>En prison, nous nous consid\u00e9rions comme des repr\u00e9sentants de l&#8217;OMPI et nous estimions qu&#8217;il \u00e9tait de notre responsabilit\u00e9 de d\u00e9fendre nos valeurs.<\/p>\n<p>Quand je suis sortie de prison, la premi\u00e8re chose que j&#8217;ai faite a \u00e9t\u00e9 de rejoindre l&#8217;organisation. C&#8217;est une lutte qui se poursuivra jusqu&#8217;\u00e0 la fin.<\/p>\n<p>&nbsp;<\/p>\n<p><strong>&#8220;Les unit\u00e9s r\u00e9sidentielles&#8221;<\/strong><\/p>\n<p><img decoding=\"async\" class=\"alignnone wp-image-8275 size-jnews-750x375 lazyload\" src=\"data:image\/gif;base64,R0lGODlhAQABAIAAAAAAAP\/\/\/yH5BAEAAAAALAAAAAABAAEAAAIBRAA7\" data-src=\"https:\/\/wncri.org\/fr\/wp-content\/uploads\/2019\/08\/Homa_Jaberi-min-750x375.jpg\" alt=\"Le massacre de 1988 \" width=\"750\" height=\"375\" \/><noscript><img decoding=\"async\" class=\"alignnone wp-image-8275 size-jnews-750x375 lazyload\" src=\"https:\/\/wncri.org\/fr\/wp-content\/uploads\/2019\/08\/Homa_Jaberi-min-750x375.jpg\" alt=\"Le massacre de 1988 \" width=\"750\" height=\"375\" srcset=\"https:\/\/wncri.org\/fr\/wp-content\/uploads\/2019\/08\/Homa_Jaberi-min-750x375.jpg 750w, https:\/\/wncri.org\/fr\/wp-content\/uploads\/2019\/08\/Homa_Jaberi-min-360x180.jpg 360w\" sizes=\"(max-width: 750px) 100vw, 750px\" \/><\/noscript><\/p>\n<p>Homa Jaberi, une autre prisonni\u00e8re politique des ann\u00e9es 80, a pris la parole \u00e0 cette conf\u00e9rence. Dans une partie de son t\u00e9moignage, elle a dit :<\/p>\n<p>J&#8217;ai \u00e9t\u00e9 emprisonn\u00e9e pendant cinq ans. J&#8217;ai \u00e9t\u00e9 tortur\u00e9e et j&#8217;ai \u00e9galement \u00e9t\u00e9 t\u00e9moin de nombreuses tortures.<\/p>\n<p>J&#8217;ai \u00e9t\u00e9 arr\u00eat\u00e9e en 1981 et j&#8217;ai pass\u00e9 de nombreuses ann\u00e9es dans les prisons de Gohardasht (appel\u00e9 \u00e9galement Rajai Shahr) et Evin.<\/p>\n<p>Comme le r\u00e9gime n&#8217;a pas r\u00e9ussi \u00e0 briser les prisonni\u00e8res de l&#8217;OMPI par la torture, ils ont cr\u00e9\u00e9 un complexe appel\u00e9 &#8220;les unit\u00e9s r\u00e9sidentielles&#8221;.<\/p>\n<p>C&#8217;\u00e9tait un lieu de d\u00e9tention secret. J&#8217;y suis rest\u00e9e 40 jours. Le premier jour, j&#8217;ai \u00e9t\u00e9 copieusement brutalis\u00e9e et flagell\u00e9e.<\/p>\n<p>Ils nous ont band\u00e9es les yeux et nous ont toutes emmen\u00e9es dans une pi\u00e8ce et nous ont dit qu&#8217;ils nous tueraient la nuit venue. Ils nous ont tortur\u00e9es pendant des heures jusqu&#8217;\u00e0 minuit.<\/p>\n<p>J&#8217;avais les mains gonfl\u00e9es \u00e0 cause des coups de fouet. J&#8217;avais des ecchymoses sur tout le corps et le visage. Le bourreau m\u2019a lanc\u00e9e : &#8220;Personne ne t&#8217;entendra ici. Vous allez toutes mourir ici.&#8221;<\/p>\n<p>Ils nous ont emp\u00each\u00e9es de dormir pendant plusieurs jours.<\/p>\n<p>On n&#8217;avait m\u00eame pas le droit de crier sous la torture. Les bourreaux exprimaient leurs ordres avec des coups de fouet. Par exemple, s&#8217;ils voulaient nous dire que nous pouvons dormir, ils le faisaient en nous fouettant.<\/p>\n<p>J&#8217;ai \u00e9t\u00e9 ramen\u00e9e \u00e0 la prison d&#8217;Evin apr\u00e8s 40 jours, mais certains de mes amies y sont rest\u00e9es pendant six mois. Certains d&#8217;entre elles ont perdu leur \u00e9quilibre mental.<\/p>\n<p>Certaines prisonni\u00e8res ne voulaient m\u00eame pas parler des tortures qu&#8217;elles avaient subies dans ces &#8220;unit\u00e9s r\u00e9sidentielles&#8221;. D&#8217;autres ont dit que les tortionnaires les obligeaient d\u2019imiter des bruits d&#8217;animaux ou de s&#8217;insulter elles-m\u00eames. Certaines avaient \u00e9t\u00e9 viol\u00e9es.<\/p>\n<p>La foi et la confiance que j\u2019avais dans notre dirigeant, Massoud Radjavi, m&#8217;ont aid\u00e9 \u00e0 surmonter les conditions difficiles de la prison.<\/p>\n<p>&nbsp;<\/p>\n<p><strong>Au moins 55 femmes enceintes parmi celles qui ont \u00e9t\u00e9 ex\u00e9cut\u00e9es<\/strong><\/p>\n<p><img decoding=\"async\" class=\"alignnone wp-image-8273 size-jnews-750x375 lazyload\" src=\"data:image\/gif;base64,R0lGODlhAQABAIAAAAAAAP\/\/\/yH5BAEAAAAALAAAAAABAAEAAAIBRAA7\" data-src=\"https:\/\/wncri.org\/fr\/wp-content\/uploads\/2019\/08\/Fereshteh_Akhlaghi1-min-750x375.jpg\" alt=\"Le massacre de 1988 \" width=\"750\" height=\"375\" \/><noscript><img decoding=\"async\" class=\"alignnone wp-image-8273 size-jnews-750x375 lazyload\" src=\"https:\/\/wncri.org\/fr\/wp-content\/uploads\/2019\/08\/Fereshteh_Akhlaghi1-min-750x375.jpg\" alt=\"Le massacre de 1988 \" width=\"750\" height=\"375\" srcset=\"https:\/\/wncri.org\/fr\/wp-content\/uploads\/2019\/08\/Fereshteh_Akhlaghi1-min-750x375.jpg 750w, https:\/\/wncri.org\/fr\/wp-content\/uploads\/2019\/08\/Fereshteh_Akhlaghi1-min-360x180.jpg 360w\" sizes=\"(max-width: 750px) 100vw, 750px\" \/><\/noscript><\/p>\n<p>Fereshteh Akhlaghi, de l&#8217;Unit\u00e9 de recherche de l&#8217;OMPI sur les martyrs, a fait un expos\u00e9 sur les crimes commis par le r\u00e9gime religieux dans ses prisons. Voici des extraits de son intervention :<\/p>\n<p>L&#8217;exposition que vous avez vue n&#8217;est que la pointe de l&#8217;iceberg. Permettez-moi de vous donner quelques d\u00e9tails pour mieux comprendre l&#8217;ampleur des crimes commis par le r\u00e9gime religieux en Iran.<\/p>\n<p>En deux ans seulement, le r\u00e9gime a ex\u00e9cut\u00e9 477 adolescents, dont trois personnes de 12 ans, huit de 13 ans, dix-neuf 14 ans et 32 autres de 15 ans. D&#8217;autres avaient 16 et 17 ans.<\/p>\n<p>Nous avons compil\u00e9 les noms d&#8217;au moins 55 femmes enceintes parmi les personnes ex\u00e9cut\u00e9es. La s\u0153ur de Mme Radjavi a \u00e9t\u00e9 ex\u00e9cut\u00e9e alors qu&#8217;elle \u00e9tait enceinte de six mois.<\/p>\n<p>L&#8217;une de ces femmes enceintes a \u00e9t\u00e9 convoqu\u00e9e par le bourreau et a appris que son mari avait \u00e9t\u00e9 ex\u00e9cut\u00e9. Le bourreau a ensuite propos\u00e9 de la lib\u00e9rer en contrepartie des repentirs t\u00e9l\u00e9vis\u00e9s. En r\u00e9ponse \u00e0 cette offre, elle lui a crach\u00e9 au visage.<\/p>\n<p>Un mari et sa femme ont \u00e9t\u00e9 arr\u00eat\u00e9s et tortur\u00e9s au point qu&#8217;ils ne pouvaient plus se reconna\u00eetre l\u2019un l\u2019autre, lorsqu&#8217;ils se sont rencontr\u00e9s apr\u00e8s deux semaines.<\/p>\n<p>Le r\u00e9gime a \u00e9galement ex\u00e9cut\u00e9 et tortur\u00e9 des personnes \u00e2g\u00e9es. La m\u00e8re de la famille Shafayi, dont la plupart des membres avaient \u00e9t\u00e9 tu\u00e9s ou ex\u00e9cut\u00e9s, a \u00e9galement \u00e9t\u00e9 ex\u00e9cut\u00e9e par le r\u00e9gime. Avant son ex\u00e9cution, elle a dit : &#8220;Je suis fi\u00e8re d&#8217;avoir tout donn\u00e9 pour la libert\u00e9.&#8221;<\/p>\n","protected":false},"excerpt":{"rendered":"<p>Le lundi 15 juillet 2019, 5e jour d\u2019une s\u00e9rie de rassemblements \u00e0 Achraf 3, si\u00e8ge de l&#8217;OMPI en Albanie, une conf\u00e9rence rassemblant des experts internationaux et des rescap\u00e9s des massacres de 1988 en Iran a discut\u00e9 de la n\u00e9cessit\u00e9 d&#8217;engager des poursuites internationales contre les commanditaires et les auteurs de ce g\u00e9nocide. Au cours de [&hellip;]<\/p>\n","protected":false},"author":4,"featured_media":8272,"comment_status":"open","ping_status":"open","sticky":false,"template":"","format":"standard","meta":{"jnews-multi-image_gallery":[],"jnews_single_post":{"source_name":"","source_url":"","via_name":"","via_url":"","override_template":"0","override":[{"template":"1","single_blog_custom":"","parallax":"1","fullscreen":"0","layout":"right-sidebar","sidebar":"default-sidebar","second_sidebar":"default-sidebar","sticky_sidebar":"1","share_position":"top","share_float_style":"share-monocrhome","show_share_counter":"1","show_view_counter":"1","show_featured":"1","show_post_meta":"1","show_post_author":"1","show_post_author_image":"1","show_post_date":"1","post_date_format":"default","post_date_format_custom":"Y\/m\/d","show_post_category":"1","show_post_reading_time":"0","post_reading_time_wpm":"300","show_zoom_button":"0","zoom_button_out_step":"2","zoom_button_in_step":"3","show_post_tag":"1","show_prev_next_post":"1","show_popup_post":"1","number_popup_post":"1","show_author_box":"0","show_post_related":"0","show_inline_post_related":"0"}],"override_image_size":"0","image_override":[{"single_post_thumbnail_size":"crop-500","single_post_gallery_size":"crop-500"}],"trending_post":"0","trending_post_position":"meta","trending_post_label":"Trending"},"jnews_primary_category":{"id":""},"jnews_social_meta":[],"jnews_override_counter":{"override_view_counter":"0","view_counter_number":"0","override_share_counter":"0","share_counter_number":"0","override_like_counter":"0","like_counter_number":"0","override_dislike_counter":"0","dislike_counter_number":"0"},"footnotes":""},"categories":[8],"tags":[],"class_list":["post-8271","post","type-post","status-publish","format-standard","has-post-thumbnail","hentry","category-articles"],"_links":{"self":[{"href":"https:\/\/wncri.org\/fr\/wp-json\/wp\/v2\/posts\/8271","targetHints":{"allow":["GET"]}}],"collection":[{"href":"https:\/\/wncri.org\/fr\/wp-json\/wp\/v2\/posts"}],"about":[{"href":"https:\/\/wncri.org\/fr\/wp-json\/wp\/v2\/types\/post"}],"author":[{"embeddable":true,"href":"https:\/\/wncri.org\/fr\/wp-json\/wp\/v2\/users\/4"}],"replies":[{"embeddable":true,"href":"https:\/\/wncri.org\/fr\/wp-json\/wp\/v2\/comments?post=8271"}],"version-history":[{"count":0,"href":"https:\/\/wncri.org\/fr\/wp-json\/wp\/v2\/posts\/8271\/revisions"}],"wp:featuredmedia":[{"embeddable":true,"href":"https:\/\/wncri.org\/fr\/wp-json\/wp\/v2\/media\/8272"}],"wp:attachment":[{"href":"https:\/\/wncri.org\/fr\/wp-json\/wp\/v2\/media?parent=8271"}],"wp:term":[{"taxonomy":"category","embeddable":true,"href":"https:\/\/wncri.org\/fr\/wp-json\/wp\/v2\/categories?post=8271"},{"taxonomy":"post_tag","embeddable":true,"href":"https:\/\/wncri.org\/fr\/wp-json\/wp\/v2\/tags?post=8271"}],"curies":[{"name":"wp","href":"https:\/\/api.w.org\/{rel}","templated":true}]}}