{"id":7810,"date":"2019-08-03T13:00:26","date_gmt":"2019-08-03T11:00:26","guid":{"rendered":"https:\/\/wncri.org\/fr\/?p=7810"},"modified":"2019-08-04T13:00:39","modified_gmt":"2019-08-04T11:00:39","slug":"infirmieres-enseignantes-et-villageoises-reclament-leurs-droits-en-iran","status":"publish","type":"post","link":"https:\/\/wncri.org\/fr\/2019\/08\/03\/infirmieres-enseignantes-et-villageoises-reclament-leurs-droits-en-iran\/","title":{"rendered":"Infirmi\u00e8res, enseignantes et villageoises r\u00e9clament leurs droits en Iran"},"content":{"rendered":"\n<p>CNRI Femmes &#8211;\u00a0 Le samedi 3 ao\u00fbt 2019, des infirmi\u00e8res travaillant dans les h\u00f4pitaux de Machad ont organis\u00e9 une <a href=\"https:\/\/wncri.org\/fr\/2019\/06\/19\/retraites-et-infirmieres-reclament-leurs-salaires-impayes-en-iran\/\" target=\"_blank\" rel=\"noreferrer noopener\" aria-label=\"manifestation (s\u2019ouvre dans un nouvel onglet)\">manifestation<\/a> devant le bureau du gouverneur dans cette capitale de la province de Khorassan-Razavi, dans le nord-est de l&#8217;Iran. Elles ont exig\u00e9 de recevoir leur salaire et leurs heures suppl\u00e9mentaires impay\u00e9s. <\/p>\n\n\n\n<p>Les infirmi\u00e8res ont organis\u00e9 des manifestations dans diverses\nvilles d&#8217;Iran parce qu\u2019elles ne re\u00e7oivent pas de salaire malgr\u00e9 des conditions\nde travail difficiles et nuisibles.<\/p>\n\n\n\n<figure class=\"wp-block-image\"><img decoding=\"async\" src=\"data:image\/gif;base64,R0lGODlhAQABAIAAAAAAAP\/\/\/yH5BAEAAAAALAAAAAABAAEAAAIBRAA7\" data-src=\"https:\/\/wncri.org\/fr\/wp-content\/uploads\/2019\/08\/taft-women-750-min.jpg\" alt=\"Infirmi\u00e8res, enseignantes et villageoises r\u00e9clament leurs droits en Iran\" class=\"wp-image-7813 lazyload\"\/><noscript><img decoding=\"async\" width=\"750\" height=\"430\" src=\"https:\/\/wncri.org\/fr\/wp-content\/uploads\/2019\/08\/taft-women-750-min.jpg\" alt=\"Infirmi\u00e8res, enseignantes et villageoises r\u00e9clament leurs droits en Iran\" class=\"wp-image-7813 lazyload\" srcset=\"https:\/\/wncri.org\/fr\/wp-content\/uploads\/2019\/08\/taft-women-750-min.jpg 750w, https:\/\/wncri.org\/fr\/wp-content\/uploads\/2019\/08\/taft-women-750-min-300x172.jpg 300w\" sizes=\"(max-width: 750px) 100vw, 750px\" \/><\/noscript><figcaption> Les femmes du village de Nasrabad, de la province de Yazd au centre de l\u2019Iran <\/figcaption><\/figure>\n\n\n\n<p>Les femmes du village de Nasrabad, de la province de Yazd\nau centre de l\u2019Iran, ont organis\u00e9 une manifestation le mardi 30 juillet 2019,\ndemandant la lib\u00e9ration des gens qui avaient manifest\u00e9 contre la confiscation\nde leurs terres. Les femmes rassembl\u00e9es devant le bureau du gouverneur \u00e0 Taft,\ntenaient une pancarte sur laquelle on pouvait lire : \u00ab&nbsp;Cessez la\nconfiscation de nos terres, \u00e9coutez nos dol\u00e9ances, lib\u00e9rez ceux qui ont \u00e9t\u00e9\nemprisonn\u00e9s \u00e0 cause de cela.&nbsp;\u00bb<\/p>\n\n\n\n<p>Les manifestantes ont d\u00e9clar\u00e9 : \u00ab&nbsp;Il n\u2019y a presque\nplus personne \u00e0 Nasrabad. Ils devraient arr\u00eater le peu qui reste pour ouvrir la\nvoie \u00e0 la confiscation de nos terres.&nbsp;\u00bb<\/p>\n\n\n\n<p>Nasrabad est un village situ\u00e9 dans les zones ombrag\u00e9es et\nfraiches de Yazd. <\/p>\n\n\n\n<figure class=\"wp-block-image\"><img decoding=\"async\" src=\"data:image\/gif;base64,R0lGODlhAQABAIAAAAAAAP\/\/\/yH5BAEAAAAALAAAAAABAAEAAAIBRAA7\" data-src=\"https:\/\/wncri.org\/fr\/wp-content\/uploads\/2019\/08\/mohammad-habibi-750-min.jpg\" alt=\"Un groupe d'activistes civils, dont un certain nombre de militantes\" class=\"wp-image-7812 lazyload\"\/><noscript><img decoding=\"async\" width=\"750\" height=\"430\" src=\"https:\/\/wncri.org\/fr\/wp-content\/uploads\/2019\/08\/mohammad-habibi-750-min.jpg\" alt=\"Un groupe d'activistes civils, dont un certain nombre de militantes\" class=\"wp-image-7812 lazyload\" srcset=\"https:\/\/wncri.org\/fr\/wp-content\/uploads\/2019\/08\/mohammad-habibi-750-min.jpg 750w, https:\/\/wncri.org\/fr\/wp-content\/uploads\/2019\/08\/mohammad-habibi-750-min-300x172.jpg 300w\" sizes=\"(max-width: 750px) 100vw, 750px\" \/><\/noscript><figcaption> Un groupe d&#8217;activistes civils, dont un certain nombre de militantes, s&#8217;est rendu au rectorat de Shahriar pour s\u2019enqu\u00e9rir de la situation de Mohammad Habibi, un enseignant emprisonn\u00e9. <\/figcaption><\/figure>\n\n\n\n<p>Un groupe d&#8217;activistes civils, dont un certain nombre de\nmilitantes, s&#8217;est rendu au rectorat de Shahriar pour s\u2019enqu\u00e9rir de la situation\nde Mohammad Habibi, un enseignant emprisonn\u00e9. Elles ont dit que le minist\u00e8re\navait rejet\u00e9 la demande de lui accorder un cong\u00e9 pay\u00e9. Ce rejet est important\nparce que le minist\u00e8re de l&#8217;\u00c9ducation peut par la suite licenci\u00e9 Mohammad\nHabibi si son incarc\u00e9ration se prolonge. <\/p>\n\n\n\n<p>Mohammad Habibi a \u00e9t\u00e9 arr\u00eat\u00e9 pour la deuxi\u00e8me fois le 10 mai 2018 lors d\u2019une \u00e0 l&#8217;occasion de <a href=\"https:\/\/wncri.org\/fr\/2019\/05\/03\/la-journee-des-enseignants-en-iran-marquee-par-de-nombreuses-manifestations\/\" target=\"_blank\" rel=\"noreferrer noopener\" aria-label=\"la Journ\u00e9e nationale des enseignants (s\u2019ouvre dans un nouvel onglet)\">la Journ\u00e9e nationale des enseignants<\/a> en Iran. Il a \u00e9t\u00e9 condamn\u00e9 \u00e0 un total de 9 ans de prison et de 74 coups de fouet. Il a \u00e9galement \u00e9t\u00e9 priv\u00e9 de toute activit\u00e9 avec un parti ou groupe politique ou social et de quitter le pays pendant deux ans.<\/p>\n","protected":false},"excerpt":{"rendered":"<p>CNRI Femmes &#8211;\u00a0 Le samedi 3 ao\u00fbt 2019, des infirmi\u00e8res travaillant dans les h\u00f4pitaux de Machad ont organis\u00e9 une manifestation devant le bureau du gouverneur dans cette capitale de la province de Khorassan-Razavi, dans le nord-est de l&#8217;Iran. Elles ont exig\u00e9 de recevoir leur salaire et leurs heures suppl\u00e9mentaires impay\u00e9s. Les infirmi\u00e8res ont organis\u00e9 des [&hellip;]<\/p>\n","protected":false},"author":4,"featured_media":7811,"comment_status":"open","ping_status":"open","sticky":false,"template":"","format":"standard","meta":{"jnews-multi-image_gallery":[],"jnews_single_post":[],"jnews_primary_category":[],"jnews_social_meta":[],"jnews_override_counter":[],"footnotes":""},"categories":[3],"tags":[],"class_list":["post-7810","post","type-post","status-publish","format-standard","has-post-thumbnail","hentry","category-infos-des-femmes"],"_links":{"self":[{"href":"https:\/\/wncri.org\/fr\/wp-json\/wp\/v2\/posts\/7810","targetHints":{"allow":["GET"]}}],"collection":[{"href":"https:\/\/wncri.org\/fr\/wp-json\/wp\/v2\/posts"}],"about":[{"href":"https:\/\/wncri.org\/fr\/wp-json\/wp\/v2\/types\/post"}],"author":[{"embeddable":true,"href":"https:\/\/wncri.org\/fr\/wp-json\/wp\/v2\/users\/4"}],"replies":[{"embeddable":true,"href":"https:\/\/wncri.org\/fr\/wp-json\/wp\/v2\/comments?post=7810"}],"version-history":[{"count":0,"href":"https:\/\/wncri.org\/fr\/wp-json\/wp\/v2\/posts\/7810\/revisions"}],"wp:featuredmedia":[{"embeddable":true,"href":"https:\/\/wncri.org\/fr\/wp-json\/wp\/v2\/media\/7811"}],"wp:attachment":[{"href":"https:\/\/wncri.org\/fr\/wp-json\/wp\/v2\/media?parent=7810"}],"wp:term":[{"taxonomy":"category","embeddable":true,"href":"https:\/\/wncri.org\/fr\/wp-json\/wp\/v2\/categories?post=7810"},{"taxonomy":"post_tag","embeddable":true,"href":"https:\/\/wncri.org\/fr\/wp-json\/wp\/v2\/tags?post=7810"}],"curies":[{"name":"wp","href":"https:\/\/api.w.org\/{rel}","templated":true}]}}