{"id":7787,"date":"2019-07-31T10:41:51","date_gmt":"2019-07-31T08:41:51","guid":{"rendered":"https:\/\/wncri.org\/fr\/?p=7787"},"modified":"2019-07-31T12:39:22","modified_gmt":"2019-07-31T10:39:22","slug":"des-detenues-politiques-brutalisees-a-la-prison-de-qarchak-en-iran","status":"publish","type":"post","link":"https:\/\/wncri.org\/fr\/2019\/07\/31\/des-detenues-politiques-brutalisees-a-la-prison-de-qarchak-en-iran\/","title":{"rendered":"Des d\u00e9tenues politiques brutalis\u00e9es \u00e0 la prison de Qarchak en Iran"},"content":{"rendered":"\n<p>CNRI Femmes &#8211; Yassaman Ariani, Neda\nNaji, Atefeh Rangriz et Sepideh Qolian, prisonni\u00e8res politiques, ont \u00e9t\u00e9\nbrutalis\u00e9es par des d\u00e9tenues de droit commun de la prison de Qarchak en\nbanlieue de T\u00e9h\u00e9ran.<\/p>\n\n\n\n<p>Le 29 juillet, vers 19 heures, des prisonni\u00e8res provoqu\u00e9es par les autorit\u00e9s p\u00e9nitentiaires ont violemment pass\u00e9 \u00e0 tabac les quatre d\u00e9tenues politiques, apr\u00e8s qu\u2019une autre prisonni\u00e8re politique <a href=\"https:\/\/wncri.org\/fr\/2019\/06\/03\/saba-kord-afshari-a-nouveau-arretee-atena-daemi-incriminee\/\" target=\"_blank\" rel=\"noreferrer noopener\" aria-label=\" (s\u2019ouvre dans un nouvel onglet)\">Saba Kord-Afshari<\/a> se soit \u00e9vanouie et que son \u00e9tat se soient d\u00e9t\u00e9rior\u00e9 en raison des retards dans son traitement.<\/p>\n\n\n\n<p>Apr\u00e8s les requ\u00eates persistantes des\nprisonni\u00e8res politiques, une infirmi\u00e8re est finalement arriv\u00e9e dans l&#8217;unit\u00e9\nsans aucun tensiom\u00e8tre ni brancard pour l\u2019emmener. Finalement, Saba Kord-Afshari\n\u00e0 demi-consciente a \u00e9t\u00e9 envelopp\u00e9e dans une couverture et emmen\u00e9e au\ndispensaire o\u00f9 elle a \u00e9t\u00e9 couverte d\u2019insultes par l&#8217;infirmi\u00e8re Teymouri, et le\nm\u00e9decin Hamed-Yazdan. Cela a conduit \u00e0 une dispute verbale entre eux et <a href=\"https:\/\/wncri.org\/fr\/2019\/05\/14\/les-prisonnieres-politiques-soumises-a-un-immense-stress-physique-et-psychologique\/\">Yassamine\nAriani<\/a>, qui a ensuite \u00e9t\u00e9 agress\u00e9e et brutalis\u00e9e par des d\u00e9tenus de droit\ncommun provoqu\u00e9es par les autorit\u00e9s du dispensaire. Elle a \u00e9t\u00e9 bless\u00e9e au\nvisage et couverte de bleus au bras droit et aux deux jambes. <\/p>\n\n\n\n<p>Laiss\u00e9 sans surveillance, Saba Kord-Afshari\na ensuite perdu connaissance. Quelques heures plus tard, elle a \u00e9t\u00e9 renvoy\u00e9e de\nl&#8217;unit\u00e9 de soins apr\u00e8s une injection de s\u00e9rum intraveineux. <\/p>\n\n\n\n<p>Outre Yassamine Ariani, les d\u00e9tenues politiques <a href=\"https:\/\/wncri.org\/fr\/2019\/07\/08\/neda-naji-une-syndicaliste-battue-par-des-gardiens-de-prison-en-iran\/\" target=\"_blank\" rel=\"noreferrer noopener\" aria-label=\" (s\u2019ouvre dans un nouvel onglet)\">Neda Naji<\/a>, Atefeh Rangriz et Sepideh Qolian ont \u00e9galement \u00e9t\u00e9 brutalis\u00e9es par une prisonni\u00e8re malade mentale de retour d&#8217;un h\u00f4pital psychiatrique et provoqu\u00e9e par les autorit\u00e9s p\u00e9nitentiaires. Atefeh Rangriz a d\u00fb \u00eatre emmen\u00e9e au dispensaire en raison de blessures graves. <\/p>\n\n\n\n<p>Le matin du 30 juillet, Saba Kord-Afshari, Yassamine Ariani, Monireh Arabshahi et Mojgan Keshavarz ont fait un sit-in devant le bureau administratif de la prison pour protester contre l&#8217;ins\u00e9curit\u00e9 des d\u00e9tenues politiques \u00e0 Qarchak. <\/p>\n\n\n\n<figure class=\"wp-block-image\"><img decoding=\"async\" src=\"data:image\/gif;base64,R0lGODlhAQABAIAAAAAAAP\/\/\/yH5BAEAAAAALAAAAAABAAEAAAIBRAA7\" data-src=\"https:\/\/wncri.org\/fr\/wp-content\/uploads\/2019\/07\/women-political-prisoners-sit-in-at-Qarchak-min.jpg\" alt=\"\" class=\"wp-image-7789 lazyload\"\/><noscript><img decoding=\"async\" width=\"750\" height=\"430\" src=\"https:\/\/wncri.org\/fr\/wp-content\/uploads\/2019\/07\/women-political-prisoners-sit-in-at-Qarchak-min.jpg\" alt=\"\" class=\"wp-image-7789 lazyload\" srcset=\"https:\/\/wncri.org\/fr\/wp-content\/uploads\/2019\/07\/women-political-prisoners-sit-in-at-Qarchak-min.jpg 750w, https:\/\/wncri.org\/fr\/wp-content\/uploads\/2019\/07\/women-political-prisoners-sit-in-at-Qarchak-min-300x172.jpg 300w\" sizes=\"(max-width: 750px) 100vw, 750px\" \/><\/noscript><figcaption>Saba Kord-Afshari, Mojgan Keshavarz et Monireh Arabshahi<\/figcaption><\/figure>\n\n\n\n<p>Jamal Ameli, le mari de Neda Naji, a\ntweet\u00e9 que le pouvoir judiciaire et ses responsables devront rendre des comptes\nsi quelque chose arrivait \u00e0 sa femme ou \u00e0 d&#8217;autres prisonni\u00e8res politiques\nd\u00e9tenues \u00e0 Qarchak, car ce sont eux qui ont \u00ab&nbsp;d\u00e9lib\u00e9r\u00e9ment viol\u00e9 le\nprincipe de la s\u00e9paration des diff\u00e9rentes cat\u00e9gories de prisonniers&nbsp;\u00bb.<\/p>\n\n\n\n<p>Des prisonni\u00e8res politiques de la prison de Qarchak ont \u00e9t\u00e9 battues \u00e0 plusieurs reprises par des criminelles de droit commun incit\u00e9es par des agents p\u00e9nitentiaires. En plus de leur vie en danger, elles risquent aussi gravement de contracter diverses maladies comme l&#8217;h\u00e9patite et le sida \u00e0 la suite de contacts avec des d\u00e9tenues ordinaires, dont beaucoup sont toxicomanes.<\/p>\n\n\n\n<figure class=\"wp-block-image\"><img decoding=\"async\" src=\"data:image\/gif;base64,R0lGODlhAQABAIAAAAAAAP\/\/\/yH5BAEAAAAALAAAAAABAAEAAAIBRAA7\" data-src=\"https:\/\/wncri.org\/fr\/wp-content\/uploads\/2019\/07\/Anisha-Assadollahi-min.jpg\" alt=\"\" class=\"wp-image-7790 lazyload\"\/><noscript><img decoding=\"async\" width=\"750\" height=\"430\" src=\"https:\/\/wncri.org\/fr\/wp-content\/uploads\/2019\/07\/Anisha-Assadollahi-min.jpg\" alt=\"\" class=\"wp-image-7790 lazyload\" srcset=\"https:\/\/wncri.org\/fr\/wp-content\/uploads\/2019\/07\/Anisha-Assadollahi-min.jpg 750w, https:\/\/wncri.org\/fr\/wp-content\/uploads\/2019\/07\/Anisha-Assadollahi-min-300x172.jpg 300w\" sizes=\"(max-width: 750px) 100vw, 750px\" \/><\/noscript><figcaption> Anisha Assadollahi <\/figcaption><\/figure>\n\n\n\n<p>Autre fait nouveau, <a href=\"https:\/\/wncri.org\/fr\/2019\/06\/21\/anisha-assadollahi-de-nouveau-arretee-en-iran-par-12-agents\/\" target=\"_blank\" rel=\"noreferrer noopener\" aria-label=\" (s\u2019ouvre dans un nouvel onglet)\">Anisha Assadollahi<\/a>, militante syndicale arr\u00eat\u00e9e \u00e0 l&#8217;occasion de la Journ\u00e9e internationale du travail, a \u00e9t\u00e9 transf\u00e9r\u00e9e du quartier 209 du minist\u00e8re du Renseignement \u00e0 Evine dans le quartier des femmes.<\/p>\n","protected":false},"excerpt":{"rendered":"<p>CNRI Femmes &#8211; Yassaman Ariani, Neda Naji, Atefeh Rangriz et Sepideh Qolian, prisonni\u00e8res politiques, ont \u00e9t\u00e9 brutalis\u00e9es par des d\u00e9tenues de droit commun de la prison de Qarchak en banlieue de T\u00e9h\u00e9ran. Le 29 juillet, vers 19 heures, des prisonni\u00e8res provoqu\u00e9es par les autorit\u00e9s p\u00e9nitentiaires ont violemment pass\u00e9 \u00e0 tabac les quatre d\u00e9tenues politiques, apr\u00e8s [&hellip;]<\/p>\n","protected":false},"author":4,"featured_media":7788,"comment_status":"open","ping_status":"open","sticky":false,"template":"","format":"standard","meta":{"jnews-multi-image_gallery":[],"jnews_single_post":[],"jnews_primary_category":[],"jnews_social_meta":[],"jnews_override_counter":[],"footnotes":""},"categories":[3],"tags":[],"class_list":["post-7787","post","type-post","status-publish","format-standard","has-post-thumbnail","hentry","category-infos-des-femmes"],"_links":{"self":[{"href":"https:\/\/wncri.org\/fr\/wp-json\/wp\/v2\/posts\/7787","targetHints":{"allow":["GET"]}}],"collection":[{"href":"https:\/\/wncri.org\/fr\/wp-json\/wp\/v2\/posts"}],"about":[{"href":"https:\/\/wncri.org\/fr\/wp-json\/wp\/v2\/types\/post"}],"author":[{"embeddable":true,"href":"https:\/\/wncri.org\/fr\/wp-json\/wp\/v2\/users\/4"}],"replies":[{"embeddable":true,"href":"https:\/\/wncri.org\/fr\/wp-json\/wp\/v2\/comments?post=7787"}],"version-history":[{"count":0,"href":"https:\/\/wncri.org\/fr\/wp-json\/wp\/v2\/posts\/7787\/revisions"}],"wp:featuredmedia":[{"embeddable":true,"href":"https:\/\/wncri.org\/fr\/wp-json\/wp\/v2\/media\/7788"}],"wp:attachment":[{"href":"https:\/\/wncri.org\/fr\/wp-json\/wp\/v2\/media?parent=7787"}],"wp:term":[{"taxonomy":"category","embeddable":true,"href":"https:\/\/wncri.org\/fr\/wp-json\/wp\/v2\/categories?post=7787"},{"taxonomy":"post_tag","embeddable":true,"href":"https:\/\/wncri.org\/fr\/wp-json\/wp\/v2\/tags?post=7787"}],"curies":[{"name":"wp","href":"https:\/\/api.w.org\/{rel}","templated":true}]}}