{"id":7733,"date":"2019-07-27T16:42:25","date_gmt":"2019-07-27T14:42:25","guid":{"rendered":"https:\/\/wncri.org\/fr\/?p=7733"},"modified":"2019-07-28T16:49:25","modified_gmt":"2019-07-28T14:49:25","slug":"de-nombreuses-militantes-des-droits-reprimees-en-iran","status":"publish","type":"post","link":"https:\/\/wncri.org\/fr\/2019\/07\/27\/de-nombreuses-militantes-des-droits-reprimees-en-iran\/","title":{"rendered":"De nombreuses militantes des droits r\u00e9prim\u00e9es en Iran"},"content":{"rendered":"\n<p>CNRI Femmes &#8211; La militante \u00e9tudiante Sepideh Farhan (Farahabadi) a \u00e9t\u00e9 condamn\u00e9e \u00e0 6 ans de prison et 74 coups de fouet par la Cour d&#8217;appel de T\u00e9h\u00e9ran en Iran. <\/p>\n\n\n\n<p><a href=\"https:\/\/wncri.org\/fr\/2018\/07\/09\/la-manifestante-sepideh-farhan-farahabadi-condamnee-a-six-ans-de-prison-en\/\" target=\"_blank\" rel=\"noreferrer noopener\" aria-label=\" (s\u2019ouvre dans un nouvel onglet)\">Sepideh Farhan<\/a> a \u00e9t\u00e9 convoqu\u00e9e au tribunal de T\u00e9h\u00e9ran le 24 juillet 2019 pour entendre sa condamnation. Elle a \u00e9t\u00e9 accus\u00e9e de \u00ab\u00a0trouble \u00e0 l&#8217;ordre public en participant \u00e0 des rassemblements ill\u00e9gaux et \u00e0 des associations et collusions contre la s\u00e9curit\u00e9 nationale\u00a0\u00bb parce qu&#8217;elle avait particip\u00e9 aux manifestations \u00e9tudiantes de janvier 2018.<\/p>\n\n\n\n<figure class=\"wp-block-image\"><img decoding=\"async\" src=\"data:image\/gif;base64,R0lGODlhAQABAIAAAAAAAP\/\/\/yH5BAEAAAAALAAAAAABAAEAAAIBRAA7\" data-src=\"https:\/\/wncri.org\/fr\/wp-content\/uploads\/2019\/07\/Parvin-Nakhostin.jpg\" alt=\"Parvin Nakhostin\" class=\"wp-image-7737 lazyload\"\/><noscript><img decoding=\"async\" width=\"750\" height=\"430\" src=\"https:\/\/wncri.org\/fr\/wp-content\/uploads\/2019\/07\/Parvin-Nakhostin.jpg\" alt=\"Parvin Nakhostin\" class=\"wp-image-7737 lazyload\" srcset=\"https:\/\/wncri.org\/fr\/wp-content\/uploads\/2019\/07\/Parvin-Nakhostin.jpg 750w, https:\/\/wncri.org\/fr\/wp-content\/uploads\/2019\/07\/Parvin-Nakhostin-300x172.jpg 300w\" sizes=\"(max-width: 750px) 100vw, 750px\" \/><\/noscript><figcaption>Parvin Nakhostin<\/figcaption><\/figure>\n\n\n\n<p>Parvine Nokhostine, une\nmilitante civile a \u00e9t\u00e9 convoqu\u00e9e au minist\u00e8re du Renseignement le 24 juillet\n2019, sans explication. Parvine Nokhostine est active dans le domaine des\ndroits \u00e0 l&#8217;identit\u00e9 des enfants sans certificat de naissance. Elle a prononc\u00e9\nun discours lors de la Journ\u00e9e internationale des femmes lors d&#8217;une c\u00e9r\u00e9monie\norganis\u00e9e par l&#8217;Association de Neday-e Zanan-e Iran.<\/p>\n\n\n\n<p>Auparavant, Maryam Mohammadi,\nmilitante des droits des femmes et membre de l&#8217;Association Neday-e Zanan-e\nIran, avait \u00e9t\u00e9 arr\u00eat\u00e9e \u00e0 son domicile le 8 juillet 2019 par les services de\nrenseignement. Nul ne sait o\u00f9 elle est d\u00e9tenue. Deux autres membres de\nl&#8217;association, Akram Nassirian et Nahid Shaqaqi ont \u00e9galement \u00e9t\u00e9 arr\u00eat\u00e9s.<\/p>\n\n\n\n<figure class=\"wp-block-image\"><img decoding=\"async\" src=\"data:image\/gif;base64,R0lGODlhAQABAIAAAAAAAP\/\/\/yH5BAEAAAAALAAAAAABAAEAAAIBRAA7\" data-src=\"https:\/\/wncri.org\/fr\/wp-content\/uploads\/2019\/07\/Anisha-Assadollahi.jpg\" alt=\"Anisha Assadollahi\" class=\"wp-image-7734 lazyload\"\/><noscript><img decoding=\"async\" width=\"750\" height=\"430\" src=\"https:\/\/wncri.org\/fr\/wp-content\/uploads\/2019\/07\/Anisha-Assadollahi.jpg\" alt=\"Anisha Assadollahi\" class=\"wp-image-7734 lazyload\" srcset=\"https:\/\/wncri.org\/fr\/wp-content\/uploads\/2019\/07\/Anisha-Assadollahi.jpg 750w, https:\/\/wncri.org\/fr\/wp-content\/uploads\/2019\/07\/Anisha-Assadollahi-300x172.jpg 300w\" sizes=\"(max-width: 750px) 100vw, 750px\" \/><\/noscript><figcaption>Anisha Assadollahi<\/figcaption><\/figure>\n\n\n\n<p>Le 25 juillet 2019, les parents de la militante ouvri\u00e8re <a href=\"https:\/\/wncri.org\/fr\/2019\/06\/21\/anisha-assadollahi-de-nouveau-arretee-en-iran-par-12-agents\/\" target=\"_blank\" rel=\"noreferrer noopener\" aria-label=\" (s\u2019ouvre dans un nouvel onglet)\">Anisha Assadollahi<\/a>, arr\u00eat\u00e9e lors de la Journ\u00e9e internationale du Travail, lui ont rendu visite pour la premi\u00e8re fois au bout de 38 jours. Ali Assadollahi, le fr\u00e8re d&#8217;Anisha, a \u00e9crit sur Twitter\u00a0: \u00ab\u00a0aujourd&#8217;hui, ma m\u00e8re et mon p\u00e8re ont finalement pu voir Anisha pour la premi\u00e8re fois. Elle \u00e9tait forte. Elle a constamment insist\u00e9 sur le fait qu&#8217;elle n&#8217;avait pas commis de d\u00e9lit et qu&#8217;elle avait \u00e9t\u00e9 arr\u00eat\u00e9e injustement.\u00a0\u00bb<\/p>\n\n\n\n<figure class=\"wp-block-image\"><img decoding=\"async\" src=\"data:image\/gif;base64,R0lGODlhAQABAIAAAAAAAP\/\/\/yH5BAEAAAAALAAAAAABAAEAAAIBRAA7\" data-src=\"https:\/\/wncri.org\/fr\/wp-content\/uploads\/2019\/07\/Neda-Naji-1.jpg\" alt=\"Neda Naji\" class=\"wp-image-7736 lazyload\"\/><noscript><img decoding=\"async\" width=\"750\" height=\"430\" src=\"https:\/\/wncri.org\/fr\/wp-content\/uploads\/2019\/07\/Neda-Naji-1.jpg\" alt=\"Neda Naji\" class=\"wp-image-7736 lazyload\" srcset=\"https:\/\/wncri.org\/fr\/wp-content\/uploads\/2019\/07\/Neda-Naji-1.jpg 750w, https:\/\/wncri.org\/fr\/wp-content\/uploads\/2019\/07\/Neda-Naji-1-300x172.jpg 300w\" sizes=\"(max-width: 750px) 100vw, 750px\" \/><\/noscript><figcaption>Neda Naji<\/figcaption><\/figure>\n\n\n\n<p>Neda Naji, une autre militante\narr\u00eat\u00e9e \u00e0 l&#8217;occasion de la Journ\u00e9e internationale du Travail, a entam\u00e9 une\ngr\u00e8ve des visites le 24 juillet 2019 \u00e0 la prison de Qarchak. Neda Naji, a\nannonc\u00e9 en \u00e9crivant une lettre au chef de la prison de Qarchak \u00e0 Varamin,\nqu&#8217;elle ne rencontrerait pas sa famille avant la mise en \u0153uvre de la loi sur la\ns\u00e9paration des prisonni\u00e8res et son transfert \u00e0 la prison d&#8217;Evine. Elle a\n\u00e9galement annonc\u00e9 qu&#8217;elle protestait contre le comportement du personnel\np\u00e9nitentiaire avec d&#8217;autres familles de prisonni\u00e8res politiques venues au\nparloir de la prison de Qarchak o\u00f9 elle est d\u00e9tenue, en banlieue de T\u00e9h\u00e9ran.<\/p>\n\n\n\n<figure class=\"wp-block-image\"><img decoding=\"async\" src=\"data:image\/gif;base64,R0lGODlhAQABAIAAAAAAAP\/\/\/yH5BAEAAAAALAAAAAABAAEAAAIBRAA7\" data-src=\"https:\/\/wncri.org\/fr\/wp-content\/uploads\/2019\/07\/Zahra-Mohammadi.jpg\" alt=\"Zahra Mohammadi\" class=\"wp-image-7739 lazyload\"\/><noscript><img decoding=\"async\" width=\"750\" height=\"430\" src=\"https:\/\/wncri.org\/fr\/wp-content\/uploads\/2019\/07\/Zahra-Mohammadi.jpg\" alt=\"Zahra Mohammadi\" class=\"wp-image-7739 lazyload\" srcset=\"https:\/\/wncri.org\/fr\/wp-content\/uploads\/2019\/07\/Zahra-Mohammadi.jpg 750w, https:\/\/wncri.org\/fr\/wp-content\/uploads\/2019\/07\/Zahra-Mohammadi-300x172.jpg 300w\" sizes=\"(max-width: 750px) 100vw, 750px\" \/><\/noscript><figcaption>Zahra Mohammadi<\/figcaption><\/figure>\n\n\n\n<p>Par ailleurs, l&#8217;activiste civile\nkurde et directrice de l&#8217;Association sociale et culturelle de Nojin, Zahra\nMohammadi, 27 ans, arr\u00eat\u00e9e le 23 mai 2019, est toujours d\u00e9tenue \u00e0 la prison de\nSanandaj dans des conditions ind\u00e9termin\u00e9es et sans acc\u00e8s \u00e0 un avocat.<\/p>\n","protected":false},"excerpt":{"rendered":"<p>CNRI Femmes &#8211; La militante \u00e9tudiante Sepideh Farhan (Farahabadi) a \u00e9t\u00e9 condamn\u00e9e \u00e0 6 ans de prison et 74 coups de fouet par la Cour d&#8217;appel de T\u00e9h\u00e9ran en Iran. Sepideh Farhan a \u00e9t\u00e9 convoqu\u00e9e au tribunal de T\u00e9h\u00e9ran le 24 juillet 2019 pour entendre sa condamnation. Elle a \u00e9t\u00e9 accus\u00e9e de \u00ab\u00a0trouble \u00e0 l&#8217;ordre [&hellip;]<\/p>\n","protected":false},"author":4,"featured_media":7738,"comment_status":"open","ping_status":"open","sticky":false,"template":"","format":"standard","meta":{"jnews-multi-image_gallery":[],"jnews_single_post":[],"jnews_primary_category":[],"jnews_social_meta":[],"jnews_override_counter":[],"footnotes":""},"categories":[3],"tags":[],"class_list":["post-7733","post","type-post","status-publish","format-standard","has-post-thumbnail","hentry","category-infos-des-femmes"],"_links":{"self":[{"href":"https:\/\/wncri.org\/fr\/wp-json\/wp\/v2\/posts\/7733","targetHints":{"allow":["GET"]}}],"collection":[{"href":"https:\/\/wncri.org\/fr\/wp-json\/wp\/v2\/posts"}],"about":[{"href":"https:\/\/wncri.org\/fr\/wp-json\/wp\/v2\/types\/post"}],"author":[{"embeddable":true,"href":"https:\/\/wncri.org\/fr\/wp-json\/wp\/v2\/users\/4"}],"replies":[{"embeddable":true,"href":"https:\/\/wncri.org\/fr\/wp-json\/wp\/v2\/comments?post=7733"}],"version-history":[{"count":0,"href":"https:\/\/wncri.org\/fr\/wp-json\/wp\/v2\/posts\/7733\/revisions"}],"wp:featuredmedia":[{"embeddable":true,"href":"https:\/\/wncri.org\/fr\/wp-json\/wp\/v2\/media\/7738"}],"wp:attachment":[{"href":"https:\/\/wncri.org\/fr\/wp-json\/wp\/v2\/media?parent=7733"}],"wp:term":[{"taxonomy":"category","embeddable":true,"href":"https:\/\/wncri.org\/fr\/wp-json\/wp\/v2\/categories?post=7733"},{"taxonomy":"post_tag","embeddable":true,"href":"https:\/\/wncri.org\/fr\/wp-json\/wp\/v2\/tags?post=7733"}],"curies":[{"name":"wp","href":"https:\/\/api.w.org\/{rel}","templated":true}]}}