{"id":7655,"date":"2019-07-16T15:16:06","date_gmt":"2019-07-16T13:16:06","guid":{"rendered":"https:\/\/wncri.org\/fr\/?p=7655"},"modified":"2019-07-17T15:21:41","modified_gmt":"2019-07-17T13:21:41","slug":"des-divisions-de-patrouilles-du-vice-lancees-dans-le-nord-est-de-liran","status":"publish","type":"post","link":"https:\/\/wncri.org\/fr\/2019\/07\/16\/des-divisions-de-patrouilles-du-vice-lancees-dans-le-nord-est-de-liran\/","title":{"rendered":"Des divisions de patrouilles du vice lanc\u00e9es dans le nord-est de l\u2019Iran"},"content":{"rendered":"\n<p>CNRI Femmes &#8211; Selon des\ninformations r\u00e9cemment publi\u00e9es sur les sites officiels en Iran, des divisions\nde patrouilles du vice ont \u00e9t\u00e9 lanc\u00e9es dans la province de Khorassan-Razavi,\ndans le nord-est du pays, pour s\u00e9vir davantage contre les femmes.<\/p>\n\n\n\n<p>Le 24 juin 2019, Gholami, chef\ndes affaires provinciales du quartier-g\u00e9n\u00e9ral des patrouilles du vice de la\nprovince de Khorassan-Razavi, a d\u00e9clar\u00e9 : \u00ab&nbsp;Concernant la formation des\ndivisions de patrouille du vice, la province sera divis\u00e9e en 60 secteurs, 50 pour\ncent de ces zones seront dans le centre de la province et feront office de\ngroupes de d\u00e9pistage.&nbsp;\u00bb Jusqu&#8217;\u00e0 pr\u00e9sent, 12 secteurs ont commenc\u00e9 leur\ntravail avec plus de 8 000 agents et, \u00e0 la fin de l&#8217;ann\u00e9e, les divisions de\npatrouille de moralit\u00e9 seront dans toutes les villes de la province&nbsp;\u00bb,\na-t-il ajout\u00e9.<\/p>\n\n\n\n<p>Il a expliqu\u00e9 que cette ann\u00e9e,\ntous les organes ex\u00e9cutifs sont tenus de mettre en place ce dispositif. (Club\ndes jeunes journalistes &#8211; 24 juin 2019)<\/p>\n\n\n\n<p>Le mollah Youssef Tabataba\u00ef-Nejad,\nimam du vendredi d\u2019Ispahan, a \u00e9galement d\u00e9clar\u00e9 que la milice du Bassidj devra s&#8217;engager\n\u00e0 promouvoir la vertu et \u00e0 prohiber le vice aupr\u00e8s des femmes \u00ab&nbsp;mal-voil\u00e9es&nbsp;\u00bb.\n\u00ab&nbsp;L&#8217;atmosph\u00e8re de la ville devra se diriger vers le voile et la chastet\u00e9,\nnous devons lutter avec force contre les infractions&nbsp;\u00bb, a-t-il martel\u00e9 en\nsoulignant la n\u00e9cessit\u00e9 de lutter contre les mal-voil\u00e9es. (Agence Tasnim &#8211; 12\njuillet 2019)<\/p>\n\n\n\n<p>Auparavant, un commandant du corps\ndes gardiens de la r\u00e9volution de la province de Guilan (nord de l\u2019Iran) avait\nannonc\u00e9 le lancement d&#8217;un groupe de miliciens du Bassidj fort de 2 000\npersonnes pour s\u00e9vir contre les femmes \u00ab&nbsp;mal-voil\u00e9es&nbsp;\u00bb.<\/p>\n\n\n\n<p>Mohammad Abdollahpour, le commandant de la Force Qods de la province de Guilan, a annonc\u00e9 en juin dernier qu&#8217; \u00ab\u00a0un <a href=\"https:\/\/wncri.org\/fr\/2019\/06\/07\/2000-nouvelles-unites-pour-verbaliser-les-femmes-mal-voilees-en-iran\/\" target=\"_blank\" rel=\"noreferrer noopener\" aria-label=\" (s\u2019ouvre dans un nouvel onglet)\">nouveau chapitre<\/a> de promotion de la vertu et de prohibition du vice avait commenc\u00e9 dans la province du nord et 2 000 \u00a0unit\u00e9s de la milice du Bassidj vont donner des proc\u00e8s-verbaux et prendre des mesures contre ce qu&#8217;ils jugeaient incorrect dans la soci\u00e9t\u00e9. La question du voile et de la chastet\u00e9 n&#8217;est pas une question ordinaire, mais une question politique et de s\u00e9curit\u00e9 pour le pays.\u00a0\u00bb (Agence Mehr &#8211; 4 juin 2019)<\/p>\n","protected":false},"excerpt":{"rendered":"<p>CNRI Femmes &#8211; Selon des informations r\u00e9cemment publi\u00e9es sur les sites officiels en Iran, des divisions de patrouilles du vice ont \u00e9t\u00e9 lanc\u00e9es dans la province de Khorassan-Razavi, dans le nord-est du pays, pour s\u00e9vir davantage contre les femmes. Le 24 juin 2019, Gholami, chef des affaires provinciales du quartier-g\u00e9n\u00e9ral des patrouilles du vice de [&hellip;]<\/p>\n","protected":false},"author":4,"featured_media":7656,"comment_status":"open","ping_status":"open","sticky":false,"template":"","format":"standard","meta":{"jnews-multi-image_gallery":[],"jnews_single_post":[],"jnews_primary_category":[],"jnews_social_meta":[],"jnews_override_counter":[],"footnotes":""},"categories":[3],"tags":[],"class_list":["post-7655","post","type-post","status-publish","format-standard","has-post-thumbnail","hentry","category-infos-des-femmes"],"_links":{"self":[{"href":"https:\/\/wncri.org\/fr\/wp-json\/wp\/v2\/posts\/7655","targetHints":{"allow":["GET"]}}],"collection":[{"href":"https:\/\/wncri.org\/fr\/wp-json\/wp\/v2\/posts"}],"about":[{"href":"https:\/\/wncri.org\/fr\/wp-json\/wp\/v2\/types\/post"}],"author":[{"embeddable":true,"href":"https:\/\/wncri.org\/fr\/wp-json\/wp\/v2\/users\/4"}],"replies":[{"embeddable":true,"href":"https:\/\/wncri.org\/fr\/wp-json\/wp\/v2\/comments?post=7655"}],"version-history":[{"count":0,"href":"https:\/\/wncri.org\/fr\/wp-json\/wp\/v2\/posts\/7655\/revisions"}],"wp:featuredmedia":[{"embeddable":true,"href":"https:\/\/wncri.org\/fr\/wp-json\/wp\/v2\/media\/7656"}],"wp:attachment":[{"href":"https:\/\/wncri.org\/fr\/wp-json\/wp\/v2\/media?parent=7655"}],"wp:term":[{"taxonomy":"category","embeddable":true,"href":"https:\/\/wncri.org\/fr\/wp-json\/wp\/v2\/categories?post=7655"},{"taxonomy":"post_tag","embeddable":true,"href":"https:\/\/wncri.org\/fr\/wp-json\/wp\/v2\/tags?post=7655"}],"curies":[{"name":"wp","href":"https:\/\/api.w.org\/{rel}","templated":true}]}}