{"id":7652,"date":"2019-07-15T15:10:28","date_gmt":"2019-07-15T13:10:28","guid":{"rendered":"https:\/\/wncri.org\/fr\/?p=7652"},"modified":"2019-07-17T15:15:48","modified_gmt":"2019-07-17T13:15:48","slug":"la-poete-mojgan-siyami-detenue-sous-un-statut-non-determine-en-iran","status":"publish","type":"post","link":"https:\/\/wncri.org\/fr\/2019\/07\/15\/la-poete-mojgan-siyami-detenue-sous-un-statut-non-determine-en-iran\/","title":{"rendered":"La po\u00e8te Mojgan Siyami d\u00e9tenue sous un statut non d\u00e9termin\u00e9 en Iran"},"content":{"rendered":"\n<p>CNRI Femmes &#8211; Mojgan Siyami, po\u00e8te, journaliste et\n\u00e9crivaine d&#8217;Ardebil dans le nord-ouest de l&#8217;Iran, a \u00e9t\u00e9 arr\u00eat\u00e9e en avril 2019\net reste d\u00e9tenue sous un statut ind\u00e9termin\u00e9 en prison.<\/p>\n\n\n\n<p>Mojgan Siyami, r\u00e9dactrice en chef du magazine Saray, a\n\u00e9t\u00e9 arr\u00eat\u00e9e par les forces de s\u00e9curit\u00e9 \u00e0 T\u00e9h\u00e9ran en avril dernier, puis\ntransf\u00e9r\u00e9e \u00e0 la prison centrale d&#8217;Ardebil. Elle se trouve depuis \u00e0 la prison\nd&#8217;Ardebil.<\/p>\n\n\n\n<p>Selon des informations, \u00ab&nbsp;apr\u00e8s quatre mois\nd&#8217;arrestation ill\u00e9gale et les pressions exerc\u00e9es par les services de\nrenseignement sur Mojgan Siyami, l&#8217;\u00e9crivaine et po\u00e8te a \u00e9t\u00e9 accus\u00e9e de\nblasph\u00e8me, d\u2019outrage au Guide supr\u00eame et de troubles \u00e0 l\u2019ordre public. Mais\naucune d\u00e9cision n&#8217;a encore \u00e9t\u00e9 rendue \u00e0 son \u00e9gard, et elle reste incarc\u00e9r\u00e9e sous\nun statut ind\u00e9termin\u00e9 \u00e0 la prison centrale d&#8217;Ardebil. Elle est interdite de\nvisites et d&#8217;appels et n&#8217;a pas le droit de voir son enfant. L\u2019autorisation de\nparution de son hebdomadaire a \u00e9galement \u00e9t\u00e9 suspendue.&nbsp;\u00bb<\/p>\n\n\n\n<p>Le rapport indiquait \u00e9galement que pendant ses\ninterrogatoires l&#8217;hiver dernier, des agents des services de renseignements\navaient eu l&#8217;intention de l\u2019asphyxier en bouchant le tuyau d\u2019\u00e9vacuation du\nchauffage.<\/p>\n\n\n\n<p>Quand les forces de s\u00e9curit\u00e9 avaient arr\u00eat\u00e9e Mojgan Siyami chez elle, \u00e0 Ardebil, elles avaient fouill\u00e9 \u00e0 fond son domicile le <a href=\"https:\/\/wncri.org\/fr\/2017\/10\/28\/iran-arrestation-de-l-ecrivaine-mojgan-siyami\/\" target=\"_blank\" rel=\"noreferrer noopener\" aria-label=\" (s\u2019ouvre dans un nouvel onglet)\">22 octobre 2017<\/a>, avant de l\u2019emmener dans un lieu inconnu.<\/p>\n\n\n\n<p>Par ailleurs, des nouvelles indiquent que les\nmilitantes civiles et anciennes d\u00e9tenues politiques <a href=\"https:\/\/wncri.org\/fr\/2019\/06\/03\/saba-kord-afshari-a-nouveau-arretee-atena-daemi-incriminee\/\">Saba\nKord-Afshari<\/a> et sa m\u00e8re, <a href=\"https:\/\/wncri.org\/fr\/2019\/07\/11\/raheleh-ahmadi-arretee-quarante-jours-apres-sa-fille-en-iran\/\">Raheleh\nAhmadi<\/a>, ont \u00e9t\u00e9 transf\u00e9r\u00e9es \u00e0 la sinistre prison de Qarchak dans la ville\nde Varamine, en banlieue de T\u00e9h\u00e9ran, apr\u00e8s avoir \u00e9t\u00e9 interrog\u00e9es le samedi 13\njuillet 2019. <\/p>\n\n\n\n<p>Saba avait \u00e9t\u00e9 transf\u00e9r\u00e9e dans un lieu non identifi\u00e9e\ndepuis le 2 juillet 2019. Au cours de son interrogatoire, Saba a \u00e9t\u00e9 d\u00e9tenue\ndans le quartier 2A du Corps des gardiens de la r\u00e9volution \u00e0 la prison d&#8217;Evine\net soumise \u00e0 d&#8217;intenses pressions pour obtenir des aveux forc\u00e9s.<\/p>\n\n\n\n<p>Mme Raheleh Ahmadi a \u00e9galement \u00e9t\u00e9 transf\u00e9r\u00e9e de\nQarchak jusqu\u2019au centre de d\u00e9tention des gardiens de la r\u00e9volution pour y \u00eatre\ninterrog\u00e9e et soumise \u00e0 des pressions pour des aveux forc\u00e9s. Elle a \u00e9t\u00e9\nrenvoy\u00e9e \u00e0 la prison de Qarchak et aurait \u00e9t\u00e9 lib\u00e9r\u00e9e sous caution.<\/p>\n","protected":false},"excerpt":{"rendered":"<p>CNRI Femmes &#8211; Mojgan Siyami, po\u00e8te, journaliste et \u00e9crivaine d&#8217;Ardebil dans le nord-ouest de l&#8217;Iran, a \u00e9t\u00e9 arr\u00eat\u00e9e en avril 2019 et reste d\u00e9tenue sous un statut ind\u00e9termin\u00e9 en prison. Mojgan Siyami, r\u00e9dactrice en chef du magazine Saray, a \u00e9t\u00e9 arr\u00eat\u00e9e par les forces de s\u00e9curit\u00e9 \u00e0 T\u00e9h\u00e9ran en avril dernier, puis transf\u00e9r\u00e9e \u00e0 la [&hellip;]<\/p>\n","protected":false},"author":4,"featured_media":7653,"comment_status":"open","ping_status":"open","sticky":false,"template":"","format":"standard","meta":{"jnews-multi-image_gallery":[],"jnews_single_post":[],"jnews_primary_category":[],"jnews_social_meta":[],"jnews_override_counter":[],"footnotes":""},"categories":[3],"tags":[],"class_list":["post-7652","post","type-post","status-publish","format-standard","has-post-thumbnail","hentry","category-infos-des-femmes"],"_links":{"self":[{"href":"https:\/\/wncri.org\/fr\/wp-json\/wp\/v2\/posts\/7652","targetHints":{"allow":["GET"]}}],"collection":[{"href":"https:\/\/wncri.org\/fr\/wp-json\/wp\/v2\/posts"}],"about":[{"href":"https:\/\/wncri.org\/fr\/wp-json\/wp\/v2\/types\/post"}],"author":[{"embeddable":true,"href":"https:\/\/wncri.org\/fr\/wp-json\/wp\/v2\/users\/4"}],"replies":[{"embeddable":true,"href":"https:\/\/wncri.org\/fr\/wp-json\/wp\/v2\/comments?post=7652"}],"version-history":[{"count":0,"href":"https:\/\/wncri.org\/fr\/wp-json\/wp\/v2\/posts\/7652\/revisions"}],"wp:featuredmedia":[{"embeddable":true,"href":"https:\/\/wncri.org\/fr\/wp-json\/wp\/v2\/media\/7653"}],"wp:attachment":[{"href":"https:\/\/wncri.org\/fr\/wp-json\/wp\/v2\/media?parent=7652"}],"wp:term":[{"taxonomy":"category","embeddable":true,"href":"https:\/\/wncri.org\/fr\/wp-json\/wp\/v2\/categories?post=7652"},{"taxonomy":"post_tag","embeddable":true,"href":"https:\/\/wncri.org\/fr\/wp-json\/wp\/v2\/tags?post=7652"}],"curies":[{"name":"wp","href":"https:\/\/api.w.org\/{rel}","templated":true}]}}