{"id":7625,"date":"2019-07-14T21:43:34","date_gmt":"2019-07-14T19:43:34","guid":{"rendered":"https:\/\/wncri.org\/fr\/?p=7625"},"modified":"2019-07-17T09:47:32","modified_gmt":"2019-07-17T07:47:32","slug":"golrokh-iraee-et-atena-daemi-condamnees-a-3-ans-et-7-mois-de-prison-en-iran","status":"publish","type":"post","link":"https:\/\/wncri.org\/fr\/2019\/07\/14\/golrokh-iraee-et-atena-daemi-condamnees-a-3-ans-et-7-mois-de-prison-en-iran\/","title":{"rendered":"Golrokh Iraee et Atena Daemi condamn\u00e9es \u00e0 3 ans et 7 mois de prison en Iran"},"content":{"rendered":"\n<p>CNRI Femmes \u2013 Les militantes des\ndroits humains Golrokh Iraee et Atena Daemi ont \u00e9t\u00e9 condamn\u00e9es chacune \u00e0 3 ans\net 7 mois de prison en Iran.<\/p>\n\n\n\n<p>Golrokh Iraee et <a href=\"https:\/\/wncri.org\/fr\/2018\/12\/20\/atena-daemi-parmi-les-5-femmes-dirigeant-la-lutte-pour-les-droits-humains-ai\/\" target=\"_blank\" rel=\"noreferrer noopener\" aria-label=\" (s\u2019ouvre dans un nouvel onglet)\">Atena Daemi<\/a> ont \u00e9t\u00e9 condamn\u00e9es \u00e0 de nouvelles peines en raison d&#8217;une nouvelle plainte d\u00e9pos\u00e9e contre elles pendant leur s\u00e9jour en prison pour avoir exprim\u00e9 leur protestation contre l&#8217;ex\u00e9cution de trois prisonniers politiques kurdes. <\/p>\n\n\n\n<p>Le proc\u00e8s de Golrokh Iraee et\nd&#8217;Atena Daemi s&#8217;est tenu le 18 juin 2019, \u00e0 la 26e chambre du tribunal\nr\u00e9volutionnaire de T\u00e9h\u00e9ran, pendant seulement deux heures, ce qui est \u00e0 peine\nsuffisant pour que la d\u00e9fense puisse pr\u00e9senter ses arguments dans un proc\u00e8s.<\/p>\n\n\n\n<p>Elles ont \u00e9t\u00e9 condamn\u00e9es \u00e0 1,5 an de\nprison pour &#8220;propagande contre l&#8217;Etat&#8221; en envoyant des lettres\nouvertes hors de la prison, et \u00e0 2 ans et 1 mois pour &#8220;outrage au guide\n(Ali Khamenei)&#8221;.<\/p>\n\n\n\n<p>D&#8217;autres accusations port\u00e9es contre\nles deux militantes des droits civiques \u00e9taient des troubles \u00e0 l&#8217;ordre de la\nprison en r\u00e9sistant \u00e0 une inspection et en chantant des hymnes de protestation\nle jour o\u00f9 les trois prisonniers politiques kurdes ont \u00e9t\u00e9 ex\u00e9cut\u00e9s.<\/p>\n\n\n\n<p>La prisonni\u00e8re politique <a href=\"https:\/\/wncri.org\/fr\/2019\/04\/10\/la-prisonniere-politique-golrokh-ibrahimi-liberee-apres-une-resistance-victorieuse\/\" target=\"_blank\" rel=\"noreferrer noopener\" aria-label=\" (s\u2019ouvre dans un nouvel onglet)\">Golrokh Iraee<\/a> venait d&#8217;\u00eatre lib\u00e9r\u00e9e le 8 avril 2019, apr\u00e8s avoir purg\u00e9 sa peine. Elle \u00e9tait emprisonn\u00e9e depuis le 24 octobre 2016 pour avoir \u00e9crit un livre jamais publi\u00e9 sur le ch\u00e2timent cruel de la lapidation. <\/p>\n\n\n\n<p>Atena Daemi, qui purge actuellement\ncinq ans de prison pour ses activit\u00e9s civiles, a \u00e9t\u00e9 arr\u00eat\u00e9e le 21 octobre\n2014. Elle a commenc\u00e9 \u00e0 purger sa peine en d\u00e9cembre 2016 \u00e0 la prison d&#8217;Evine de\nT\u00e9h\u00e9ran.<\/p>\n","protected":false},"excerpt":{"rendered":"<p>CNRI Femmes \u2013 Les militantes des droits humains Golrokh Iraee et Atena Daemi ont \u00e9t\u00e9 condamn\u00e9es chacune \u00e0 3 ans et 7 mois de prison en Iran. Golrokh Iraee et Atena Daemi ont \u00e9t\u00e9 condamn\u00e9es \u00e0 de nouvelles peines en raison d&#8217;une nouvelle plainte d\u00e9pos\u00e9e contre elles pendant leur s\u00e9jour en prison pour avoir exprim\u00e9 [&hellip;]<\/p>\n","protected":false},"author":4,"featured_media":7626,"comment_status":"open","ping_status":"open","sticky":false,"template":"","format":"standard","meta":{"jnews-multi-image_gallery":[],"jnews_single_post":[],"jnews_primary_category":[],"jnews_social_meta":[],"jnews_override_counter":[],"footnotes":""},"categories":[3],"tags":[],"class_list":["post-7625","post","type-post","status-publish","format-standard","has-post-thumbnail","hentry","category-infos-des-femmes"],"_links":{"self":[{"href":"https:\/\/wncri.org\/fr\/wp-json\/wp\/v2\/posts\/7625","targetHints":{"allow":["GET"]}}],"collection":[{"href":"https:\/\/wncri.org\/fr\/wp-json\/wp\/v2\/posts"}],"about":[{"href":"https:\/\/wncri.org\/fr\/wp-json\/wp\/v2\/types\/post"}],"author":[{"embeddable":true,"href":"https:\/\/wncri.org\/fr\/wp-json\/wp\/v2\/users\/4"}],"replies":[{"embeddable":true,"href":"https:\/\/wncri.org\/fr\/wp-json\/wp\/v2\/comments?post=7625"}],"version-history":[{"count":0,"href":"https:\/\/wncri.org\/fr\/wp-json\/wp\/v2\/posts\/7625\/revisions"}],"wp:featuredmedia":[{"embeddable":true,"href":"https:\/\/wncri.org\/fr\/wp-json\/wp\/v2\/media\/7626"}],"wp:attachment":[{"href":"https:\/\/wncri.org\/fr\/wp-json\/wp\/v2\/media?parent=7625"}],"wp:term":[{"taxonomy":"category","embeddable":true,"href":"https:\/\/wncri.org\/fr\/wp-json\/wp\/v2\/categories?post=7625"},{"taxonomy":"post_tag","embeddable":true,"href":"https:\/\/wncri.org\/fr\/wp-json\/wp\/v2\/tags?post=7625"}],"curies":[{"name":"wp","href":"https:\/\/api.w.org\/{rel}","templated":true}]}}