{"id":7406,"date":"2019-06-21T22:42:33","date_gmt":"2019-06-21T20:42:33","guid":{"rendered":"https:\/\/wncri.org\/frdev\/?p=7406"},"modified":"2023-06-29T23:02:03","modified_gmt":"2023-06-29T21:02:03","slug":"anisha-assadollahi-de-nouveau-arretee-en-iran-par-12-agents","status":"publish","type":"post","link":"https:\/\/wncri.org\/fr\/2019\/06\/21\/anisha-assadollahi-de-nouveau-arretee-en-iran-par-12-agents\/","title":{"rendered":"Anisha Assadollahi de nouveau arr\u00eat\u00e9e en Iran par 12 agents"},"content":{"rendered":"\n<p>CNRI Femmes &#8211; La militante ouvri\u00e8re Anisha Assadollahi a \u00e9t\u00e9 arr\u00eat\u00e9e de nouveau dans la rue en Iran par 12 agents des services de renseignement, le Vevak, le mardi 18 juin 2019.<\/p>\n\n\n\n<p>Elle avait r\u00e9cemment \u00e9t\u00e9 lib\u00e9r\u00e9e sous une caution faramineuse apr\u00e8s avoir \u00e9t\u00e9 arr\u00eat\u00e9e lors d&#8217;une manifestation de protestation pour la f\u00eate du Travail <a href=\"https:\/\/wncri.org\/fr\/\/2019\/05\/02\/violences-contre-les-travailleurs-qui-ont-manifeste-le-1er-mai-en-iran\/\" target=\"_blank\" rel=\"noreferrer noopener\" aria-label=\" (opens in a new tab)\">le 1<\/a><sup><a href=\"https:\/\/wncri.org\/fr\/\/2019\/05\/02\/violences-contre-les-travailleurs-qui-ont-manifeste-le-1er-mai-en-iran\/\" target=\"_blank\" rel=\"noreferrer noopener\" aria-label=\" (opens in a new tab)\">er<\/a><\/sup><a href=\"https:\/\/wncri.org\/fr\/\/2019\/05\/02\/violences-contre-les-travailleurs-qui-ont-manifeste-le-1er-mai-en-iran\/\" target=\"_blank\" rel=\"noreferrer noopener\" aria-label=\" (opens in a new tab)\"> mai<\/a> \u00e0 T\u00e9h\u00e9ran.<\/p>\n\n\n\n<p>Mardi soir, 18 juin, douze\nagents du renseignement ont interpell\u00e9 Anisha Assadollahi alors qu&#8217;elle\nmarchait dans la rue. Ils l&#8217;ont emmen\u00e9e chez son p\u00e8re puis chez son fr\u00e8re, fouillant\net saccageant les lieux et confisquant leurs ordinateurs portables.<\/p>\n\n\n\n<p>Mme Assadollahi a contact\u00e9 sa\nfamille quelques heures apr\u00e8s son arrestation, les informant qu&#8217;elle \u00e9tait \u00e0 la\nprison d&#8217;Evine de T\u00e9h\u00e9ran. Aucune raison n&#8217;a \u00e9t\u00e9 fournie pour le nouvel emprisonnement\nde cette militante syndicale.<\/p>\n\n\n\n<p>Anisha Assadollahi faisait partie d&#8217;un certain nombre de militants syndicaux, dont 15 femmes qui avaient \u00e9t\u00e9 arr\u00eat\u00e9es lors de leur manifestation de protestation \u00e0 T\u00e9h\u00e9ran lors de la Journ\u00e9e internationale des travailleurs le 1er mai. Les <a href=\"https:\/\/wncri.org\/fr\/\/2019\/05\/13\/des-familles-de-personnes-arretees-le-1er-mai-des-infirmieres-et-des-epargnants-spolies-ont-manifeste-en-iran\/\" target=\"_blank\" rel=\"noreferrer noopener\" aria-label=\" (opens in a new tab)\">personnes arr\u00eat\u00e9es<\/a> avaient \u00e9t\u00e9 battues et brutalis\u00e9es, puis emmen\u00e9es dans le quartier 209 du minist\u00e8re du Renseignement \u00e0 la prison d&#8217;Evine. Des femmes ont \u00e9t\u00e9 emmen\u00e9es \u00e0 la sinistre prison Qarchak de la ville de Varamine, en banlieue t\u00e9h\u00e9ranaise.<\/p>\n\n\n\n<p>Trois militantes syndicales,\nMarzieh Amiri, Neda Naji et Atefeh Rangriz, demeurent incarc\u00e9r\u00e9es depuis le 1er\nmai. Marzieh Amiri est actuellement d\u00e9tenue dans le quartier des femmes de la\nprison d&#8217;Evine. Neda Naji et Atefeh Rangriz sont incarc\u00e9r\u00e9es \u00e0 la prison de\nQarchak.\n\nAmnesty International a appel\u00e9 les autorit\u00e9s\niraniennes \u00e0 lib\u00e9rer sans condition les personnes arr\u00eat\u00e9es, r\u00e9affirmant qu&#8217;en\nvertu du droit international, ces arrestations sont consid\u00e9r\u00e9es comme ill\u00e9gales\net arbitraires.\n\n\n\n<\/p>\n","protected":false},"excerpt":{"rendered":"<p>CNRI Femmes &#8211; La militante ouvri\u00e8re Anisha Assadollahi a \u00e9t\u00e9 arr\u00eat\u00e9e de nouveau dans la rue en Iran par 12 agents des services de renseignement, le Vevak, le mardi 18 juin 2019. Elle avait r\u00e9cemment \u00e9t\u00e9 lib\u00e9r\u00e9e sous une caution faramineuse apr\u00e8s avoir \u00e9t\u00e9 arr\u00eat\u00e9e lors d&#8217;une manifestation de protestation pour la f\u00eate du Travail [&hellip;]<\/p>\n","protected":false},"author":4,"featured_media":7407,"comment_status":"open","ping_status":"open","sticky":false,"template":"","format":"standard","meta":{"jnews-multi-image_gallery":[],"jnews_single_post":{"subtitle":"","format":"standard","video":"","gallery":"","source_name":"","source_url":"","via_name":"","via_url":"","override_template":"0","override":[{"template":"7","single_blog_custom":"","parallax":"1","fullscreen":"1","layout":"right-sidebar","sidebar":"default-sidebar","second_sidebar":"default-sidebar","sticky_sidebar":"1","share_position":"floatbottom","share_float_style":"share-normal","show_share_counter":"1","show_view_counter":"1","show_featured":"1","show_post_meta":"1","show_post_author":"0","show_post_author_image":"1","show_post_date":"1","post_date_format":"default","post_date_format_custom":"Y\/m\/d","show_post_category":"1","show_post_reading_time":"0","post_reading_time_wpm":"300","show_zoom_button":"0","zoom_button_out_step":"2","zoom_button_in_step":"3","show_post_tag":"1","show_prev_next_post":"0","show_popup_post":"1","number_popup_post":"1","show_author_box":"0","show_post_related":"1","show_inline_post_related":"0"}],"override_image_size":"0","image_override":[{"single_post_thumbnail_size":"crop-500","single_post_gallery_size":"crop-500"}],"trending_post":"0","trending_post_position":"meta","trending_post_label":"Trending","sponsored_post":"0","sponsored_post_label":"Sponsored by","sponsored_post_name":"","sponsored_post_url":"","sponsored_post_logo_enable":"0","sponsored_post_logo":"","sponsored_post_desc":"","disable_ad":"0"},"jnews_primary_category":{"id":"","hide":""},"jnews_social_meta":{"fb_title":"","fb_description":"","fb_image":"","twitter_title":"","twitter_description":"","twitter_image":""},"jnews_override_counter":{"override_view_counter":"0","view_counter_number":"0","override_share_counter":"0","share_counter_number":"0","override_like_counter":"0","like_counter_number":"0","override_dislike_counter":"0","dislike_counter_number":"0"},"footnotes":""},"categories":[3],"tags":[],"class_list":["post-7406","post","type-post","status-publish","format-standard","has-post-thumbnail","hentry","category-infos-des-femmes"],"_links":{"self":[{"href":"https:\/\/wncri.org\/fr\/wp-json\/wp\/v2\/posts\/7406","targetHints":{"allow":["GET"]}}],"collection":[{"href":"https:\/\/wncri.org\/fr\/wp-json\/wp\/v2\/posts"}],"about":[{"href":"https:\/\/wncri.org\/fr\/wp-json\/wp\/v2\/types\/post"}],"author":[{"embeddable":true,"href":"https:\/\/wncri.org\/fr\/wp-json\/wp\/v2\/users\/4"}],"replies":[{"embeddable":true,"href":"https:\/\/wncri.org\/fr\/wp-json\/wp\/v2\/comments?post=7406"}],"version-history":[{"count":1,"href":"https:\/\/wncri.org\/fr\/wp-json\/wp\/v2\/posts\/7406\/revisions"}],"predecessor-version":[{"id":18585,"href":"https:\/\/wncri.org\/fr\/wp-json\/wp\/v2\/posts\/7406\/revisions\/18585"}],"wp:featuredmedia":[{"embeddable":true,"href":"https:\/\/wncri.org\/fr\/wp-json\/wp\/v2\/media\/7407"}],"wp:attachment":[{"href":"https:\/\/wncri.org\/fr\/wp-json\/wp\/v2\/media?parent=7406"}],"wp:term":[{"taxonomy":"category","embeddable":true,"href":"https:\/\/wncri.org\/fr\/wp-json\/wp\/v2\/categories?post=7406"},{"taxonomy":"post_tag","embeddable":true,"href":"https:\/\/wncri.org\/fr\/wp-json\/wp\/v2\/tags?post=7406"}],"curies":[{"name":"wp","href":"https:\/\/api.w.org\/{rel}","templated":true}]}}