{"id":7198,"date":"2019-05-20T23:57:46","date_gmt":"2019-05-20T21:57:46","guid":{"rendered":"https:\/\/wncri.org\/frdev\/?p=7198"},"modified":"2019-05-22T00:08:08","modified_gmt":"2019-05-21T22:08:08","slug":"les-manifestations-etudiantes-continuent-dans-les-universites-de-teheran-et-de-guilan","status":"publish","type":"post","link":"https:\/\/wncri.org\/fr\/2019\/05\/20\/les-manifestations-etudiantes-continuent-dans-les-universites-de-teheran-et-de-guilan\/","title":{"rendered":"Les manifestations \u00e9tudiantes continuent dans les universit\u00e9s de T\u00e9h\u00e9ran et de Guilan"},"content":{"rendered":"\n<p>CNRI Femmes &#8211; Les manifestations \u00e9tudiantes se sont poursuivies \u00e0 T\u00e9h\u00e9ran et dans d&#8217;autres universit\u00e9s en Iran. <\/p>\n\n\n\n<p>Le dimanche 19 mai 2019, un groupe d&#8217;\u00e9tudiants en sciences sociales de l&#8217;universit\u00e9 de T\u00e9h\u00e9ran a organis\u00e9 une manifestation contre le maintien en d\u00e9tention de <a href=\"https:\/\/wncri.org\/fr\/\/2019\/05\/04\/au-moins-quinze-femmes-arretees-a-loccasion-de-la-journee-internationale-du-travail-en-iran\/\" target=\"_blank\" rel=\"noreferrer noopener\" aria-label=\" (opens in a new tab)\">Marzieh Amiri<\/a>, \u00e9tudiante en sociologie arr\u00eat\u00e9e <a href=\"https:\/\/www.maryam-rajavi.com\/fr\/item\/maryam-rajavi-calls-urgent-action-free-those-arrested-and-condemn-regime-anti-worker-policies\" target=\"_blank\" rel=\"noopener\">le 1<sup>er<\/sup> mai<\/a>, lors de la Journ\u00e9e internationale du travail. <\/p>\n\n\n\n<p>Dans la\nsoir\u00e9e du 18 mai 2019, des \u00e9tudiants de l&#8217;universit\u00e9 de T\u00e9h\u00e9ran se sont r\u00e9unis devant\nla r\u00e9sidence universitaire Fatemieh pour soutenir l&#8217;une de leurs camarades. Les\nprotestations des \u00e9tudiants portaient sur l\u2019exclusion ill\u00e9gale de cette\nmilitante de la r\u00e9sidence universitaire. Samedi, cela faisait dix jours qu\u2019elle\navait \u00e9t\u00e9 renvoy\u00e9e sans raison particuli\u00e8re. Les manifestants ont appel\u00e9 le\nsous-directeur de la s\u00e9curit\u00e9 \u00e0 rendre compte de cette d\u00e9cision. <\/p>\n\n\n\n<p>Des\nmanifestations \u00e9tudiantes ont \u00e9galement eu lieu \u00e0 l&#8217;universit\u00e9 de Guilan \u00e0 Racht,\nle samedi 18 mai 2019, contre la fermeture de la caf\u00e9t\u00e9ria de l&#8217;universit\u00e9\npendant le mois de Ramadan. Ils ont d\u00e9clar\u00e9 leur solidarit\u00e9 avec les\nmanifestations de <a href=\"https:\/\/www.ncr-iran.org\/fr\/actualites\/iran-protestations\/21588-video-des-etudiants-manifestent-dans-le-campus-a-teheran-contre-les-restrictions-imposees-aux-iraniennes\" target=\"_blank\" rel=\"noopener\">l\u2019universit\u00e9\nde T\u00e9h\u00e9ran<\/a> la semaine pr\u00e9c\u00e9dente contre les nouvelles mesures de la\ns\u00e9curit\u00e9 de l&#8217;universit\u00e9 pour renforcer le port obligatoire du voile et le code\nvestimentaire aux \u00e9tudiantes. Les \u00e9tudiantes de l&#8217;universit\u00e9 Guilan ont\n\u00e9galement demand\u00e9 que la p\u00e9riode autoris\u00e9e le soir pour rentrer \u00e0 la r\u00e9sidence\nuniversitaire soit prolong\u00e9e d\u2019une heure. <\/p>\n\n\n\n<p>Des miliciens\ndu Bassidj se sont m\u00eal\u00e9s aux manifestations \u00e9tudiantes de Guilan, prenant des\nphotos et des films pour identifier les manifestants. <\/p>\n\n\n\n<p>Par\nailleurs, le 19 mai 2019, un groupe de clients ayant achet\u00e9 des v\u00e9hicules au\nconstructeur Saipa, qui appartient aux gardiens de la r\u00e9volution et qui\ncollabore notamment avec Renault et Peugeot, a organis\u00e9 une r\u00e9union devant le\nminist\u00e8re de l&#8217;Industrie, des Mines et du Commerce, pour protester contre l\u2019augmentation\ndes prix alors qu\u2019ils ont d\u00e9j\u00e0 pay\u00e9 et parce qu\u2019ils n\u2019ont toujours pas re\u00e7u\nleurs v\u00e9hicules. <\/p>\n\n\n\n<figure class=\"wp-block-image\"><img decoding=\"async\" src=\"data:image\/gif;base64,R0lGODlhAQABAIAAAAAAAP\/\/\/yH5BAEAAAAALAAAAAABAAEAAAIBRAA7\" data-src=\"https:\/\/wncri.org\/fr\/\/wp-content\/uploads\/2019\/05\/teachers-750.jpg\" alt=\"manifestations\" class=\"wp-image-7200 lazyload\"\/><noscript><img decoding=\"async\" width=\"750\" height=\"430\" src=\"https:\/\/wncri.org\/fr\/\/wp-content\/uploads\/2019\/05\/teachers-750.jpg\" alt=\"manifestations\" class=\"wp-image-7200 lazyload\" srcset=\"https:\/\/wncri.org\/fr\/wp-content\/uploads\/2019\/05\/teachers-750.jpg 750w, https:\/\/wncri.org\/fr\/wp-content\/uploads\/2019\/05\/teachers-750-300x172.jpg 300w\" sizes=\"(max-width: 750px) 100vw, 750px\" \/><\/noscript><\/figure>\n\n\n\n<p>Le samedi\n18 mai 2019, un groupe d&#8217;infirmi\u00e8res travaillant \u00e0 l&#8217;h\u00f4pital Azadi de T\u00e9h\u00e9ran a\norganis\u00e9 un rassemblement de protestation devant la direction de l&#8217;h\u00f4pital,\nexigeant le paiement de leurs heures suppl\u00e9mentaires. \n\nLe vendredi 17 mai 2019, un groupe d&#8217;enseignants\ncontractuels de la province de Qom s&#8217;est r\u00e9uni devant le bureau du d\u00e9put\u00e9 local\npour r\u00e9clamer que le minist\u00e8re de l&#8217;\u00c9ducation finalise enfin apr\u00e8s des mois les\nr\u00e8gles d\u2019embauche des enseignants contractuels.\n\n\n\n<\/p>\n","protected":false},"excerpt":{"rendered":"<p>CNRI Femmes &#8211; Les manifestations \u00e9tudiantes se sont poursuivies \u00e0 T\u00e9h\u00e9ran et dans d&#8217;autres universit\u00e9s en Iran. Le dimanche 19 mai 2019, un groupe d&#8217;\u00e9tudiants en sciences sociales de l&#8217;universit\u00e9 de T\u00e9h\u00e9ran a organis\u00e9 une manifestation contre le maintien en d\u00e9tention de Marzieh Amiri, \u00e9tudiante en sociologie arr\u00eat\u00e9e le 1er mai, lors de la Journ\u00e9e [&hellip;]<\/p>\n","protected":false},"author":4,"featured_media":7199,"comment_status":"open","ping_status":"open","sticky":false,"template":"","format":"standard","meta":{"jnews-multi-image_gallery":[],"jnews_single_post":[],"jnews_primary_category":[],"jnews_social_meta":[],"jnews_override_counter":[],"footnotes":""},"categories":[3],"tags":[],"class_list":["post-7198","post","type-post","status-publish","format-standard","has-post-thumbnail","hentry","category-infos-des-femmes"],"_links":{"self":[{"href":"https:\/\/wncri.org\/fr\/wp-json\/wp\/v2\/posts\/7198","targetHints":{"allow":["GET"]}}],"collection":[{"href":"https:\/\/wncri.org\/fr\/wp-json\/wp\/v2\/posts"}],"about":[{"href":"https:\/\/wncri.org\/fr\/wp-json\/wp\/v2\/types\/post"}],"author":[{"embeddable":true,"href":"https:\/\/wncri.org\/fr\/wp-json\/wp\/v2\/users\/4"}],"replies":[{"embeddable":true,"href":"https:\/\/wncri.org\/fr\/wp-json\/wp\/v2\/comments?post=7198"}],"version-history":[{"count":0,"href":"https:\/\/wncri.org\/fr\/wp-json\/wp\/v2\/posts\/7198\/revisions"}],"wp:featuredmedia":[{"embeddable":true,"href":"https:\/\/wncri.org\/fr\/wp-json\/wp\/v2\/media\/7199"}],"wp:attachment":[{"href":"https:\/\/wncri.org\/fr\/wp-json\/wp\/v2\/media?parent=7198"}],"wp:term":[{"taxonomy":"category","embeddable":true,"href":"https:\/\/wncri.org\/fr\/wp-json\/wp\/v2\/categories?post=7198"},{"taxonomy":"post_tag","embeddable":true,"href":"https:\/\/wncri.org\/fr\/wp-json\/wp\/v2\/tags?post=7198"}],"curies":[{"name":"wp","href":"https:\/\/api.w.org\/{rel}","templated":true}]}}