{"id":7065,"date":"2019-05-04T23:35:19","date_gmt":"2019-05-04T21:35:19","guid":{"rendered":"https:\/\/wncri.org\/frdev\/?p=7065"},"modified":"2019-05-04T23:35:19","modified_gmt":"2019-05-04T21:35:19","slug":"au-moins-quinze-femmes-arretees-a-loccasion-de-la-journee-internationale-du-travail-en-iran","status":"publish","type":"post","link":"https:\/\/wncri.org\/fr\/2019\/05\/04\/au-moins-quinze-femmes-arretees-a-loccasion-de-la-journee-internationale-du-travail-en-iran\/","title":{"rendered":"Au moins quinze femmes arr\u00eat\u00e9es \u00e0 l&#8217;occasion de la Journ\u00e9e internationale du travail en Iran"},"content":{"rendered":"<p>CNRI Femmes \u2013 Des parents et des proches des personnes arr\u00eat\u00e9es lors des manifestations de la Journ\u00e9e internationale du travail le 1<sup>er<\/sup> Mai en Iran se sont rassembl\u00e9es devant la prison d&#8217;Evine, \u00e0 T\u00e9h\u00e9ran, le jeudi 2 mai, pour exiger leur lib\u00e9ration inconditionnelle.<\/p>\n<p>Des informations sur les manifestations de la Journ\u00e9e internationale du travail indiquent qu&#8217;au moins 15 femmes font partie des personnes arr\u00eat\u00e9es. Il s\u2019agit de :<\/p>\n<ol>\n<li>Nahid Khodajou, 2. Nasrine Javadi, 3. Marzieh Amiri, 4. Samira Amiri, 5. Hosna Vijeh, 6. Neda Naji, 7. Zahra Tehranizadeh, 8. Azam Khezri, 9. Leila Nasservandi, 10. Samaneh Amiri, 11. Narguesse Shoja, 12. Atefeh Rangriz, 13. Elham Salehi, 14. Anisha Assadollahi, 15. Farahnaz Shiri.<\/li>\n<\/ol>\n<p>Les forces de s\u00e9curit\u00e9 ont brutalis\u00e9 les personnes arr\u00eat\u00e9es. Trois des femmes interpell\u00e9es &#8211; Samaneh Taheri, Nahid Khodajou et Marzieh Amiri &#8211; ont \u00e9t\u00e9 emmen\u00e9es dans le quartier 209 de la prison d\u2019Evine qui est sous le contr\u00f4le du sinistre minist\u00e8re du Renseignement. Les autres femmes arr\u00eat\u00e9es ont \u00e9t\u00e9 emmen\u00e9es \u00e0 la prison de Qarchak \u00e0 Varamine en banlieue de la capitale.<\/p>\n<p>Le 1er mai 2019, la pr\u00e9sidente \u00e9lue du CNRI, Maryam Radjavi, a appel\u00e9 \u00e0 une action urgente pour obtenir la lib\u00e9ration des personnes arr\u00eat\u00e9es lors des manifestations de la Journ\u00e9e internationale du travail. Elle a exhort\u00e9 les organisations internationales de d\u00e9fense des droits de l&#8217;homme et des droits des travailleurs \u00e0 condamner les politiques du r\u00e9gime des mollahs contre les travailleurs.<\/p>\n<p>Amnesty International a \u00e9galement exhort\u00e9 les autorit\u00e9s iraniennes \u00e0 lib\u00e9rer sans condition les personnes arr\u00eat\u00e9es. Selon Amnesty International, sur la base du droit international, ces arrestations sont consid\u00e9r\u00e9es comme ill\u00e9gales et arbitraires.<\/p>\n<p>Toujours le jeudi 2 mai 2019, le rassemblement d&#8217;un groupe d\u2019\u00e9pargnants spoli\u00e9s par le Cr\u00e9dit Padideh Shandiz a \u00e9t\u00e9 attaqu\u00e9 par des agents de police. Les \u00e9pargnants spoli\u00e9s protestent depuis plusieurs jours mais n&#8217;ont obtenu aucune r\u00e9ponse \u00e0 leurs demandes.<\/p>\n<p>Sur la base d\u2019informations compl\u00e9mentaires issus des manifestations de la Journ\u00e9e des enseignants, Mme Monireh Abdi, \u00e9pouse d&#8217;Ismail Abdi, enseignant militant emprisonn\u00e9, a \u00e9t\u00e9 brutalis\u00e9e par les forces de s\u00e9curit\u00e9 et bless\u00e9e au bras et au genou gauche.<\/p>\n","protected":false},"excerpt":{"rendered":"<p>CNRI Femmes \u2013 Des parents et des proches des personnes arr\u00eat\u00e9es lors des manifestations de la Journ\u00e9e internationale du travail le 1er Mai en Iran se sont rassembl\u00e9es devant la prison d&#8217;Evine, \u00e0 T\u00e9h\u00e9ran, le jeudi 2 mai, pour exiger leur lib\u00e9ration inconditionnelle. Des informations sur les manifestations de la Journ\u00e9e internationale du travail indiquent [&hellip;]<\/p>\n","protected":false},"author":4,"featured_media":7066,"comment_status":"open","ping_status":"open","sticky":false,"template":"","format":"standard","meta":{"jnews-multi-image_gallery":[],"jnews_single_post":[],"jnews_primary_category":[],"jnews_social_meta":[],"jnews_override_counter":[],"footnotes":""},"categories":[3],"tags":[],"class_list":["post-7065","post","type-post","status-publish","format-standard","has-post-thumbnail","hentry","category-infos-des-femmes"],"_links":{"self":[{"href":"https:\/\/wncri.org\/fr\/wp-json\/wp\/v2\/posts\/7065","targetHints":{"allow":["GET"]}}],"collection":[{"href":"https:\/\/wncri.org\/fr\/wp-json\/wp\/v2\/posts"}],"about":[{"href":"https:\/\/wncri.org\/fr\/wp-json\/wp\/v2\/types\/post"}],"author":[{"embeddable":true,"href":"https:\/\/wncri.org\/fr\/wp-json\/wp\/v2\/users\/4"}],"replies":[{"embeddable":true,"href":"https:\/\/wncri.org\/fr\/wp-json\/wp\/v2\/comments?post=7065"}],"version-history":[{"count":0,"href":"https:\/\/wncri.org\/fr\/wp-json\/wp\/v2\/posts\/7065\/revisions"}],"wp:featuredmedia":[{"embeddable":true,"href":"https:\/\/wncri.org\/fr\/wp-json\/wp\/v2\/media\/7066"}],"wp:attachment":[{"href":"https:\/\/wncri.org\/fr\/wp-json\/wp\/v2\/media?parent=7065"}],"wp:term":[{"taxonomy":"category","embeddable":true,"href":"https:\/\/wncri.org\/fr\/wp-json\/wp\/v2\/categories?post=7065"},{"taxonomy":"post_tag","embeddable":true,"href":"https:\/\/wncri.org\/fr\/wp-json\/wp\/v2\/tags?post=7065"}],"curies":[{"name":"wp","href":"https:\/\/api.w.org\/{rel}","templated":true}]}}