{"id":7061,"date":"2019-05-02T00:37:55","date_gmt":"2019-05-01T22:37:55","guid":{"rendered":"https:\/\/wncri.org\/frdev\/?p=7061"},"modified":"2019-05-03T00:40:51","modified_gmt":"2019-05-02T22:40:51","slug":"violences-contre-les-travailleurs-qui-ont-manifeste-le-1er-mai-en-iran","status":"publish","type":"post","link":"https:\/\/wncri.org\/fr\/2019\/05\/02\/violences-contre-les-travailleurs-qui-ont-manifeste-le-1er-mai-en-iran\/","title":{"rendered":"Violences contre les travailleurs qui ont manifest\u00e9 le 1er Mai en Iran"},"content":{"rendered":"<p>CNRI Femmes &#8211; Les travailleurs iraniens et d&#8217;autres couches de la population qui les soutiennent, notamment les \u00e9tudiants et les retrait\u00e9s, ont organis\u00e9 une manifestation le 1er mai 2019, \u00e0 l&#8217;occasion de la Journ\u00e9e internationale du Travail, en face du Parlement des mollahs \u00e0 T\u00e9h\u00e9ran. D&#8217;autres villes iraniennes, dont Machad et Marivan, ont \u00e9galement \u00e9t\u00e9 le th\u00e9\u00e2tre de manifestations \u00e0 l&#8217;occasion de la Journ\u00e9e internationale du travail, o\u00f9 les travailleurs ont lanc\u00e9 des slogans contre le gouvernement.<\/p>\n<p>Les travailleuses et les \u00e9tudiantes ont particip\u00e9 activement au rassemblement du 1<sup>er<\/sup> Mai qui s&#8217;est tenue en face du Parlement \u00e0 T\u00e9h\u00e9ran. Les manifestants brandissaient des pancartes et scandaient: &#8220;Le gouvernement nous trahit, le parlement le soutient&#8221;, &#8220;travailleurs, enseignants, \u00e9tudiants, unissez-vous&#8221;, &#8220;La vie ch\u00e8re et l&#8217;inflation ont pris la population \u00e0 la gorge&#8221;.<\/p>\n<p>Une demi-heure seulement apr\u00e8s le d\u00e9but de la manifestation, un grand nombre de forces r\u00e9pressives et d&#8217;agents en civil ont fait irruption dans le rassemblement pacifique. Ils ont brutalis\u00e9 et arr\u00eat\u00e9 des dizaines de participants, dont plusieurs militantes syndicales. Parmi les personnes identifi\u00e9es figuraient Mmes Nahid Khodajou, Nasrine Javadi, Farahnaz Shiri, Elham Salehi et Hosni Vijeh.<\/p>\n<p><img decoding=\"async\" class=\"alignnone wp-image-7062 size-full lazyload\" src=\"data:image\/gif;base64,R0lGODlhAQABAIAAAAAAAP\/\/\/yH5BAEAAAAALAAAAAABAAEAAAIBRAA7\" data-src=\"https:\/\/wncri.org\/fr\/\/wp-content\/uploads\/2019\/05\/workers\u2019-protests-1.jpg\" alt=\"Violences contre les travailleurs qui ont manifest\u00e9 le 1er Mai en Iran\" width=\"750\" height=\"430\" \/><noscript><img decoding=\"async\" class=\"alignnone wp-image-7062 size-full lazyload\" src=\"https:\/\/wncri.org\/fr\/\/wp-content\/uploads\/2019\/05\/workers\u2019-protests-1.jpg\" alt=\"Violences contre les travailleurs qui ont manifest\u00e9 le 1er Mai en Iran\" width=\"750\" height=\"430\" srcset=\"https:\/\/wncri.org\/fr\/wp-content\/uploads\/2019\/05\/workers\u2019-protests-1.jpg 750w, https:\/\/wncri.org\/fr\/wp-content\/uploads\/2019\/05\/workers\u2019-protests-1-300x172.jpg 300w\" sizes=\"(max-width: 750px) 100vw, 750px\" \/><\/noscript><\/p>\n<p>La pr\u00e9sidente \u00e9lue de la R\u00e9sistance iranienne, Maryam Radjavi, a salu\u00e9 les travailleurs et les manifestants et a appel\u00e9 la population, en particulier les jeunes Iraniens, \u00e0 leur soutien. Elle a exhort\u00e9 les organisations internationales de d\u00e9fense des droits de l&#8217;homme et des droits des travailleurs \u00e0 condamner la politique du r\u00e9gime des mollahs. Mme Radjavi a appel\u00e9 \u00e0 une action urgente pour obtenir la lib\u00e9ration des personnes arr\u00eat\u00e9es lors des manifestations du 1<sup>er<\/sup> Mai.<\/p>\n<p>Mme Radjavi a insist\u00e9 sur le fait que les droits usurp\u00e9s des travailleurs seraient restaur\u00e9s par une lutte contre la totalit\u00e9 du r\u00e9gime, ajoutant que \u00ab\u00a0malgr\u00e9 les pressions et les politiques du r\u00e9gime cl\u00e9rical contre les travailleurs iraniens, ils n\u2019abandonnent pas et ne se soumettent pas ; ils l&#8217;ont montr\u00e9 avec leurs manifestations et soul\u00e8vements au cours de l&#8217;ann\u00e9e \u00e9coul\u00e9e, et ils comptent sur le soutien continu et la solidarit\u00e9 des femmes, des jeunes, des \u00e9tudiants et des secteurs en col\u00e8re de la soci\u00e9t\u00e9 iranienne\u00a0\u00bb.<\/p>\n<p>Dans un autre acte de protestation \u00e0 l&#8217;occasion de la Journ\u00e9e internationale du travail, les travailleurs de la compagnie p\u00e9troli\u00e8re et gazi\u00e8re de Kermanchah ont organis\u00e9 un sit-in dans la cour de la compagnie au moment o\u00f9 arrivait le pr\u00e9sident des mollahs, Hassan Rohani, dans leur ville.<\/p>\n<p>En outre, le 1er mai 2019, des \u00e9tudiants de l&#8217;Universit\u00e9 Allameh Tabataba\u2019i de T\u00e9h\u00e9ran ont interrompu par de nombreux slogans une c\u00e9r\u00e9monie officielle creuse d&#8217;attribution du Prix des droits des citoyens.<\/p>\n","protected":false},"excerpt":{"rendered":"<p>CNRI Femmes &#8211; Les travailleurs iraniens et d&#8217;autres couches de la population qui les soutiennent, notamment les \u00e9tudiants et les retrait\u00e9s, ont organis\u00e9 une manifestation le 1er mai 2019, \u00e0 l&#8217;occasion de la Journ\u00e9e internationale du Travail, en face du Parlement des mollahs \u00e0 T\u00e9h\u00e9ran. D&#8217;autres villes iraniennes, dont Machad et Marivan, ont \u00e9galement \u00e9t\u00e9 [&hellip;]<\/p>\n","protected":false},"author":4,"featured_media":7063,"comment_status":"open","ping_status":"open","sticky":false,"template":"","format":"standard","meta":{"jnews-multi-image_gallery":[],"jnews_single_post":[],"jnews_primary_category":[],"jnews_social_meta":[],"jnews_override_counter":[],"footnotes":""},"categories":[3],"tags":[],"class_list":["post-7061","post","type-post","status-publish","format-standard","has-post-thumbnail","hentry","category-infos-des-femmes"],"_links":{"self":[{"href":"https:\/\/wncri.org\/fr\/wp-json\/wp\/v2\/posts\/7061","targetHints":{"allow":["GET"]}}],"collection":[{"href":"https:\/\/wncri.org\/fr\/wp-json\/wp\/v2\/posts"}],"about":[{"href":"https:\/\/wncri.org\/fr\/wp-json\/wp\/v2\/types\/post"}],"author":[{"embeddable":true,"href":"https:\/\/wncri.org\/fr\/wp-json\/wp\/v2\/users\/4"}],"replies":[{"embeddable":true,"href":"https:\/\/wncri.org\/fr\/wp-json\/wp\/v2\/comments?post=7061"}],"version-history":[{"count":0,"href":"https:\/\/wncri.org\/fr\/wp-json\/wp\/v2\/posts\/7061\/revisions"}],"wp:featuredmedia":[{"embeddable":true,"href":"https:\/\/wncri.org\/fr\/wp-json\/wp\/v2\/media\/7063"}],"wp:attachment":[{"href":"https:\/\/wncri.org\/fr\/wp-json\/wp\/v2\/media?parent=7061"}],"wp:term":[{"taxonomy":"category","embeddable":true,"href":"https:\/\/wncri.org\/fr\/wp-json\/wp\/v2\/categories?post=7061"},{"taxonomy":"post_tag","embeddable":true,"href":"https:\/\/wncri.org\/fr\/wp-json\/wp\/v2\/tags?post=7061"}],"curies":[{"name":"wp","href":"https:\/\/api.w.org\/{rel}","templated":true}]}}