{"id":7004,"date":"2019-04-16T23:41:19","date_gmt":"2019-04-16T21:41:19","guid":{"rendered":"https:\/\/wncri.org\/frdev\/?p=7004"},"modified":"2019-05-02T23:44:44","modified_gmt":"2019-05-02T21:44:44","slug":"fatemeh-bahmani-militante-enseignante-condamnee-a-un-an-de-prison-en-iran","status":"publish","type":"post","link":"https:\/\/wncri.org\/fr\/2019\/04\/16\/fatemeh-bahmani-militante-enseignante-condamnee-a-un-an-de-prison-en-iran\/","title":{"rendered":"Fatemeh Bahmani, militante enseignante , condamn\u00e9e \u00e0 un an de prison en Iran"},"content":{"rendered":"<p>CNRI Femmes &#8211; Fatemeh Bahmani, enseignante militante, et son mari, Mohammad Kord, ont tous deux \u00e9t\u00e9 condamn\u00e9s \u00e0 un an de prison et \u00e0 une amende de 2 millions de tomans. Ce sont des membres de sa famille qui garde l\u2019enfant de Fatemeh depuis son arrestation.<\/p>\n<p>Le verdict a \u00e9t\u00e9 rendu par la premi\u00e8re chambre du tribunal public de Zalian pour &#8220;diffusion de mensonges visant \u00e0 troubler l&#8217;ordre public par la publication de th\u00e8mes fallacieux sur Internet&#8221;.<\/p>\n<p>L\u2019enseignante militante et son mari ont \u00e9t\u00e9 arr\u00eat\u00e9s par les forces de s\u00e9curit\u00e9 \u00e0 Arak le 11 novembre 2018 lors de la gr\u00e8ve nationale des enseignants. Ce jour-l\u00e0, comme l&#8217;a d\u00e9clar\u00e9 le Conseil de coordination des organisations de la guilde culturelle iranienne, 12 enseignants avaient \u00e9t\u00e9 arr\u00eat\u00e9s et 30 enseignants activistes convoqu\u00e9s et interrog\u00e9s.<\/p>\n<p>La gr\u00e8ve visait \u00e0 protester contre la r\u00e9pression et l&#8217;emprisonnement des enseignants, leurs conditions de vie d\u00e9plorables, l&#8217;inflation croissante et la diminution du pouvoir d&#8217;achat.<\/p>\n<p>De mars 2018 \u00e0 mars 2019, le corps enseignant et les \u00e9ducateurs ont organis\u00e9 cinq cycles coordonn\u00e9s de gr\u00e8ves et de sit-in \u00e0 l&#8217;\u00e9chelle nationale au milieu du printemps et au d\u00e9but de l&#8217;automne 2018 et durant l&#8217;hiver 2019.<\/p>\n<p>Par ailleurs, Vida Movahed, manifestante contre le port du voile obligatoire, a \u00e9t\u00e9 condamn\u00e9e \u00e0 un an de prison par la section 1091 de la seconde cour p\u00e9nale de la province de T\u00e9h\u00e9ran, accus\u00e9e de &#8220;favoriser la corruption en se d\u00e9voilant&#8221;. Le verdict a \u00e9t\u00e9 publi\u00e9 le 3 mars 2019.<\/p>\n<p>Les demandes de lib\u00e9ration conditionnelle de ses avocats sont rest\u00e9es sans r\u00e9ponse. (Agence IRNA le 14 avril 2019)<\/p>\n<p>D&#8217;autres informations indiquent que le vendredi 29 mars 2019l, Mme Zolaikha Sa&#8217;adat- Nejad, originaire de la ville de Mahabad dans l\u2019ouest de l\u2019Iran, a \u00e9t\u00e9 arr\u00eat\u00e9e pour des raisons inconnues par des agents de renseignement de la ville, et gard\u00e9e sous interrogatoire pendant une semaine.<\/p>\n","protected":false},"excerpt":{"rendered":"<p>CNRI Femmes &#8211; Fatemeh Bahmani, enseignante militante, et son mari, Mohammad Kord, ont tous deux \u00e9t\u00e9 condamn\u00e9s \u00e0 un an de prison et \u00e0 une amende de 2 millions de tomans. Ce sont des membres de sa famille qui garde l\u2019enfant de Fatemeh depuis son arrestation. Le verdict a \u00e9t\u00e9 rendu par la premi\u00e8re chambre [&hellip;]<\/p>\n","protected":false},"author":4,"featured_media":7005,"comment_status":"open","ping_status":"open","sticky":false,"template":"","format":"standard","meta":{"jnews-multi-image_gallery":[],"jnews_single_post":[],"jnews_primary_category":[],"jnews_social_meta":[],"jnews_override_counter":[],"footnotes":""},"categories":[3],"tags":[],"class_list":["post-7004","post","type-post","status-publish","format-standard","has-post-thumbnail","hentry","category-infos-des-femmes"],"_links":{"self":[{"href":"https:\/\/wncri.org\/fr\/wp-json\/wp\/v2\/posts\/7004","targetHints":{"allow":["GET"]}}],"collection":[{"href":"https:\/\/wncri.org\/fr\/wp-json\/wp\/v2\/posts"}],"about":[{"href":"https:\/\/wncri.org\/fr\/wp-json\/wp\/v2\/types\/post"}],"author":[{"embeddable":true,"href":"https:\/\/wncri.org\/fr\/wp-json\/wp\/v2\/users\/4"}],"replies":[{"embeddable":true,"href":"https:\/\/wncri.org\/fr\/wp-json\/wp\/v2\/comments?post=7004"}],"version-history":[{"count":0,"href":"https:\/\/wncri.org\/fr\/wp-json\/wp\/v2\/posts\/7004\/revisions"}],"wp:featuredmedia":[{"embeddable":true,"href":"https:\/\/wncri.org\/fr\/wp-json\/wp\/v2\/media\/7005"}],"wp:attachment":[{"href":"https:\/\/wncri.org\/fr\/wp-json\/wp\/v2\/media?parent=7004"}],"wp:term":[{"taxonomy":"category","embeddable":true,"href":"https:\/\/wncri.org\/fr\/wp-json\/wp\/v2\/categories?post=7004"},{"taxonomy":"post_tag","embeddable":true,"href":"https:\/\/wncri.org\/fr\/wp-json\/wp\/v2\/tags?post=7004"}],"curies":[{"name":"wp","href":"https:\/\/api.w.org\/{rel}","templated":true}]}}