{"id":6986,"date":"2019-04-14T20:50:36","date_gmt":"2019-04-14T18:50:36","guid":{"rendered":"https:\/\/wncri.org\/frdev\/?p=6986"},"modified":"2019-04-21T20:51:14","modified_gmt":"2019-04-21T18:51:14","slug":"monireh-arab-shahi-mere-dune-comedienne-et-militante-arretee-a-son-tour-en-iran","status":"publish","type":"post","link":"https:\/\/wncri.org\/fr\/2019\/04\/14\/monireh-arab-shahi-mere-dune-comedienne-et-militante-arretee-a-son-tour-en-iran\/","title":{"rendered":"Monireh Arab-Shahi, m\u00e8re d\u2019une com\u00e9dienne et militante, arr\u00eat\u00e9e \u00e0 son tour en Iran"},"content":{"rendered":"<p>CNRI Femmes &#8211; Le jeudi 11 avril 2019, Monireh Arab-Shahi, m\u00e8re de l&#8217;activiste civile et com\u00e9dienne de th\u00e9\u00e2tre Yassamine Ariani, a \u00e9t\u00e9 arr\u00eat\u00e9e. Elle a \u00e9t\u00e9 incarc\u00e9r\u00e9e \u00e0 la funeste prison de Qarchak le lendemain.<\/p>\n<p>En se r\u00e9f\u00e9rant au centre de d\u00e9tention de Vozara le jeudi 11 avril 2019, \u00e0 10h30 pour avoir des nouvelles de sa fille emprisonn\u00e9e, Mme Monireh Arab-Shahi a \u00e9t\u00e9 arr\u00eat\u00e9e sur place.<\/p>\n<p>Il est dit que la police, se r\u00e9f\u00e9rant \u00e0 leur domicile le mercredi 10 avril, avait un mandat d&#8217;arr\u00eat pour la m\u00e8re et la fille, mais comme Mme Arab-Shahi n&#8217;\u00e9tait pas l\u00e0, les agents n&#8217;ont arr\u00eat\u00e9 que Yassamine. Le mandat a \u00e9t\u00e9 d\u00e9livr\u00e9 par le bureau du procureur de Karadj.<\/p>\n<p>Il n&#8217;y a aucune information sur la raison de ces deux arrestations.<\/p>\n<p>Yassamine Ariani a \u00e9t\u00e9 arr\u00eat\u00e9e avec 50 autres manifestants le 2 juillet 2019 \u00e0 T\u00e9h\u00e9ran alors qu&#8217;il protestait contre la situation \u00e9conomique catastrophique et la corruption. L&#8217;arrestation a \u00e9t\u00e9 effectu\u00e9e par les forces de s\u00e9curit\u00e9 et elles ont \u00e9t\u00e9 incarc\u00e9r\u00e9es dans les prisons du Grand T\u00e9h\u00e9ran et de Qarchak.<\/p>\n<p>Azar Heydarian, Saba Kord-Afshar, Mojdeh Rajabi et Niloufar Homafar \u00e9taient au nombre des femmes arr\u00eat\u00e9es avec Mme Ariani.<\/p>\n<p>Mme Ariani avait \u00e9t\u00e9 \u00e9crou\u00e9e au quartier des femmes de la prison d&#8217;Evine de T\u00e9h\u00e9ran au d\u00e9but de l&#8217;automne 2018 et condamn\u00e9e \u00e0 un an de prison, pour &#8220;trouble \u00e0 l&#8217;ordre public&#8221;. Elle a \u00e9t\u00e9 lib\u00e9r\u00e9e le 14 f\u00e9vrier 2019.<\/p>\n<p>Apr\u00e8s sa lib\u00e9ration, Mme Ariani avait d\u00e9nonc\u00e9 dans une lettre les parodies d\u2019amnistie accord\u00e9es aux prisonniers par le r\u00e9gime.<\/p>\n","protected":false},"excerpt":{"rendered":"<p>CNRI Femmes &#8211; Le jeudi 11 avril 2019, Monireh Arab-Shahi, m\u00e8re de l&#8217;activiste civile et com\u00e9dienne de th\u00e9\u00e2tre Yassamine Ariani, a \u00e9t\u00e9 arr\u00eat\u00e9e. Elle a \u00e9t\u00e9 incarc\u00e9r\u00e9e \u00e0 la funeste prison de Qarchak le lendemain. En se r\u00e9f\u00e9rant au centre de d\u00e9tention de Vozara le jeudi 11 avril 2019, \u00e0 10h30 pour avoir des nouvelles [&hellip;]<\/p>\n","protected":false},"author":4,"featured_media":6988,"comment_status":"open","ping_status":"open","sticky":false,"template":"","format":"standard","meta":{"jnews-multi-image_gallery":[],"jnews_single_post":[],"jnews_primary_category":[],"jnews_social_meta":[],"jnews_override_counter":[],"footnotes":""},"categories":[3],"tags":[],"class_list":["post-6986","post","type-post","status-publish","format-standard","has-post-thumbnail","hentry","category-infos-des-femmes"],"_links":{"self":[{"href":"https:\/\/wncri.org\/fr\/wp-json\/wp\/v2\/posts\/6986","targetHints":{"allow":["GET"]}}],"collection":[{"href":"https:\/\/wncri.org\/fr\/wp-json\/wp\/v2\/posts"}],"about":[{"href":"https:\/\/wncri.org\/fr\/wp-json\/wp\/v2\/types\/post"}],"author":[{"embeddable":true,"href":"https:\/\/wncri.org\/fr\/wp-json\/wp\/v2\/users\/4"}],"replies":[{"embeddable":true,"href":"https:\/\/wncri.org\/fr\/wp-json\/wp\/v2\/comments?post=6986"}],"version-history":[{"count":0,"href":"https:\/\/wncri.org\/fr\/wp-json\/wp\/v2\/posts\/6986\/revisions"}],"wp:featuredmedia":[{"embeddable":true,"href":"https:\/\/wncri.org\/fr\/wp-json\/wp\/v2\/media\/6988"}],"wp:attachment":[{"href":"https:\/\/wncri.org\/fr\/wp-json\/wp\/v2\/media?parent=6986"}],"wp:term":[{"taxonomy":"category","embeddable":true,"href":"https:\/\/wncri.org\/fr\/wp-json\/wp\/v2\/categories?post=6986"},{"taxonomy":"post_tag","embeddable":true,"href":"https:\/\/wncri.org\/fr\/wp-json\/wp\/v2\/tags?post=6986"}],"curies":[{"name":"wp","href":"https:\/\/api.w.org\/{rel}","templated":true}]}}