{"id":3619,"date":"2019-03-21T17:28:46","date_gmt":"2019-03-21T17:28:46","guid":{"rendered":"https:\/\/wncri.org\/frdev\/2019\/03\/21\/la-militante-rezvaneh-ahmad-khan-beigui-condamnee-a-4-anas-et-5-mois-de-prison-en-iran\/"},"modified":"2019-03-21T17:28:46","modified_gmt":"2019-03-21T17:28:46","slug":"la-militante-rezvaneh-ahmad-khan-beigui-condamnee-a-4-anas-et-5-mois-de-prison-en-iran","status":"publish","type":"post","link":"https:\/\/wncri.org\/fr\/2019\/03\/21\/la-militante-rezvaneh-ahmad-khan-beigui-condamnee-a-4-anas-et-5-mois-de-prison-en-iran\/","title":{"rendered":"La militante Rezvaneh Ahmad Khan Beigui condamn\u00e9e \u00e0 4 ans et 5 mois de prison en Iran"},"content":{"rendered":"<p>CNRI Femmes &#8211; La militante civile, Rezvaneh Ahmad Khan Beigui, a \u00e9t\u00e9 condamn\u00e9e \u00e0 quatre ans et cinq mois de prison en Iran.<\/p>\n<p>Le premier proc\u00e8s de Rezvaneh Ahmad Khan Beigui s&#8217;est tenu le dimanche 17 f\u00e9vrier 2019 \u00e0 la 26\u00e8me chambre du tribunal de T\u00e9h\u00e9ran.<\/p>\n<p>L&#8217;\u00e9tat de sant\u00e9 de Rezvaneh Ahmad Khan Beigui s&#8217;est d\u00e9t\u00e9rior\u00e9 en prison car elle souffrait de crises et d&#8217;\u00e9pilepsie avant d&#8217;\u00eatre d\u00e9tenue.<\/p>\n<p>  <!--more-->  <\/p>\n<p>L&#8217;inspecteur de la branche 2 de la Cour d&#8217;Evine, Mohammad Nassir-pour, a ill\u00e9galement refus\u00e9 la lib\u00e9ration sous caution de cette militante civile et a prolong\u00e9 sa d\u00e9tention sans permettre \u00e0 son avocat de s&#8217;impliquer dans cette affaire.<\/p>\n<p>Le r\u00e9gime iranien a intensifi\u00e9 la pression sur les prisonniers politiques, y compris les militants civils emprisonn\u00e9s, cherchant \u00e0 cr\u00e9er un climat de peur et \u00e0 terroriser une soci\u00e9t\u00e9 m\u00e9contente et agit\u00e9e.<\/p>\n<p>Sahar Kazemi, militante \u00e9cologiste et militante civile et coache sportive de Sanandaj, est une autre de ces militantes qui a \u00e9t\u00e9 condamn\u00e9e \u00e0 cinq ans de prison par un tribunal de Sanandaj en raison de ses activit\u00e9s.<\/p>\n<p>D\u00e9but f\u00e9vrier, une ancienne prisonni\u00e8re politique, Mahine Akbari, 57 ans, a \u00e9t\u00e9 arr\u00eat\u00e9e lors d&#8217;un raid \u00e0 son domicile et transf\u00e9r\u00e9e \u00e0 la prison Lakan de Racht apr\u00e8s de longs interrogatoires et des tortures dans le centre de d\u00e9tention des services de renseignement de Racht.<\/p>\n<p>Massoumeh Askari, enseignante retrait\u00e9e, a \u00e9t\u00e9 condamn\u00e9e \u00e0 5 ans de prison le 18 f\u00e9vrier 2019.<\/p>\n<p>Mme Askari avait \u00e9t\u00e9 de nouveau arr\u00eat\u00e9e en d\u00e9cembre 2018 et d\u00e9tenue pendant un mois \u00e0 l&#8217;isolement dans le quartier 209 de la prison d&#8217;Evine.\u00a0<\/p>\n<p>L&#8217;avocate des droits humains Nasrin Sotoudeh a \u00e9t\u00e9 condamn\u00e9e \u00e0 38 ans de prison et 148 coups de fouet apr\u00e8s deux proc\u00e8s scandaleusement iniques. L&#8217;avocate des droits de l&#8217;homme \u00e2g\u00e9e de 55 ans a \u00e9t\u00e9 arr\u00eat\u00e9e pour son travail pacifique en faveur des droits de la personne, notamment pour sa d\u00e9fense des femmes activistes et des femmes protestant contre le port obligatoire du voile.<\/p>\n<p>L&#8217;ampleur des arrestations, des emprisonnements et des peines prononc\u00e9es \u00e0 l&#8217;encontre des militantes en 45 jours seulement et le traitement cruel qu&#8217;elles ont subi r\u00e9v\u00e8lent les efforts extr\u00eames que le r\u00e9gime iranien d\u00e9ploie pour r\u00e9primer la dissidence pacifique.<\/p>\n","protected":false},"excerpt":{"rendered":"<p>CNRI Femmes &#8211; La militante civile, Rezvaneh Ahmad Khan Beigui, a \u00e9t\u00e9 condamn\u00e9e \u00e0 quatre ans et cinq mois de prison en Iran. Le premier proc\u00e8s de Rezvaneh Ahmad Khan Beigui s&#8217;est tenu le dimanche 17 f\u00e9vrier 2019 \u00e0 la 26\u00e8me chambre du tribunal de T\u00e9h\u00e9ran. L&#8217;\u00e9tat de sant\u00e9 de Rezvaneh Ahmad Khan Beigui s&#8217;est [&hellip;]<\/p>\n","protected":false},"author":1,"featured_media":6489,"comment_status":"open","ping_status":"open","sticky":false,"template":"","format":"standard","meta":{"jnews-multi-image_gallery":[],"jnews_single_post":[],"jnews_primary_category":[],"jnews_social_meta":[],"jnews_override_counter":[],"footnotes":""},"categories":[3],"tags":[],"class_list":["post-3619","post","type-post","status-publish","format-standard","has-post-thumbnail","hentry","category-infos-des-femmes"],"_links":{"self":[{"href":"https:\/\/wncri.org\/fr\/wp-json\/wp\/v2\/posts\/3619","targetHints":{"allow":["GET"]}}],"collection":[{"href":"https:\/\/wncri.org\/fr\/wp-json\/wp\/v2\/posts"}],"about":[{"href":"https:\/\/wncri.org\/fr\/wp-json\/wp\/v2\/types\/post"}],"author":[{"embeddable":true,"href":"https:\/\/wncri.org\/fr\/wp-json\/wp\/v2\/users\/1"}],"replies":[{"embeddable":true,"href":"https:\/\/wncri.org\/fr\/wp-json\/wp\/v2\/comments?post=3619"}],"version-history":[{"count":0,"href":"https:\/\/wncri.org\/fr\/wp-json\/wp\/v2\/posts\/3619\/revisions"}],"wp:featuredmedia":[{"embeddable":true,"href":"https:\/\/wncri.org\/fr\/wp-json\/wp\/v2\/media\/6489"}],"wp:attachment":[{"href":"https:\/\/wncri.org\/fr\/wp-json\/wp\/v2\/media?parent=3619"}],"wp:term":[{"taxonomy":"category","embeddable":true,"href":"https:\/\/wncri.org\/fr\/wp-json\/wp\/v2\/categories?post=3619"},{"taxonomy":"post_tag","embeddable":true,"href":"https:\/\/wncri.org\/fr\/wp-json\/wp\/v2\/tags?post=3619"}],"curies":[{"name":"wp","href":"https:\/\/api.w.org\/{rel}","templated":true}]}}