{"id":3612,"date":"2019-03-13T23:32:08","date_gmt":"2019-03-13T23:32:08","guid":{"rendered":"https:\/\/wncri.org\/frdev\/2019\/03\/13\/helene-arfa-i\/"},"modified":"2019-03-13T23:32:08","modified_gmt":"2019-03-13T23:32:08","slug":"helene-arfa-i","status":"publish","type":"post","link":"https:\/\/wncri.org\/fr\/2019\/03\/13\/helene-arfa-i\/","title":{"rendered":"H\u00e9l\u00e8ne Arfa\u2019i"},"content":{"rendered":"<p>H\u00e9l\u00e8ne Arfa&#8217;i est n\u00e9e le 23 septembre 1958 dans une famille \u00e0 faible revenu de T\u00e9h\u00e9ran. En 1975, elle a entr\u00e9e dans l\u2019enseignement sup\u00e9rieur et a suivi une formation sur la sant\u00e9 et le bien-\u00eatre des enfants. Au bout de deux ans, elle a commenc\u00e9 \u00e0 travailler avec les enfants dans les 2e et 5e arrondissements de T\u00e9h\u00e9ran.<\/p>\n<p>H\u00e9l\u00e8ne adorait travailler avec les enfants et elle a mis tout son amour et sa passion dans son travail. Elle s&#8217;occupait r\u00e9guli\u00e8rement d&#8217;enfants malades qui n&#8217;avaient pas acc\u00e8s aux soins m\u00e9dicaux et les emmenait personnellement chez le m\u00e9decin et les attendait pendant qu&#8217;ils \u00e9taient en traitement. Prendre soin d\u2019enfants et les aimer a fait partie de sa vie courte mais productive.<\/p>\n<p>  <!--more-->  <\/p>\n<p>En 1978 et 1979, H\u00e9l\u00e8ne Arfa&#8217;i a particip\u00e9 aux manifestations contre la dictature du chah et a apport\u00e9 une aide active pour soigner les bless\u00e9s. C&#8217;\u00e9tait une infirmi\u00e8re b\u00e9n\u00e9vole qui achetait personnellement tout qui \u00e9tait n\u00e9cessaire pour les bless\u00e9s.<\/p>\n<p>Apr\u00e8s le renversement du chah, elle est devenue une sympathisante des Moudjahidine du peuple (OMPI\/MEK). Aimant travailler avec les pauvres et les n\u00e9cessiteux, elle s\u2019est activ\u00e9e dans l&#8217;association \u00ab\u00a0Khazaneh\u00a0\u00bb, un centre des partisans de l\u2019OMPI dans le sud mis\u00e9reux de T\u00e9h\u00e9ran o\u00f9 elle faisait de son mieux pour informer les gens sur le v\u00e9ritable visage des religieux au pouvoir et du danger de l\u2019extr\u00e9misme et du fanatisme qu\u2019ils pr\u00f4naient.<\/p>\n<p>Le 21 avril 1981, H\u00e9l\u00e8ne Arfa&#8217;i a pris part \u00e0 la manifestation de 150 000 personnes organis\u00e9e par l&#8217;Association des m\u00e8res soutenant l\u2019OMPI\/MEK pour condamner le meurtre de deux adolescentes par des voyous du Hezbollah. Elle a \u00e9t\u00e9 arr\u00eat\u00e9e et incarc\u00e9r\u00e9e \u00e0 la prison d&#8217;Echratabad o\u00f9, apr\u00e8s une semaine de torture, elle a r\u00e9ussi \u00e0 prouver son innocence et \u00e0 obtenir sa lib\u00e9ration.<\/p>\n<p>Apr\u00e8s la manifestation pacifique de 500.000 personnes \u00e0 T\u00e9h\u00e9ran le 20 juin 1981 et les rafles massives des partisans de l\u2019OMPI qui ont imm\u00e9diatement suivi, notamment beaucoup de ses amis, elle a intensifi\u00e9 ses activit\u00e9s de d\u00e9nonciation du r\u00e9gime mais elle a \u00e9t\u00e9 arr\u00eat\u00e9e \u00e0 nouveau le 23 octobre 1981.<\/p>\n<p>Cette fois-ci, la situation \u00e9tait beaucoup plus grave car le r\u00e9gime ex\u00e9cutait des centaines de jeunes par jour, ce qui avait transform\u00e9 les prisons en champ de bataille.<\/p>\n<p>D\u00e8s son arrestation et avant m\u00eame d\u2019\u00eatre emmen\u00e9e dans l\u2019enceinte principale de la prison, H\u00e9l\u00e8ne Arfa&#8217;i a \u00e9t\u00e9 soumise \u00e0 de graves tortures pendant trois jours cons\u00e9cutifs pour luis extorquer toutes les informations sur ses amis et coll\u00e8gues.<\/p>\n<p>Inutile de dire qu&#8217;H\u00e9l\u00e8ne Arfa&#8217;i n\u2019a jamais donn\u00e9 ces informations et malgr\u00e9 les tortures d\u2019une grande violence, elle n\u2019a donn\u00e9 que des faux noms et de fausses adresses pour que ses amis aient le temps de fuir. Lorsque ses tortionnaires se sont rendus compte de la tromperie, ils ont transf\u00e9r\u00e9 H\u00e9l\u00e8ne du Comit\u00e9 central \u00e0 la prison d&#8217;Evine de T\u00e9h\u00e9ran, o\u00f9 elle a \u00e9t\u00e9 re\u00e7ue en personne par Lajevardi, le terrible boucher d&#8217;Evine.<\/p>\n<p>Finalement, le 21 d\u00e9cembre 1981, lorsque les interrogateurs et les tortionnaires ont r\u00e9alis\u00e9 qu&#8217;ils ne pouvaient pas la briser, ils l\u2019ont impitoyablement vid\u00e9e tout son sang avant de l\u2019envoyer devant le peloton d&#8217;ex\u00e9cution.<\/p>\n<p>Le lendemain, la famille et les amis d&#8217;H\u00e9l\u00e8ne Arfa&#8217;i ont appris son ex\u00e9cution lorsque son nom et celui de 19 autres prisonniers politiques de l&#8217;OMPI ont \u00e9t\u00e9 annonc\u00e9s par la t\u00e9l\u00e9vision publique et publi\u00e9s en premi\u00e8re page du quotidien Etela&#8217;at.<\/p>\n<p>Les 20 prisonniers de l&#8217;OMPI ont \u00e9t\u00e9 enterr\u00e9s en secret au cimeti\u00e8re de Behecht-e Zahra \u00e0 T\u00e9h\u00e9ran.<\/p>\n<p>Dans le registre du cimeti\u00e8re de Behecht-e Zahra, o\u00f9 des centaines de pages sont consacr\u00e9es aux ex\u00e9cut\u00e9es, il est \u00e9crit : H\u00e9l\u00e8ne Arfa&#8217;i, Section 92, niveau 62, num\u00e9ro 19<\/p>\n<p>H\u00e9l\u00e8ne Arfa&#8217;i a v\u00e9cu une vie courte mais prolifique, comme une com\u00e8te \u00e9tincelante qui traverse les t\u00e9n\u00e8bres de l\u2019obscurantisme. Elle a donn\u00e9 l&#8217;exemple \u00e0 une g\u00e9n\u00e9ration de jeunes Iraniennes en qu\u00eate de libert\u00e9 et d&#8217;un avenir meilleur pour leur pays.<\/p>\n","protected":false},"excerpt":{"rendered":"<p>H\u00e9l\u00e8ne Arfa&#8217;i est n\u00e9e le 23 septembre 1958 dans une famille \u00e0 faible revenu de T\u00e9h\u00e9ran. En 1975, elle a entr\u00e9e dans l\u2019enseignement sup\u00e9rieur et a suivi une formation sur la sant\u00e9 et le bien-\u00eatre des enfants. Au bout de deux ans, elle a commenc\u00e9 \u00e0 travailler avec les enfants dans les 2e et 5e [&hellip;]<\/p>\n","protected":false},"author":1,"featured_media":6481,"comment_status":"open","ping_status":"open","sticky":false,"template":"","format":"standard","meta":{"jnews-multi-image_gallery":[],"jnews_single_post":[],"jnews_primary_category":[],"jnews_social_meta":[],"jnews_override_counter":[],"footnotes":""},"categories":[25],"tags":[],"class_list":["post-3612","post","type-post","status-publish","format-standard","has-post-thumbnail","hentry","category-tombees-pour-la-liberte"],"_links":{"self":[{"href":"https:\/\/wncri.org\/fr\/wp-json\/wp\/v2\/posts\/3612","targetHints":{"allow":["GET"]}}],"collection":[{"href":"https:\/\/wncri.org\/fr\/wp-json\/wp\/v2\/posts"}],"about":[{"href":"https:\/\/wncri.org\/fr\/wp-json\/wp\/v2\/types\/post"}],"author":[{"embeddable":true,"href":"https:\/\/wncri.org\/fr\/wp-json\/wp\/v2\/users\/1"}],"replies":[{"embeddable":true,"href":"https:\/\/wncri.org\/fr\/wp-json\/wp\/v2\/comments?post=3612"}],"version-history":[{"count":0,"href":"https:\/\/wncri.org\/fr\/wp-json\/wp\/v2\/posts\/3612\/revisions"}],"wp:featuredmedia":[{"embeddable":true,"href":"https:\/\/wncri.org\/fr\/wp-json\/wp\/v2\/media\/6481"}],"wp:attachment":[{"href":"https:\/\/wncri.org\/fr\/wp-json\/wp\/v2\/media?parent=3612"}],"wp:term":[{"taxonomy":"category","embeddable":true,"href":"https:\/\/wncri.org\/fr\/wp-json\/wp\/v2\/categories?post=3612"},{"taxonomy":"post_tag","embeddable":true,"href":"https:\/\/wncri.org\/fr\/wp-json\/wp\/v2\/tags?post=3612"}],"curies":[{"name":"wp","href":"https:\/\/api.w.org\/{rel}","templated":true}]}}