{"id":3593,"date":"2019-02-25T22:25:25","date_gmt":"2019-02-25T22:25:25","guid":{"rendered":"https:\/\/wncri.org\/frdev\/2019\/02\/25\/saba-kord-afshari-et-yasamine-ariani-denonce-une-amnistie-d-operette\/"},"modified":"2019-02-25T22:25:25","modified_gmt":"2019-02-25T22:25:25","slug":"saba-kord-afshari-et-yasamine-ariani-denonce-une-amnistie-d-operette","status":"publish","type":"post","link":"https:\/\/wncri.org\/fr\/2019\/02\/25\/saba-kord-afshari-et-yasamine-ariani-denonce-une-amnistie-d-operette\/","title":{"rendered":"Saba Kord Afshari et Yasamine Ariani d\u00e9nonce une amnistie d\u2019op\u00e9rette"},"content":{"rendered":"<p>CNRI Femmes &#8211; Apr\u00e8s leur lib\u00e9ration de la prison d&#8217;Evine en Iran, deux prisonni\u00e8res politiques, Saba Kord Afshari et Yasamine Ariani, ont d\u00e9clar\u00e9 que l&#8217;amnistie accord\u00e9e pour leur lib\u00e9ration n&#8217;\u00e9tait qu&#8217;un spectacle d\u2019op\u00e9rette des autorit\u00e9s gouvernementales.<\/p>\n<p>Saba Kord Afshari et Yasamine Ariani avaient \u00e9t\u00e9 arr\u00eat\u00e9es \u00e0 T\u00e9h\u00e9ran pendant les manifestations en ao\u00fbt 2018 et emmen\u00e9es \u00e0 la prison de Qarchak. Elles avaient ensuite \u00e9t\u00e9 transf\u00e9r\u00e9es \u00e0 la prison d&#8217;Evine de la capitale. Dans une interview accord\u00e9e apr\u00e8s leur lib\u00e9ration, elles ont d\u00e9nonc\u00e9 les conditions de d\u00e9tention et les crimes commis contre les femmes emprisonn\u00e9es.<\/p>\n<p>  <!--more-->  <\/p>\n<p>Saba Kord Afshari a d\u00e9clar\u00e9 : \u00ab\u00a0Quand j&#8217;ai vu de pr\u00e8s la situation dans les prisons, en particulier \u00e0 Qarchak, je suis arriv\u00e9e \u00e0 la conclusion qu&#8217;en Iran, nous n&#8217;avons de droits humains que le nom. En fait, en Iran, il n&#8217;y a aucun droit pour les humains, encore moins de respect des droits humains dans les prisons.\u00a0\u00bb<\/p>\n<p>Au sujet de l&#8217;octroi d&#8217;une amnistie d\u2019op\u00e9rette, Yasamine Ariani a d\u00e9clar\u00e9 : \u00ab\u00a0Pour moi, cette amnistie \u00e9tait un spectacle. Parce qu&#8217;ils veulent montrer une bonne image d&#8217;eux-m\u00eames \u00e0 la communaut\u00e9 internationale. Ils veulent dire que nous accordons une amnistie aux prisonniers politiques et \u00e0 ceux qui parlent contre nous. Il ne nous restait que 2 mois avant la fin de notre peine. Alors que Maryam Akbari Monfared est en prison depuis 2009, elle a \u00e9t\u00e9 condamn\u00e9e \u00e0 15 ans de prison et doit toujours rester en prison ou, par exemple, Fatemeh Mosana devrait \u00eatre lib\u00e9r\u00e9e conform\u00e9ment \u00e0 leur propre loi, mais ils veulent la garder en prison jusqu&#8217;en 2030.\u00a0\u00bb<\/p>\n<p>Saba Kord Afshari a ajout\u00e9 : \u00ab\u00a0Malheureusement, je dois dire que pendant la courte p\u00e9riode de mon arrestation et de mon emprisonnement, il s&#8217;est pass\u00e9 des choses qui m&#8217;ont amen\u00e9e \u00e0 devenir pessimiste quant au comportement des autorit\u00e9s. Ils m&#8217;ont graci\u00e9e, moi et deux autres amies dans le quartier des femmes d&#8217;Evine, qui avaient \u00e9t\u00e9 condamn\u00e9es \u00e0 moins d&#8217;un an de prison. Cependant, cette amnistie ne nous r\u00e9jouit pas. Pendant que j&#8217;\u00e9tais en prison, ils ont port\u00e9 de nouvelles accusations contre les prisonni\u00e8res politiques Atena Daemi et Golrokh Iraee. Nous esp\u00e9rons que les nouvelles accusations seront supprim\u00e9es, sinon, cela ajoutera quelques ann\u00e9es de prison de plus \u00e0 leur peine, ce qui est vraiment douloureux.\u00a0\u00bb<\/p>\n","protected":false},"excerpt":{"rendered":"<p>CNRI Femmes &#8211; Apr\u00e8s leur lib\u00e9ration de la prison d&#8217;Evine en Iran, deux prisonni\u00e8res politiques, Saba Kord Afshari et Yasamine Ariani, ont d\u00e9clar\u00e9 que l&#8217;amnistie accord\u00e9e pour leur lib\u00e9ration n&#8217;\u00e9tait qu&#8217;un spectacle d\u2019op\u00e9rette des autorit\u00e9s gouvernementales. Saba Kord Afshari et Yasamine Ariani avaient \u00e9t\u00e9 arr\u00eat\u00e9es \u00e0 T\u00e9h\u00e9ran pendant les manifestations en ao\u00fbt 2018 et emmen\u00e9es [&hellip;]<\/p>\n","protected":false},"author":1,"featured_media":6458,"comment_status":"open","ping_status":"open","sticky":false,"template":"","format":"standard","meta":{"jnews-multi-image_gallery":[],"jnews_single_post":[],"jnews_primary_category":[],"jnews_social_meta":[],"jnews_override_counter":[],"footnotes":""},"categories":[3],"tags":[],"class_list":["post-3593","post","type-post","status-publish","format-standard","has-post-thumbnail","hentry","category-infos-des-femmes"],"_links":{"self":[{"href":"https:\/\/wncri.org\/fr\/wp-json\/wp\/v2\/posts\/3593","targetHints":{"allow":["GET"]}}],"collection":[{"href":"https:\/\/wncri.org\/fr\/wp-json\/wp\/v2\/posts"}],"about":[{"href":"https:\/\/wncri.org\/fr\/wp-json\/wp\/v2\/types\/post"}],"author":[{"embeddable":true,"href":"https:\/\/wncri.org\/fr\/wp-json\/wp\/v2\/users\/1"}],"replies":[{"embeddable":true,"href":"https:\/\/wncri.org\/fr\/wp-json\/wp\/v2\/comments?post=3593"}],"version-history":[{"count":0,"href":"https:\/\/wncri.org\/fr\/wp-json\/wp\/v2\/posts\/3593\/revisions"}],"wp:featuredmedia":[{"embeddable":true,"href":"https:\/\/wncri.org\/fr\/wp-json\/wp\/v2\/media\/6458"}],"wp:attachment":[{"href":"https:\/\/wncri.org\/fr\/wp-json\/wp\/v2\/media?parent=3593"}],"wp:term":[{"taxonomy":"category","embeddable":true,"href":"https:\/\/wncri.org\/fr\/wp-json\/wp\/v2\/categories?post=3593"},{"taxonomy":"post_tag","embeddable":true,"href":"https:\/\/wncri.org\/fr\/wp-json\/wp\/v2\/tags?post=3593"}],"curies":[{"name":"wp","href":"https:\/\/api.w.org\/{rel}","templated":true}]}}