{"id":3588,"date":"2019-02-20T23:17:15","date_gmt":"2019-02-20T23:17:15","guid":{"rendered":"https:\/\/wncri.org\/frdev\/2019\/02\/20\/la-loi-de-protection-des-femmes-contre-la-violence-n-a-pas-ete-adoptee-en-iran\/"},"modified":"2019-02-20T23:17:15","modified_gmt":"2019-02-20T23:17:15","slug":"la-loi-de-protection-des-femmes-contre-la-violence-n-a-pas-ete-adoptee-en-iran","status":"publish","type":"post","link":"https:\/\/wncri.org\/fr\/2019\/02\/20\/la-loi-de-protection-des-femmes-contre-la-violence-n-a-pas-ete-adoptee-en-iran\/","title":{"rendered":"La loi de protection des femmes contre la violence n&#8217;a pas \u00e9t\u00e9 adopt\u00e9e en Iran"},"content":{"rendered":"<p>CNRI Femmes &#8211; Le projet de loi sur la protection des femmes contre la violence en Iran doit \u00eatre fondamentalement r\u00e9vis\u00e9, faute de quoi il ne pourra \u00eatre r\u00e9form\u00e9. Telles sont les remarques de Gholam-Hossein Mohseni Eje&#8217;i, premier vice-ministre et porte-parole du pouvoir judiciaire des mollahs.<\/p>\n<p>En r\u00e9ponse \u00e0 une question sur les divergences d&#8217;opinion \u00e0 ce propos, Eje&#8217;i a d\u00e9clar\u00e9 : \u00ab\u00a0Le projet de loi sur la s\u00e9curit\u00e9 publique contenait tellement de probl\u00e8mes qu&#8217;il ne pouvait \u00eatre r\u00e9form\u00e9. La solution est de r\u00e9diger un projet de loi totalement diff\u00e9rent ou de r\u00e9former le projet de loi existant uniquement en collaboration avec le gouvernement.\u00a0\u00bb (Agence IRNA,17 f\u00e9vrier 2019)<\/p>\n<p>  <!--more-->  <\/p>\n<p>Expliquant les raisons de l&#8217;opposition au projet de loi sur la protection des femmes contre la violence, Eje&#8217;i a ajout\u00e9 : \u00ab\u00a0Un des probl\u00e8mes est que notre politique g\u00e9n\u00e9rale est le de sortir de l\u2019emprisonnement. Dans le projet de loi, cependant, l&#8217;emprisonnement \u00e9tait pr\u00e9vu comme une sanction pour chaque violation mineure dans ce domaine. Et ce faisant, il met en p\u00e9ril les fondements de la famille.\u00a0\u00bb<\/p>\n<p>Auparavant, Eje&#8217;i avait d\u00e9j\u00e0 comment\u00e9 : \u00ab\u00a0L&#8217;objectif de l&#8217;adoption de ce projet de loi est de renforcer l&#8217;environnement familial afin que les femmes, les conjoints et les autres se sentent en s\u00e9curit\u00e9 \u00e0 tous \u00e9gards. Maintenant, la question est de savoir si les articles contenus dans le projet de loi offrent ou non cette s\u00e9curit\u00e9.\u00a0\u00bb<\/p>\n<p>Il a \u00e9galement exprim\u00e9 des doutes sur la question de savoir si les longues peines de prison et les lourdes peines pr\u00e9vues dans le projet de loi sur la protection des femmes pour certaines violences dont elles sont victimes, renforceraient les fondements de la famille ou les affaibliraient.<\/p>\n<p>L&#8217;adjoint culturel du pouvoir judiciaire, Hadi Sadeqi, avait \u00e9galement affirm\u00e9 : \u00ab\u00a0Le projet de loi contre la violence est apparemment r\u00e9dig\u00e9 pour soutenir les femmes, mais il porte essentiellement le plus grand tort aux femmes et aux familles. Quand une femme envoie son mari en prison, cet homme ne pourra plus jamais \u00eatre son mari, et elle doit accepter \u00e0 l\u2019avance le risque de divorcer.\u00a0\u00bb<\/p>\n<p>Les remarques des autorit\u00e9s judiciaires iraniennes indiquent qu&#8217;elles ne prennent pas au s\u00e9rieux le fait que la violence conjugale et la violence contre les femmes ont un impact destructeur sur les fondements des familles, ce qui entra\u00eene \u00e0 son tour des maux sociaux dramatiques.<\/p>\n<p>Un regard sur les cas de femmes incarc\u00e9r\u00e9es dans les couloirs de la mort, sur le nombre de suicides de femmes, de fugues de filles et de divorces en Iran qui mettent d\u00e9j\u00e0 en p\u00e9ril les fondements de la famille montrent que dans la majorit\u00e9 des cas, ces femmes ont \u00e9t\u00e9 victimes de violences.<\/p>\n<p>Paradoxalement, le pouvoir judiciaire du r\u00e9gime iranien, qui a l&#8217;habitude d&#8217;arr\u00eater et d\u2019emprisonner sur n\u2019importe quelle accusation mineure, est confront\u00e9 au probl\u00e8me de la surpopulation carc\u00e9rale, et se pr\u00e9occupe d\u00e9sormais de \u00ab\u00a0sortir de l\u2019emprisonnement\u00a0\u00bb pour justifier le blocage pendant treize ans de la loi sur la protection des femmes contre les violences.<\/p>\n","protected":false},"excerpt":{"rendered":"<p>CNRI Femmes &#8211; Le projet de loi sur la protection des femmes contre la violence en Iran doit \u00eatre fondamentalement r\u00e9vis\u00e9, faute de quoi il ne pourra \u00eatre r\u00e9form\u00e9. Telles sont les remarques de Gholam-Hossein Mohseni Eje&#8217;i, premier vice-ministre et porte-parole du pouvoir judiciaire des mollahs. En r\u00e9ponse \u00e0 une question sur les divergences d&#8217;opinion [&hellip;]<\/p>\n","protected":false},"author":1,"featured_media":6452,"comment_status":"open","ping_status":"open","sticky":false,"template":"","format":"standard","meta":{"jnews-multi-image_gallery":[],"jnews_single_post":[],"jnews_primary_category":[],"jnews_social_meta":[],"jnews_override_counter":[],"footnotes":""},"categories":[3],"tags":[],"class_list":["post-3588","post","type-post","status-publish","format-standard","has-post-thumbnail","hentry","category-infos-des-femmes"],"_links":{"self":[{"href":"https:\/\/wncri.org\/fr\/wp-json\/wp\/v2\/posts\/3588","targetHints":{"allow":["GET"]}}],"collection":[{"href":"https:\/\/wncri.org\/fr\/wp-json\/wp\/v2\/posts"}],"about":[{"href":"https:\/\/wncri.org\/fr\/wp-json\/wp\/v2\/types\/post"}],"author":[{"embeddable":true,"href":"https:\/\/wncri.org\/fr\/wp-json\/wp\/v2\/users\/1"}],"replies":[{"embeddable":true,"href":"https:\/\/wncri.org\/fr\/wp-json\/wp\/v2\/comments?post=3588"}],"version-history":[{"count":0,"href":"https:\/\/wncri.org\/fr\/wp-json\/wp\/v2\/posts\/3588\/revisions"}],"wp:featuredmedia":[{"embeddable":true,"href":"https:\/\/wncri.org\/fr\/wp-json\/wp\/v2\/media\/6452"}],"wp:attachment":[{"href":"https:\/\/wncri.org\/fr\/wp-json\/wp\/v2\/media?parent=3588"}],"wp:term":[{"taxonomy":"category","embeddable":true,"href":"https:\/\/wncri.org\/fr\/wp-json\/wp\/v2\/categories?post=3588"},{"taxonomy":"post_tag","embeddable":true,"href":"https:\/\/wncri.org\/fr\/wp-json\/wp\/v2\/tags?post=3588"}],"curies":[{"name":"wp","href":"https:\/\/api.w.org\/{rel}","templated":true}]}}