{"id":3561,"date":"2019-01-30T23:44:28","date_gmt":"2019-01-30T23:44:28","guid":{"rendered":"https:\/\/wncri.org\/frdev\/2019\/01\/30\/arrestation-de-parvine-mohammadi-de-la-direction-du-syndicat-libre-des-travailleurs-d-iran\/"},"modified":"2019-01-30T23:44:28","modified_gmt":"2019-01-30T23:44:28","slug":"arrestation-de-parvine-mohammadi-de-la-direction-du-syndicat-libre-des-travailleurs-d-iran","status":"publish","type":"post","link":"https:\/\/wncri.org\/fr\/2019\/01\/30\/arrestation-de-parvine-mohammadi-de-la-direction-du-syndicat-libre-des-travailleurs-d-iran\/","title":{"rendered":"Arrestation de Parvine Mohammadi, de la direction du Syndicat libre des travailleurs d&#8217;Iran"},"content":{"rendered":"<p>CNRI Femmes &#8211; Parvine Mohammadi, vice-pr\u00e9sidente du Syndicat libre des travailleurs d&#8217;Iran, a \u00e9t\u00e9 arr\u00eat\u00e9e le \u00a0\u00a029 janvier 2019.<\/p>\n<p>Parvian Mohammadi a \u00e9t\u00e9 arr\u00eat\u00e9 quelques heures apr\u00e8s l&#8217;arrestation et la d\u00e9tention de Jafar Azimzadeh, secr\u00e9taire du conseil d&#8217;administration de l&#8217;Union libre des travailleurs d&#8217;Iran. Parvin Mohammadi a \u00e9t\u00e9 arr\u00eat\u00e9e par la police dans le quartier de Fardis, dans la ville de Karadj, et tous ses effets personnels, y compris son ordinateur et son t\u00e9l\u00e9phone portables ont \u00e9t\u00e9 confisqu\u00e9s.<\/p>\n<p>  <!--more-->  <\/p>\n<p>En annon\u00e7ant la nouvelle, le Syndicat libre des travailleurs d&#8217;Iran a condamn\u00e9 l&#8217;arrestation de deux membres de sa direction et exig\u00e9 leur lib\u00e9ration imm\u00e9diate et sans condition.<\/p>\n<p><img decoding=\"async\" class=\" alignright size-full wp-image-6413 lazyload\" style=\"float: right; margin: 10px;\" title=\"Parvine Mohammadi\" src=\"data:image\/gif;base64,R0lGODlhAQABAIAAAAAAAP\/\/\/yH5BAEAAAAALAAAAAABAAEAAAIBRAA7\" data-src=\"https:\/\/wncri.org\/fr\/\/wp-content\/uploads\/2019\/01\/images_iran_news_janu2019_parvin_Mohamadi2.jpg\" width=\"460\" height=\"300\" \/><noscript><img decoding=\"async\" class=\" alignright size-full wp-image-6413 lazyload\" style=\"float: right; margin: 10px;\" title=\"Parvine Mohammadi\" src=\"https:\/\/wncri.org\/fr\/\/wp-content\/uploads\/2019\/01\/images_iran_news_janu2019_parvin_Mohamadi2.jpg\" width=\"460\" height=\"300\" srcset=\"https:\/\/wncri.org\/fr\/wp-content\/uploads\/2019\/01\/images_iran_news_janu2019_parvin_Mohamadi2.jpg 460w, https:\/\/wncri.org\/fr\/wp-content\/uploads\/2019\/01\/images_iran_news_janu2019_parvin_Mohamadi2-300x196.jpg 300w\" sizes=\"(max-width: 460px) 100vw, 460px\" \/><\/noscript>Mme Parvine Mohammadi, ancienne repr\u00e9sentante des travailleurs des industries m\u00e9tallurgiques d\u2019Iran et membre de la direction du Syndicat libre des travailleurs iraniens, avait publi\u00e9 une lettre ouverte le 20 d\u00e9cembre 2018, dans laquelle elle d\u00e9non\u00e7ait le r\u00e9gime cl\u00e9rical pour avoir ordonn\u00e9 des raids nocturnes aux domiciles des sid\u00e9rurgistes d&#8217;Ahvaz pour les arr\u00eater. Dans certaines parties de cette lettre, Parvine Mohammadi interpellaient les dirigeants int\u00e9gristes du pays :<\/p>\n<p>\u00ab\u00a0Messieurs, vous avez arr\u00eat\u00e9 et emprisonn\u00e9 (des ouvriers). Mais d\u00e9sormais que ferez-vous de la rage et de la fureur de milliers de sid\u00e9rurgistes et de leurs familles, de millions de travailleurs et de salari\u00e9s \u00e9puis\u00e9s dans tout le pays, dont la vie est devenue un enfer entre vos mains ?<\/p>\n<p>\u00ab\u00a0Messieurs, si les arrestations et les emprisonnements de dizaines d&#8217;ouvriers sid\u00e9rurgistes les ont oblig\u00e9s \u00e0 arr\u00eater leurs manifestations pendant plusieurs jours, soyez s\u00fbrs que ce n&#8217;est pas la fin.<\/p>\n<p>\u00ab\u00a0Parce que ce ne sont que des moments et des jours o\u00f9 la rage et la fureur des sid\u00e9rurgistes et de tous les travailleurs d&#8217;Iran s&#8217;accumulent pour bient\u00f4t \u00e9clater comme un volcan g\u00e9ant.\u00a0\u00bb<\/p>\n<p>Jafar Azimzadeh, qui a \u00e9t\u00e9 arr\u00eat\u00e9 quelques heures seulement avant Mme Mohammadi, a \u00e9t\u00e9 condamn\u00e9 par les tribunaux de T\u00e9h\u00e9ran et de Saveh \u00e0 17 ans de prison pour \u00ab\u00a0atteinte \u00e0 la s\u00e9curit\u00e9 nationale et propagande contre l&#8217;\u00c9tat\u00a0\u00bb. Il avait d\u00e9j\u00e0 fait une gr\u00e8ve de la faim pendant 63 jours lors d\u2019une pr\u00e9c\u00e9dente arrestation.<\/p>\n","protected":false},"excerpt":{"rendered":"<p>CNRI Femmes &#8211; Parvine Mohammadi, vice-pr\u00e9sidente du Syndicat libre des travailleurs d&#8217;Iran, a \u00e9t\u00e9 arr\u00eat\u00e9e le \u00a0\u00a029 janvier 2019. Parvian Mohammadi a \u00e9t\u00e9 arr\u00eat\u00e9 quelques heures apr\u00e8s l&#8217;arrestation et la d\u00e9tention de Jafar Azimzadeh, secr\u00e9taire du conseil d&#8217;administration de l&#8217;Union libre des travailleurs d&#8217;Iran. Parvin Mohammadi a \u00e9t\u00e9 arr\u00eat\u00e9e par la police dans le quartier [&hellip;]<\/p>\n","protected":false},"author":1,"featured_media":6412,"comment_status":"open","ping_status":"open","sticky":false,"template":"","format":"standard","meta":{"jnews-multi-image_gallery":[],"jnews_single_post":[],"jnews_primary_category":[],"jnews_social_meta":[],"jnews_override_counter":[],"footnotes":""},"categories":[3],"tags":[],"class_list":["post-3561","post","type-post","status-publish","format-standard","has-post-thumbnail","hentry","category-infos-des-femmes"],"_links":{"self":[{"href":"https:\/\/wncri.org\/fr\/wp-json\/wp\/v2\/posts\/3561","targetHints":{"allow":["GET"]}}],"collection":[{"href":"https:\/\/wncri.org\/fr\/wp-json\/wp\/v2\/posts"}],"about":[{"href":"https:\/\/wncri.org\/fr\/wp-json\/wp\/v2\/types\/post"}],"author":[{"embeddable":true,"href":"https:\/\/wncri.org\/fr\/wp-json\/wp\/v2\/users\/1"}],"replies":[{"embeddable":true,"href":"https:\/\/wncri.org\/fr\/wp-json\/wp\/v2\/comments?post=3561"}],"version-history":[{"count":0,"href":"https:\/\/wncri.org\/fr\/wp-json\/wp\/v2\/posts\/3561\/revisions"}],"wp:featuredmedia":[{"embeddable":true,"href":"https:\/\/wncri.org\/fr\/wp-json\/wp\/v2\/media\/6412"}],"wp:attachment":[{"href":"https:\/\/wncri.org\/fr\/wp-json\/wp\/v2\/media?parent=3561"}],"wp:term":[{"taxonomy":"category","embeddable":true,"href":"https:\/\/wncri.org\/fr\/wp-json\/wp\/v2\/categories?post=3561"},{"taxonomy":"post_tag","embeddable":true,"href":"https:\/\/wncri.org\/fr\/wp-json\/wp\/v2\/tags?post=3561"}],"curies":[{"name":"wp","href":"https:\/\/api.w.org\/{rel}","templated":true}]}}