{"id":3482,"date":"2018-12-02T22:25:13","date_gmt":"2018-12-02T22:25:13","guid":{"rendered":"https:\/\/wncri.org\/frdev\/2018\/12\/02\/les-experts-des-droits-humains-de-l-onu-exhortent-l-iran-a-proteger-les-defenseurs-des-droits-des-femmes\/"},"modified":"2018-12-02T22:25:13","modified_gmt":"2018-12-02T22:25:13","slug":"les-experts-des-droits-humains-de-l-onu-exhortent-l-iran-a-proteger-les-defenseurs-des-droits-des-femmes","status":"publish","type":"post","link":"https:\/\/wncri.org\/fr\/2018\/12\/02\/les-experts-des-droits-humains-de-l-onu-exhortent-l-iran-a-proteger-les-defenseurs-des-droits-des-femmes\/","title":{"rendered":"Les experts des droits humains de l&#8217;ONU exhortent l&#8217;Iran \u00e0 prot\u00e9ger les d\u00e9fenseurs des droits des femmes"},"content":{"rendered":"<p>CNRI Femmes &#8211; Le 29 novembre 2018, un groupe d&#8217;experts des droits humains des Nations Unies a publi\u00e9 une d\u00e9claration exhortant l&#8217;Iran \u00e0 garantir les droits des d\u00e9fenseurs des droits humains des femmes et des avocats emprisonn\u00e9s pour avoir soutenu des manifestations contre le hijab obligatoire.<\/p>\n<p>  <!--more-->  <\/p>\n<p>Les experts de l&#8217;ONU comprennent Michel Forst, Rapporteur sp\u00e9cial sur la situation des d\u00e9fenseurs des droits de l&#8217;homme ; Diego Garc\u00eda-Say\u00e1n, Rapporteur sp\u00e9cial sur l&#8217;ind\u00e9pendance des juges et des avocats ; Seong-Phil Hong, Pr\u00e9sident-Rapporteur du Groupe de travail sur la d\u00e9tention arbitraire ; Mme Ivana Rada\u010dI\u0107, Pr\u00e9sidente du Groupe de travail sur la discrimination contre les femmes en droit et en pratique ; et Javaid Rehman, Rapporteur sp\u00e9cial sur la situation des droits humains en Iran.<\/p>\n<p>\u00a0&#8220;Nous exhortons le gouvernement \u00e0 lib\u00e9rer imm\u00e9diatement tous ceux qui ont \u00e9t\u00e9 emprisonn\u00e9s pour avoir promu et prot\u00e9g\u00e9 les droits des femmes\u00a0&#8220;, ont d\u00e9clar\u00e9 les experts de l&#8217;ONU.<\/p>\n<p>Les experts des droits humains de l&#8217;ONU se sont dits particuli\u00e8rement alarm\u00e9s par &#8221;\u00a0la sant\u00e9 critique\u00a0&#8221; de Farhad Meysami, un m\u00e9decin, d\u00e9tenu en juillet pour avoir soutenu des femmes protestant contre la loi du hijab qui les oblige \u00e0 couvrir leurs cheveux et leur corps en public. Farhad Meysami, est en gr\u00e8ve de la faim depuis le mois d&#8217;ao\u00fbt et sa sant\u00e9 est en grave danger.<\/p>\n<p>Les experts de l&#8217;ONU se sont dits profond\u00e9ment troubl\u00e9s par l&#8217;absence de garanties d&#8217;une proc\u00e9dure r\u00e9guli\u00e8re et ont d\u00e9clar\u00e9 que les autorit\u00e9s avaient l&#8217;obligation de respecter la volont\u00e9 de ceux qui utilisent les gr\u00e8ves de la faim comme une forme de protestation.<\/p>\n<p>Les experts se sont \u00e9galement d\u00e9clar\u00e9s pr\u00e9occup\u00e9s par la condamnation par contumace et l&#8217;emprisonnement de Nasrin Sotoudeh, \u00e9minente avocate sp\u00e9cialis\u00e9e dans les droits humains, qui repr\u00e9sentait plusieurs des femmes d\u00e9tenues pour avoir enlev\u00e9 leur foulard en public pour protester contre le code vestimentaire.<\/p>\n<p>Nasrin Sotoudeh a \u00e9galement entam\u00e9 une gr\u00e8ve de la faim pour attirer l&#8217;attention sur le cas de Meysami.\u00a0 Elle a \u00e9t\u00e9 reconnue coupable d&#8217;accusations li\u00e9es \u00e0 la s\u00e9curit\u00e9 qui semblent d\u00e9couler de son travail d\u2019avocate des manifestantes.<\/p>\n<p>En septembre, son mari, Reza Khandan, a \u00e9t\u00e9 arr\u00eat\u00e9 pour &#8220;propagande contre le syst\u00e8me&#8221;, entre autres chefs d&#8217;accusation, et accus\u00e9 de &#8220;promouvoir la pratique consistant \u00e0 appara\u00eetre en public sans voile&#8221;.<\/p>\n<p>Les experts de l&#8217;ONU ont appel\u00e9 l&#8217;Iran \u00e0 r\u00e9pondre d&#8217;urgence aux griefs de M. Meysami et \u00e0 garantir les droits de M. Meysami, de Mme Sotoudeh et de M. Khandan de ne pas \u00eatre priv\u00e9s arbitrairement de leur libert\u00e9. Ils ont \u00e9galement exhort\u00e9 les autorit\u00e9s \u00e0 garantir leur droit \u00e0 un proc\u00e8s \u00e9quitable devant un tribunal ind\u00e9pendant et impartial.<\/p>\n","protected":false},"excerpt":{"rendered":"<p>CNRI Femmes &#8211; Le 29 novembre 2018, un groupe d&#8217;experts des droits humains des Nations Unies a publi\u00e9 une d\u00e9claration exhortant l&#8217;Iran \u00e0 garantir les droits des d\u00e9fenseurs des droits humains des femmes et des avocats emprisonn\u00e9s pour avoir soutenu des manifestations contre le hijab obligatoire.<\/p>\n","protected":false},"author":1,"featured_media":6280,"comment_status":"open","ping_status":"open","sticky":false,"template":"","format":"standard","meta":{"jnews-multi-image_gallery":[],"jnews_single_post":[],"jnews_primary_category":[],"jnews_social_meta":[],"jnews_override_counter":[],"footnotes":""},"categories":[3],"tags":[],"class_list":["post-3482","post","type-post","status-publish","format-standard","has-post-thumbnail","hentry","category-infos-des-femmes"],"_links":{"self":[{"href":"https:\/\/wncri.org\/fr\/wp-json\/wp\/v2\/posts\/3482","targetHints":{"allow":["GET"]}}],"collection":[{"href":"https:\/\/wncri.org\/fr\/wp-json\/wp\/v2\/posts"}],"about":[{"href":"https:\/\/wncri.org\/fr\/wp-json\/wp\/v2\/types\/post"}],"author":[{"embeddable":true,"href":"https:\/\/wncri.org\/fr\/wp-json\/wp\/v2\/users\/1"}],"replies":[{"embeddable":true,"href":"https:\/\/wncri.org\/fr\/wp-json\/wp\/v2\/comments?post=3482"}],"version-history":[{"count":0,"href":"https:\/\/wncri.org\/fr\/wp-json\/wp\/v2\/posts\/3482\/revisions"}],"wp:featuredmedia":[{"embeddable":true,"href":"https:\/\/wncri.org\/fr\/wp-json\/wp\/v2\/media\/6280"}],"wp:attachment":[{"href":"https:\/\/wncri.org\/fr\/wp-json\/wp\/v2\/media?parent=3482"}],"wp:term":[{"taxonomy":"category","embeddable":true,"href":"https:\/\/wncri.org\/fr\/wp-json\/wp\/v2\/categories?post=3482"},{"taxonomy":"post_tag","embeddable":true,"href":"https:\/\/wncri.org\/fr\/wp-json\/wp\/v2\/tags?post=3482"}],"curies":[{"name":"wp","href":"https:\/\/api.w.org\/{rel}","templated":true}]}}