{"id":3480,"date":"2018-12-02T22:16:50","date_gmt":"2018-12-02T22:16:50","guid":{"rendered":"https:\/\/wncri.org\/frdev\/2018\/12\/02\/zeinab-jalalian-detenue-politique-victime-de-violences-en-iran\/"},"modified":"2018-12-02T22:16:50","modified_gmt":"2018-12-02T22:16:50","slug":"zeinab-jalalian-detenue-politique-victime-de-violences-en-iran","status":"publish","type":"post","link":"https:\/\/wncri.org\/fr\/2018\/12\/02\/zeinab-jalalian-detenue-politique-victime-de-violences-en-iran\/","title":{"rendered":"Zeinab Jalalian, d\u00e9tenue politique victime de violences en Iran"},"content":{"rendered":"<p>CNRI Femmes &#8211; Sans donner d&#8217;indication ni de raison claire, des agents p\u00e9nitentiaires ont inspect\u00e9 les effets personnels de Zeinab Jalalian, prisonni\u00e8re politique dans le quartier des femmes de la prison de Khoy, dans le nord-ouest de l&#8217;Iran.<\/p>\n<p>  <!--more-->  <\/p>\n<p>Le 28 novembre 2018, plusieurs agents de la prison de Khoy se sont rendus dans les quartiers des femmes et, sans aucune explication, ont inspect\u00e9 le lit de la prisonni\u00e8re politique Zeinab Jalalian. Ils ont ensuite saisi tous ses effets personnels, y compris des couvertures, des v\u00eatements, des livres et des manuscrits.<\/p>\n<p>Zeinab Jalalian, prisonni\u00e8re politique, est condamn\u00e9e \u00e0 perp\u00e9tuit\u00e9 \u00e0 la prison de Khoy.<\/p>\n<p>Apr\u00e8s l&#8217;inspection ill\u00e9gale, les agents lui ont donn\u00e9 une couverture et lui ont dit que, jusqu&#8217;\u00e0 nouvel ordre, elle ne pouvait rien avoir d&#8217;autre avec elle que les v\u00eatements qu&#8217;elle porte actuellement.<\/p>\n<p>Zeinab et d&#8217;autres d\u00e9tenues se sont oppos\u00e9es \u00e0 cette action ill\u00e9gitime et ont demand\u00e9 des explications aux agents. Les agents ont r\u00e9pondu qu&#8217;ils ex\u00e9cutaient les ordres des autorit\u00e9s sup\u00e9rieures et n&#8217;ont donn\u00e9 aucune r\u00e9ponse satisfaisante.<\/p>\n<p>Selon certaines informations, la famille de Zeinab Jalalian s&#8217;est rendue \u00e0 la prison de Khoy le 26 novembre 2018 pour une visite familiale. La famille a \u00e9t\u00e9 interrog\u00e9e avant la visite qui a \u00e9t\u00e9 repouss\u00e9e de plusieurs heures.<\/p>\n<p>Le 15\u00a0juin\u00a02018, dans un appel \u00e0 l&#8217;action urgent, Amnesty International a d\u00e9clar\u00e9 que Zeinab Jalalian \u00e9tait soumise \u00e0 la torture en bloquant son acc\u00e8s aux soins m\u00e9dicaux.<\/p>\n<p>Zeinab Jalalian a \u00e9galement des probl\u00e8mes cardiaques, intestinaux et r\u00e9naux, ainsi qu&#8217;une candidose buccale qui a caus\u00e9 des bosses blanches douloureuses sur sa langue et interf\u00e8re avec sa capacit\u00e9 \u00e0 manger et \u00e0 avaler. Elle risque de perdre la vue en prison parce qu&#8217;on lui refuse une intervention chirurgicale pour une affection oculaire qui s&#8217;aggrave et qui s&#8217;appelle pt\u00e9rygion, ce qui nuit \u00e0 sa vision et lui cause de graves douleurs. Le c\u00f4t\u00e9 droit de son corps est engourdi, la raison reste inconnue, car elle n&#8217;a subi aucun test diagnostique.<\/p>\n","protected":false},"excerpt":{"rendered":"<p>CNRI Femmes &#8211; Sans donner d&#8217;indication ni de raison claire, des agents p\u00e9nitentiaires ont inspect\u00e9 les effets personnels de Zeinab Jalalian, prisonni\u00e8re politique dans le quartier des femmes de la prison de Khoy, dans le nord-ouest de l&#8217;Iran.<\/p>\n","protected":false},"author":1,"featured_media":6276,"comment_status":"open","ping_status":"open","sticky":false,"template":"","format":"standard","meta":{"jnews-multi-image_gallery":[],"jnews_single_post":[],"jnews_primary_category":[],"jnews_social_meta":[],"jnews_override_counter":[],"footnotes":""},"categories":[3],"tags":[],"class_list":["post-3480","post","type-post","status-publish","format-standard","has-post-thumbnail","hentry","category-infos-des-femmes"],"_links":{"self":[{"href":"https:\/\/wncri.org\/fr\/wp-json\/wp\/v2\/posts\/3480","targetHints":{"allow":["GET"]}}],"collection":[{"href":"https:\/\/wncri.org\/fr\/wp-json\/wp\/v2\/posts"}],"about":[{"href":"https:\/\/wncri.org\/fr\/wp-json\/wp\/v2\/types\/post"}],"author":[{"embeddable":true,"href":"https:\/\/wncri.org\/fr\/wp-json\/wp\/v2\/users\/1"}],"replies":[{"embeddable":true,"href":"https:\/\/wncri.org\/fr\/wp-json\/wp\/v2\/comments?post=3480"}],"version-history":[{"count":0,"href":"https:\/\/wncri.org\/fr\/wp-json\/wp\/v2\/posts\/3480\/revisions"}],"wp:featuredmedia":[{"embeddable":true,"href":"https:\/\/wncri.org\/fr\/wp-json\/wp\/v2\/media\/6276"}],"wp:attachment":[{"href":"https:\/\/wncri.org\/fr\/wp-json\/wp\/v2\/media?parent=3480"}],"wp:term":[{"taxonomy":"category","embeddable":true,"href":"https:\/\/wncri.org\/fr\/wp-json\/wp\/v2\/categories?post=3480"},{"taxonomy":"post_tag","embeddable":true,"href":"https:\/\/wncri.org\/fr\/wp-json\/wp\/v2\/tags?post=3480"}],"curies":[{"name":"wp","href":"https:\/\/api.w.org\/{rel}","templated":true}]}}