{"id":3478,"date":"2018-11-29T23:56:14","date_gmt":"2018-11-29T23:56:14","guid":{"rendered":"https:\/\/wncri.org\/frdev\/2018\/11\/29\/nasrin-sotoudeh-entame-une-greve-de-la-faim-en-prison-en-iran\/"},"modified":"2018-11-29T23:56:14","modified_gmt":"2018-11-29T23:56:14","slug":"nasrin-sotoudeh-entame-une-greve-de-la-faim-en-prison-en-iran","status":"publish","type":"post","link":"https:\/\/wncri.org\/fr\/2018\/11\/29\/nasrin-sotoudeh-entame-une-greve-de-la-faim-en-prison-en-iran\/","title":{"rendered":"Nasrin Sotoudeh entame une gr\u00e8ve de la faim en prison en Iran"},"content":{"rendered":"<p>CNRI Femmes &#8211; L&#8217;avocate et militante des droits humains Nasrin Sotoudeh a entam\u00e9 une gr\u00e8ve de la faim \u00e0 la prison d&#8217;Evine en Iran le 26 novembre 2018, pour soutenir Farhad Meysami.<\/p>\n<p>  <!--more-->  <\/p>\n<p>Dans un message de la prison d&#8217;Evine \u00e0 T\u00e9h\u00e9ran, Mme Sotoudeh a annonc\u00e9 sa gr\u00e8ve de la faim et a d\u00e9clar\u00e9 : &#8220;J&#8217;avais bris\u00e9 ma gr\u00e8ve pour la vie de Farhad, esp\u00e9rant que Farhad briserait aussi sa gr\u00e8ve de la faim pour que sa sant\u00e9 ne soit plus affect\u00e9e. Mais en poursuivant sa gr\u00e8ve de la faim, Farhad continue de d\u00e9fendre ses revendications l\u00e9gitimes, et je vais faire une gr\u00e8ve de la faim humide pour le soutenir \u00e0 partir d&#8217;aujourd&#8217;hui, 26 novembre.&#8221;<\/p>\n<p>Nasrin Sotoudeh, avocate sp\u00e9cialis\u00e9e dans la d\u00e9fense des droits humains, avait entam\u00e9 une gr\u00e8ve de la faim \u00e0 la prison d&#8217;Evine le 25 ao\u00fbt 2018, pour protester contre l&#8217;incapacit\u00e9 des autorit\u00e9s \u00e0 r\u00e9pondre \u00e0 ses demandes. Au total, c&#8217;est la cinqui\u00e8me fois que cette avocate entame une gr\u00e8ve de la faim pendant sa d\u00e9tention.<\/p>\n<p>En ao\u00fbt et au d\u00e9but de sa gr\u00e8ve \u00e0 la prison d&#8217;Evine, Mme Sotoudeh a \u00e9crit : &#8220;Comme mes correspondances avec les autorit\u00e9s se sont r\u00e9v\u00e9l\u00e9es infructueuses, j&#8217;ai \u00e9t\u00e9 contrainte de faire une gr\u00e8ve de la faim \u00e0 partir du 25 ao\u00fbt 2018, pour protester contre ma propre arrestation et les nombreuses pressions judiciaires dont ma famille, mes parents et amis sont l&#8217;objet&#8221;.<\/p>\n<p>Farhad Meysemi est un militant civil emprisonn\u00e9 \u00e0 la prison d&#8217;Evine, qui fait la gr\u00e8ve de la faim depuis le 1er ao\u00fbt 2018, pour protester contre sa d\u00e9tention ill\u00e9gale. Apr\u00e8s l&#8217;arrestation du mari de Nasrin Sotoudeh, Reza Khandan, et les pressions exerc\u00e9es sur leur famille, il a transform\u00e9 sa gr\u00e8ve en gr\u00e8ve s\u00e8che le 8 septembre 2018, et dans un message de la prison a exig\u00e9 la lib\u00e9ration sans condition de Nasrin Sotoudeh et Reza Khandan.<\/p>\n<p>Le 25 septembre 2018, apr\u00e8s la d\u00e9t\u00e9rioration de la sant\u00e9 de Farhad Meysami, les autorit\u00e9s d&#8217;Evine l&#8217;ont transf\u00e9r\u00e9 contre son gr\u00e9 dans une pi\u00e8ce pr\u00e8s du centre de sant\u00e9 de la prison, o\u00f9 il est sous surveillance et sous perfusion.<\/p>\n","protected":false},"excerpt":{"rendered":"<p>CNRI Femmes &#8211; L&#8217;avocate et militante des droits humains Nasrin Sotoudeh a entam\u00e9 une gr\u00e8ve de la faim \u00e0 la prison d&#8217;Evine en Iran le 26 novembre 2018, pour soutenir Farhad Meysami.<\/p>\n","protected":false},"author":1,"featured_media":6274,"comment_status":"open","ping_status":"open","sticky":false,"template":"","format":"standard","meta":{"jnews-multi-image_gallery":[],"jnews_single_post":[],"jnews_primary_category":[],"jnews_social_meta":[],"jnews_override_counter":[],"footnotes":""},"categories":[3],"tags":[],"class_list":["post-3478","post","type-post","status-publish","format-standard","has-post-thumbnail","hentry","category-infos-des-femmes"],"_links":{"self":[{"href":"https:\/\/wncri.org\/fr\/wp-json\/wp\/v2\/posts\/3478","targetHints":{"allow":["GET"]}}],"collection":[{"href":"https:\/\/wncri.org\/fr\/wp-json\/wp\/v2\/posts"}],"about":[{"href":"https:\/\/wncri.org\/fr\/wp-json\/wp\/v2\/types\/post"}],"author":[{"embeddable":true,"href":"https:\/\/wncri.org\/fr\/wp-json\/wp\/v2\/users\/1"}],"replies":[{"embeddable":true,"href":"https:\/\/wncri.org\/fr\/wp-json\/wp\/v2\/comments?post=3478"}],"version-history":[{"count":0,"href":"https:\/\/wncri.org\/fr\/wp-json\/wp\/v2\/posts\/3478\/revisions"}],"wp:featuredmedia":[{"embeddable":true,"href":"https:\/\/wncri.org\/fr\/wp-json\/wp\/v2\/media\/6274"}],"wp:attachment":[{"href":"https:\/\/wncri.org\/fr\/wp-json\/wp\/v2\/media?parent=3478"}],"wp:term":[{"taxonomy":"category","embeddable":true,"href":"https:\/\/wncri.org\/fr\/wp-json\/wp\/v2\/categories?post=3478"},{"taxonomy":"post_tag","embeddable":true,"href":"https:\/\/wncri.org\/fr\/wp-json\/wp\/v2\/tags?post=3478"}],"curies":[{"name":"wp","href":"https:\/\/api.w.org\/{rel}","templated":true}]}}