{"id":3458,"date":"2018-11-13T09:23:32","date_gmt":"2018-11-13T09:23:32","guid":{"rendered":"https:\/\/wncri.org\/frdev\/2018\/11\/13\/l-appel-de-deux-jeunes-femmes-contre-les-violences-d-une-patrouille-rejete-en-iran\/"},"modified":"2018-11-13T09:23:32","modified_gmt":"2018-11-13T09:23:32","slug":"l-appel-de-deux-jeunes-femmes-contre-les-violences-d-une-patrouille-rejete-en-iran","status":"publish","type":"post","link":"https:\/\/wncri.org\/fr\/2018\/11\/13\/l-appel-de-deux-jeunes-femmes-contre-les-violences-d-une-patrouille-rejete-en-iran\/","title":{"rendered":"L&#8217;appel de deux jeunes femmes contre les violences d\u2019une patrouille rejet\u00e9 en Iran"},"content":{"rendered":"<p>CNRI Femmes &#8211; Deux jeunes femmes ont port\u00e9 plainte en Iran contre les forces de s\u00e9curit\u00e9 qui les avaient maltrait\u00e9es et une patrouille f\u00e9minine qui les avait battues. Toutefois, la plainte a \u00e9t\u00e9 rejet\u00e9e par le Procureur de l&#8217;Organisation judiciaire des forces arm\u00e9es.<\/p>\n<p>  <!--more-->  <\/p>\n<p>&#8220;La 9\u00e8me branche du Bureau du Procureur de l&#8217;Organisation Judiciaire des Forces Arm\u00e9es, a mis fin aux poursuites dans cette affaire, arguant qu&#8217;il n&#8217;y a pas suffisamment de preuves&#8221;, a d\u00e9clar\u00e9 Mohammad-Hossein Aghassi, avocat de la d\u00e9fense des deux jeunes femmes, dans un entretien avec l&#8217;agence IRNA.\u00a0\u00a0<\/p>\n<p>L&#8217;avocate des deux jeunes femmes a affirm\u00e9 : &#8220;Nous avons port\u00e9 plainte contre les coups et les insultes d&#8217;une patrouille f\u00e9minine. Nous avons exig\u00e9 que l&#8217;agent de s\u00e9curit\u00e9 du parc Taleghani, qui \u00e9tait t\u00e9moin, comparaisse devant le tribunal et fournisse ses explications, mais l&#8217;enqu\u00eateur n&#8217;a pas convoqu\u00e9 l&#8217;agent de s\u00e9curit\u00e9 et n&#8217;a pu entendre que les trois filles qui accompagnaient mes clientes \u00e0 ce moment-l\u00e0. La cour a soutenu que les t\u00e9moignages n&#8217;\u00e9taient pas coh\u00e9rents.&#8221; (Agence IRNA, 3 novembre 2018)<\/p>\n<p>Un clip vid\u00e9o diffus\u00e9 dans les m\u00e9dias sociaux le 18 avril 2018 montrait au moins quatre patrouilles d&#8217;orientation attaquant quatre jeunes femmes dans un parc, les frappant et les bousculant pour \u00ab\u00a0mauvais port du voile\u00a0\u00bb et parce qu\u2019elles refusaient de monter dans le fourgon de la patrouille. L&#8217;une des jeunes femmes souffrait d&#8217;un probl\u00e8me cardiaque et s&#8217;est \u00e9vanouie \u00e0 la suite des coups. Le clip vid\u00e9o est rapidement devenu viral et a soulev\u00e9 l&#8217;indignation publique en Iran et dans le monde entier.<\/p>\n<p>Sadeq Amoli Larijani, chef du pouvoir judiciaire, a soulign\u00e9 le 24 avril 2018, la n\u00e9cessit\u00e9 pour les forces de s\u00e9curit\u00e9 d&#8217;agir dans le cadre du droit et de la religion. Il a r\u00e9it\u00e9r\u00e9 : &#8220;Il ne faut permettre \u00e0 personne de r\u00e9sister contre les mesures l\u00e9gales de la police ou d&#8217;insulter ses agents. La police ne doit en aucun cas reculer.&#8221; (Agence ISNA, 23 avril 2018)<\/p>\n<p>Le quotidien public Kayhan, qui refl\u00e8te les vues du guide supr\u00eame du r\u00e9gime, Ali Khamenei, a \u00e9galement \u00e9crit qu\u2019il fallait f\u00e9liciter les officiers de la police. Mohammad Jafar Montazeri, a d\u00e9clar\u00e9 en d\u00e9fense de la police, que la vid\u00e9o n&#8217;\u00e9tait pas claire et qu&#8217;il s&#8217;agissait d&#8217;un montage visant \u00e0 d\u00e9former l&#8217;image des forces de l&#8217;ordre.<\/p>\n<p>Suite au traitement scandaleux de cette affaire par le r\u00e9gime en d\u00e9pit d&#8217;une indignation nationale et internationale \u00e9crasante, le procureur du tribunal du r\u00e9gime a estim\u00e9 que les t\u00e9moins n&#8217;\u00e9taient pas suffisants et a rejet\u00e9 l&#8217;appel des victimes.<\/p>\n","protected":false},"excerpt":{"rendered":"<p>CNRI Femmes &#8211; Deux jeunes femmes ont port\u00e9 plainte en Iran contre les forces de s\u00e9curit\u00e9 qui les avaient maltrait\u00e9es et une patrouille f\u00e9minine qui les avait battues. Toutefois, la plainte a \u00e9t\u00e9 rejet\u00e9e par le Procureur de l&#8217;Organisation judiciaire des forces arm\u00e9es.<\/p>\n","protected":false},"author":1,"featured_media":6246,"comment_status":"open","ping_status":"open","sticky":false,"template":"","format":"standard","meta":{"jnews-multi-image_gallery":[],"jnews_single_post":[],"jnews_primary_category":[],"jnews_social_meta":[],"jnews_override_counter":[],"footnotes":""},"categories":[3],"tags":[],"class_list":["post-3458","post","type-post","status-publish","format-standard","has-post-thumbnail","hentry","category-infos-des-femmes"],"_links":{"self":[{"href":"https:\/\/wncri.org\/fr\/wp-json\/wp\/v2\/posts\/3458","targetHints":{"allow":["GET"]}}],"collection":[{"href":"https:\/\/wncri.org\/fr\/wp-json\/wp\/v2\/posts"}],"about":[{"href":"https:\/\/wncri.org\/fr\/wp-json\/wp\/v2\/types\/post"}],"author":[{"embeddable":true,"href":"https:\/\/wncri.org\/fr\/wp-json\/wp\/v2\/users\/1"}],"replies":[{"embeddable":true,"href":"https:\/\/wncri.org\/fr\/wp-json\/wp\/v2\/comments?post=3458"}],"version-history":[{"count":0,"href":"https:\/\/wncri.org\/fr\/wp-json\/wp\/v2\/posts\/3458\/revisions"}],"wp:featuredmedia":[{"embeddable":true,"href":"https:\/\/wncri.org\/fr\/wp-json\/wp\/v2\/media\/6246"}],"wp:attachment":[{"href":"https:\/\/wncri.org\/fr\/wp-json\/wp\/v2\/media?parent=3458"}],"wp:term":[{"taxonomy":"category","embeddable":true,"href":"https:\/\/wncri.org\/fr\/wp-json\/wp\/v2\/categories?post=3458"},{"taxonomy":"post_tag","embeddable":true,"href":"https:\/\/wncri.org\/fr\/wp-json\/wp\/v2\/tags?post=3458"}],"curies":[{"name":"wp","href":"https:\/\/api.w.org\/{rel}","templated":true}]}}