{"id":3422,"date":"2018-10-05T22:30:45","date_gmt":"2018-10-05T22:30:45","guid":{"rendered":"https:\/\/wncri.org\/frdev\/2018\/10\/05\/les-filles-autistes-en-iran-n-ont-pas-d-ecole\/"},"modified":"2018-10-05T22:30:45","modified_gmt":"2018-10-05T22:30:45","slug":"les-filles-autistes-en-iran-n-ont-pas-d-ecole","status":"publish","type":"post","link":"https:\/\/wncri.org\/fr\/2018\/10\/05\/les-filles-autistes-en-iran-n-ont-pas-d-ecole\/","title":{"rendered":"Les filles autistes en Iran n&#8217;ont pas d&#8217;\u00e9cole"},"content":{"rendered":"<p>CNRI Femmes &#8211; Les filles autistes en Iran n&#8217;ont pas d&#8217;\u00e9cole, a d\u00e9clar\u00e9 un responsable de l&#8217;Association iranienne de l&#8217;autisme.<\/p>\n<p>Dans une interview accord\u00e9e \u00e0 l&#8217;agence IRNA le 23 septembre, Seyyed Mohammad-Ali Meari, directeur de l&#8217;\u00e9ducation, de la recherche et de la r\u00e9habilitation de l&#8217;Association de l&#8217;autisme, a d\u00e9clar\u00e9 que bien que l&#8217;organisation d&#8217;\u00e9ducation sp\u00e9ciale de T\u00e9h\u00e9ran ait promis que la premi\u00e8re \u00e9cole pour filles autistes allait commencer son travail cette ann\u00e9e, les filles autistes restaient encore priv\u00e9es d\u2019\u00e9coles en Iran.<\/p>\n<p>  <!--more-->  <\/p>\n<p>La rentr\u00e9e scolaire pour les filles autistes devait commencer en septembre \u00e0 T\u00e9h\u00e9ran, mais l&#8217;ouverture de cette \u00e9cole n&#8217;a pas encore \u00e9t\u00e9 signal\u00e9e \u00e0 l&#8217;Association iranienne de l&#8217;autisme.<\/p>\n<p>En Iran, une nouveau-n\u00e9 sur 150 souffre d\u2019autisme.<\/p>\n<p>Seyyed Mohammad-Ali Meari a d\u00e9clar\u00e9 que les familles des patients autistes sont dans des situations difficiles ; les conditions \u00e9conomiques affectent toutes les familles en g\u00e9n\u00e9ral et les celles avec enfants autistes en particulier. Ces familles sont \u00e9galement confront\u00e9es \u00e0 des probl\u00e8mes sp\u00e9ciaux lorsqu&#8217;il s&#8217;agit de fournir des couches aux enfants autistes.<\/p>\n<p>Selon un rapport de l&#8217;Association iranienne de l&#8217;autisme, les familles \u00e9prouvent des difficult\u00e9s \u00e0 se procurer des m\u00e9dicaments et leur co\u00fbt augmente. Il existe aussi des probl\u00e8mes d&#8217;assurance pour fournir des m\u00e9dicaments contre l&#8217;autisme, selon l&#8217;agence de IRNA du 23 septembre.<\/p>\n<p>L&#8217;achat de m\u00e9dicaments pour des patients sp\u00e9ciaux est un probl\u00e8me g\u00e9n\u00e9ral pour les familles iraniennes.<\/p>\n<p>Il n&#8217;y a pas si longtemps, les familles des patients SMA s\u2019\u00e9taient r\u00e9unies devant le minist\u00e8re de la Sant\u00e9, le 24 septembre, pour exiger du minist\u00e8re qu\u2019il garantisse le suivi du traitement et l&#8217;approvisionnement en m\u00e9dicaments.<\/p>\n<p>Aussi les familles des patients souffrant de maladies m\u00e9taboliques se sont rassembl\u00e9es en signe de protestation devant l&#8217;Organisation alimentaire et pharmaceutique le 11 novembre 2017.<\/p>\n<p>Des m\u00e8res d&#8217;enfants malades ont protest\u00e9 contre l&#8217;organisation qui n&#8217;a pas fourni \u00e0 leurs enfants les m\u00e9dicaments n\u00e9cessaires et ont accus\u00e9 les responsables d&#8217;\u00eatre irresponsables.<\/p>\n<p>\u00ab\u00a0Nous sommes 230 familles dont les enfants souffrent de MPS (mucopolysaccharidose). Nos enfants ont besoin de m\u00e9dicaments enzymatiques en l&#8217;absence desquels ils souffriront de troubles h\u00e9patiques, pulmonaires et cardiaques. Nous demandons le suivi de ces m\u00e9dicaments depuis un an, mais ils ne nous ont pas encore donn\u00e9 de m\u00e9dicaments\u00a0\u00bb, a dit une femme.<\/p>\n<p>Une autre m\u00e8re a d\u00e9nonc\u00e9 : \u00ab\u00a0ils ont import\u00e9 et entass\u00e9 les m\u00e9dicaments dans leurs entrep\u00f4ts, alors que mon enfant n&#8217;a re\u00e7u aucun m\u00e9dicament depuis deux mois. L&#8217;Organisation des Aliments et m\u00e9dicaments n&#8217;a pas approuv\u00e9 la distribution de ce m\u00e9dicament.\u00a0\u00bb<\/p>\n","protected":false},"excerpt":{"rendered":"<p>CNRI Femmes &#8211; Les filles autistes en Iran n&#8217;ont pas d&#8217;\u00e9cole, a d\u00e9clar\u00e9 un responsable de l&#8217;Association iranienne de l&#8217;autisme. Dans une interview accord\u00e9e \u00e0 l&#8217;agence IRNA le 23 septembre, Seyyed Mohammad-Ali Meari, directeur de l&#8217;\u00e9ducation, de la recherche et de la r\u00e9habilitation de l&#8217;Association de l&#8217;autisme, a d\u00e9clar\u00e9 que bien que l&#8217;organisation d&#8217;\u00e9ducation sp\u00e9ciale [&hellip;]<\/p>\n","protected":false},"author":1,"featured_media":6197,"comment_status":"open","ping_status":"open","sticky":false,"template":"","format":"standard","meta":{"jnews-multi-image_gallery":[],"jnews_single_post":[],"jnews_primary_category":[],"jnews_social_meta":[],"jnews_override_counter":[],"footnotes":""},"categories":[3],"tags":[],"class_list":["post-3422","post","type-post","status-publish","format-standard","has-post-thumbnail","hentry","category-infos-des-femmes"],"_links":{"self":[{"href":"https:\/\/wncri.org\/fr\/wp-json\/wp\/v2\/posts\/3422","targetHints":{"allow":["GET"]}}],"collection":[{"href":"https:\/\/wncri.org\/fr\/wp-json\/wp\/v2\/posts"}],"about":[{"href":"https:\/\/wncri.org\/fr\/wp-json\/wp\/v2\/types\/post"}],"author":[{"embeddable":true,"href":"https:\/\/wncri.org\/fr\/wp-json\/wp\/v2\/users\/1"}],"replies":[{"embeddable":true,"href":"https:\/\/wncri.org\/fr\/wp-json\/wp\/v2\/comments?post=3422"}],"version-history":[{"count":0,"href":"https:\/\/wncri.org\/fr\/wp-json\/wp\/v2\/posts\/3422\/revisions"}],"wp:featuredmedia":[{"embeddable":true,"href":"https:\/\/wncri.org\/fr\/wp-json\/wp\/v2\/media\/6197"}],"wp:attachment":[{"href":"https:\/\/wncri.org\/fr\/wp-json\/wp\/v2\/media?parent=3422"}],"wp:term":[{"taxonomy":"category","embeddable":true,"href":"https:\/\/wncri.org\/fr\/wp-json\/wp\/v2\/categories?post=3422"},{"taxonomy":"post_tag","embeddable":true,"href":"https:\/\/wncri.org\/fr\/wp-json\/wp\/v2\/tags?post=3422"}],"curies":[{"name":"wp","href":"https:\/\/api.w.org\/{rel}","templated":true}]}}