{"id":3420,"date":"2018-10-02T20:45:27","date_gmt":"2018-10-02T20:45:27","guid":{"rendered":"https:\/\/wncri.org\/frdev\/2018\/10\/02\/zeinab-sekaanvand-pendue-a-la-prison-centrale-d-oroumieh-en-iran\/"},"modified":"2020-04-22T10:28:08","modified_gmt":"2020-04-22T08:28:08","slug":"zeinab-sekaanvand-pendue-a-la-prison-centrale-d-oroumieh-en-iran","status":"publish","type":"post","link":"https:\/\/wncri.org\/fr\/2018\/10\/02\/zeinab-sekaanvand-pendue-a-la-prison-centrale-d-oroumieh-en-iran\/","title":{"rendered":"Zeinab Sekaanvand pendue \u00e0 la prison centrale d\u2019Oroumieh en Iran"},"content":{"rendered":"<p>CNRI Femmes &#8211; Zeinab Sekaanvand a \u00e9t\u00e9 pendue \u00e0 l\u2019aube du 2 octobre \u00e0 la prison centrale d\u2019Oroumieh dans le nord-ouest de l\u2019Iran, comme l\u2019a tweet\u00e9 son fr\u00e8re. Il a dit que son corps avait \u00e9t\u00e9 restitu\u00e9 \u00e0 sa famille.<\/p>\n<p>  <!--more-->  <\/p>\n<p>Zeinab Sekaanvand est la 84e femme ex\u00e9cut\u00e9e sous la pr\u00e9sidence du mollah Rohani. Elle n&#8217;avait que 24 ans en montant sur l\u2019\u00e9chaffaud.<\/p>\n<p>Zeinab Sekaanvand \u00e9tait originaire d&#8217;un petit village proche de Makou, dans la province d&#8217;Azerba\u00efdjan occidental en Iran. Elle a \u00e9t\u00e9 forc\u00e9e de se marier \u00e0 l&#8217;\u00e2ge de 15 ans. Elle a v\u00e9cu deux ann\u00e9es douloureuses, \u00e9tant frapp\u00e9e tous les jours par son mari. Elle a \u00e9t\u00e9 arr\u00eat\u00e9e pour l&#8217;avoir tu\u00e9 \u00e0 l\u2019\u00e2ge de 17 ans.<\/p>\n<p>Cette jeune femme kurde \u00e9tait mineure au moment des faits. Les lois internationales interdisent l&#8217;ex\u00e9cution des mineurs. Zeinab Sekaanvand a \u00e9t\u00e9 victime de la pauvret\u00e9 et des lois misogynes du r\u00e9gime cl\u00e9rical qui autorisent le mariage pr\u00e9coce et forc\u00e9 des filles.<\/p>\n<p>La commission des Femmes du Conseil national de la R\u00e9sistance iranienne condamne fermement l&#8217;ex\u00e9cution de Zeinab Sekaanvand. A la veille de la Journ\u00e9e mondiale contre la peine de mort, La commission des Femmes du CNRI exhorte les autorit\u00e9s internationales et les organisations de d\u00e9fense des droits humains et des femmes \u00e0 intervenir pour mettre un terme aux ex\u00e9cutions en Iran.<\/p>\n<p>Dans la soir\u00e9e du 1er octobre 2018, Amnesty International a publi\u00e9 une d\u00e9claration dans laquelle elle mettait en garde contre l&#8217;ex\u00e9cution de Zeinab Sekaanvand, prisonni\u00e8re iranienne kurde, \u00e0 la prison centrale d\u2019Oroumieh, dans les heures qui allaient suivre. Le r\u00e9gime cl\u00e9rical a envoy\u00e9 la jeune femme \u00e0 la potence au m\u00e9pris des appels internationaux.<\/p>\n<p>Zeinab Sekaanvand avait entam\u00e9 une gr\u00e8ve de la faim le 11 octobre 2016 avec quatre autres femmes pour protester contre les gardiens qui ont fait un raid dans leur cellule et confisqu\u00e9 leurs quelques biens, dont leurs couvertures, dans le froid glacial de l&#8217;hiver.<\/p>\n<p>Avant elle, une autre femme avait \u00e9t\u00e9 pendue \u00e0 la prison centrale d\u2019Oroumieh le 4 juillet 2018.<\/p>\n","protected":false},"excerpt":{"rendered":"<p>CNRI Femmes &#8211; Zeinab Sekaanvand a \u00e9t\u00e9 pendue \u00e0 l\u2019aube du 2 octobre \u00e0 la prison centrale d\u2019Oroumieh dans le nord-ouest de l\u2019Iran, comme l\u2019a tweet\u00e9 son fr\u00e8re. Il a dit que son corps avait \u00e9t\u00e9 restitu\u00e9 \u00e0 sa famille.<\/p>\n","protected":false},"author":1,"featured_media":6195,"comment_status":"open","ping_status":"open","sticky":false,"template":"","format":"standard","meta":{"jnews-multi-image_gallery":[],"jnews_single_post":[],"jnews_primary_category":[],"jnews_social_meta":[],"jnews_override_counter":[],"footnotes":""},"categories":[3],"tags":[],"class_list":["post-3420","post","type-post","status-publish","format-standard","has-post-thumbnail","hentry","category-infos-des-femmes"],"_links":{"self":[{"href":"https:\/\/wncri.org\/fr\/wp-json\/wp\/v2\/posts\/3420","targetHints":{"allow":["GET"]}}],"collection":[{"href":"https:\/\/wncri.org\/fr\/wp-json\/wp\/v2\/posts"}],"about":[{"href":"https:\/\/wncri.org\/fr\/wp-json\/wp\/v2\/types\/post"}],"author":[{"embeddable":true,"href":"https:\/\/wncri.org\/fr\/wp-json\/wp\/v2\/users\/1"}],"replies":[{"embeddable":true,"href":"https:\/\/wncri.org\/fr\/wp-json\/wp\/v2\/comments?post=3420"}],"version-history":[{"count":0,"href":"https:\/\/wncri.org\/fr\/wp-json\/wp\/v2\/posts\/3420\/revisions"}],"wp:featuredmedia":[{"embeddable":true,"href":"https:\/\/wncri.org\/fr\/wp-json\/wp\/v2\/media\/6195"}],"wp:attachment":[{"href":"https:\/\/wncri.org\/fr\/wp-json\/wp\/v2\/media?parent=3420"}],"wp:term":[{"taxonomy":"category","embeddable":true,"href":"https:\/\/wncri.org\/fr\/wp-json\/wp\/v2\/categories?post=3420"},{"taxonomy":"post_tag","embeddable":true,"href":"https:\/\/wncri.org\/fr\/wp-json\/wp\/v2\/tags?post=3420"}],"curies":[{"name":"wp","href":"https:\/\/api.w.org\/{rel}","templated":true}]}}