{"id":3419,"date":"2018-10-02T13:22:26","date_gmt":"2018-10-02T13:22:26","guid":{"rendered":"https:\/\/wncri.org\/frdev\/2018\/10\/02\/sotoudeh-fazeli-detenue-illegalement-en-prison-en-iran-malgre-son-age-avance\/"},"modified":"2020-04-22T10:28:04","modified_gmt":"2020-04-22T08:28:04","slug":"sotoudeh-fazeli-detenue-illegalement-en-prison-en-iran-malgre-son-age-avance","status":"publish","type":"post","link":"https:\/\/wncri.org\/fr\/2018\/10\/02\/sotoudeh-fazeli-detenue-illegalement-en-prison-en-iran-malgre-son-age-avance\/","title":{"rendered":"Sotoudeh Fazeli d\u00e9tenue ill\u00e9galement en prison en Iran malgr\u00e9 son \u00e2ge avanc\u00e9"},"content":{"rendered":"<p>CNRI Femmes &#8211; La prisonni\u00e8re politique Sotoudeh Fazeli est d\u00e9tenue \u00e0 la prison d&#8217;Evine de T\u00e9h\u00e9ran malgr\u00e9 son \u00e2ge avanc\u00e9, et les autorit\u00e9s carc\u00e9rales en Iran ont rejet\u00e9 sa lib\u00e9ration conditionnelle.<\/p>\n<p>  <!--more-->  <\/p>\n<p>Sotoudeh Fazeli, 66 ans, souffre de cancer et de thalass\u00e9mie. Elle aurait d\u00fb \u00eatre remise en libert\u00e9 comme le pr\u00e9voit la loi parce qu&#8217;elle a plus de 55 ans.<\/p>\n<p>N\u00e9e en 1953, Mme Sotoudeh Fazeli est m\u00e8re de deux enfants et a \u00e9t\u00e9 enseignante et directrice d&#8217;\u00e9cole pendant trente ans.<\/p>\n<p>Retrait\u00e9e, elle a \u00e9t\u00e9 arr\u00eat\u00e9e par les services de Renseignement au printemps 2010 alors qu&#8217;elle quittait le pays pour rendre visite \u00e0 ses deux fils au camp d\u2019Achraf, cit\u00e9 de la R\u00e9sistance iranienne, en Irak. Elle a \u00e9t\u00e9 d\u00e9tenue pendant 31 jours dans le quartier 209 d&#8217;Evine, puis lib\u00e9r\u00e9e sous caution. Elle n&#8217;a jamais pu rendre visite \u00e0 ses enfants qu&#8217;elle n&#8217;a pas vus depuis 18 ans.<\/p>\n<p>Sotoudeh Fazeli a \u00e9t\u00e9 jug\u00e9e par le sinistre juge Salavati mais n\u2019a jamais su quel \u00e9tait le verdict. Elle a \u00e9t\u00e9 arr\u00eat\u00e9e de nouveau le 29 juin 2016 et incarc\u00e9r\u00e9e \u00e0 Evine o\u00f9 elle a appris qu&#8217;elle avait \u00e9t\u00e9 condamn\u00e9e \u00e0 trois ans de prison sans voir le verdict. Puis elle a re\u00e7u une permission de sortie en juin 2017. Apr\u00e8s le rejet de sa demande de lib\u00e9ration conditionnelle, elle a \u00e9t\u00e9 renvoy\u00e9e \u00e0 la prison d&#8217;Evine le 21 mai 2018.<\/p>\n<p>Sotoudeh Fazeli n&#8217;a m\u00eame pas \u00e9t\u00e9 autoris\u00e9e \u00e0 rendre visite \u00e0 sa m\u00e8re mourante, Massoumeh Haj-Abdorahim-Khabbaz, dans les derniers jours de sa vie \u00e0 l&#8217;h\u00f4pital. Bien qu&#8217;elle ait accept\u00e9 d&#8217;\u00eatre emmen\u00e9e aupr\u00e8s de sa m\u00e8re menott\u00e9e et en compagnie d&#8217;agents p\u00e9nitentiaires, le Bureau du Procureur a rejet\u00e9 ses demandes r\u00e9p\u00e9t\u00e9es.<\/p>\n<p>Le fr\u00e8re de Sotoudeh Fazeli, Seyed Shamseddine Fazeli, avait \u00e9t\u00e9 arr\u00eat\u00e9 en 1981 \u00e0 l\u2019\u00e2ge de 20 ans. Il avait \u00e9t\u00e9 d\u00e9tenu trois ans sous un statut ind\u00e9termin\u00e9. Il a finalement \u00e9t\u00e9 ex\u00e9cut\u00e9 en 1985, sans que sa famille en soit inform\u00e9e.<\/p>\n<p>Par ailleurs, il a \u00e9t\u00e9 rapport\u00e9 que la militante des droits des femmes Rezvaneh Mohammadi, arr\u00eat\u00e9e le 3 septembre 2018, a \u00e9t\u00e9 transf\u00e9r\u00e9e au quartier des femmes de la prison d&#8217;Evine.<\/p>\n","protected":false},"excerpt":{"rendered":"<p>CNRI Femmes &#8211; La prisonni\u00e8re politique Sotoudeh Fazeli est d\u00e9tenue \u00e0 la prison d&#8217;Evine de T\u00e9h\u00e9ran malgr\u00e9 son \u00e2ge avanc\u00e9, et les autorit\u00e9s carc\u00e9rales en Iran ont rejet\u00e9 sa lib\u00e9ration conditionnelle.<\/p>\n","protected":false},"author":1,"featured_media":6194,"comment_status":"open","ping_status":"open","sticky":false,"template":"","format":"standard","meta":{"jnews-multi-image_gallery":[],"jnews_single_post":[],"jnews_primary_category":[],"jnews_social_meta":[],"jnews_override_counter":[],"footnotes":""},"categories":[3],"tags":[],"class_list":["post-3419","post","type-post","status-publish","format-standard","has-post-thumbnail","hentry","category-infos-des-femmes"],"_links":{"self":[{"href":"https:\/\/wncri.org\/fr\/wp-json\/wp\/v2\/posts\/3419","targetHints":{"allow":["GET"]}}],"collection":[{"href":"https:\/\/wncri.org\/fr\/wp-json\/wp\/v2\/posts"}],"about":[{"href":"https:\/\/wncri.org\/fr\/wp-json\/wp\/v2\/types\/post"}],"author":[{"embeddable":true,"href":"https:\/\/wncri.org\/fr\/wp-json\/wp\/v2\/users\/1"}],"replies":[{"embeddable":true,"href":"https:\/\/wncri.org\/fr\/wp-json\/wp\/v2\/comments?post=3419"}],"version-history":[{"count":0,"href":"https:\/\/wncri.org\/fr\/wp-json\/wp\/v2\/posts\/3419\/revisions"}],"wp:featuredmedia":[{"embeddable":true,"href":"https:\/\/wncri.org\/fr\/wp-json\/wp\/v2\/media\/6194"}],"wp:attachment":[{"href":"https:\/\/wncri.org\/fr\/wp-json\/wp\/v2\/media?parent=3419"}],"wp:term":[{"taxonomy":"category","embeddable":true,"href":"https:\/\/wncri.org\/fr\/wp-json\/wp\/v2\/categories?post=3419"},{"taxonomy":"post_tag","embeddable":true,"href":"https:\/\/wncri.org\/fr\/wp-json\/wp\/v2\/tags?post=3419"}],"curies":[{"name":"wp","href":"https:\/\/api.w.org\/{rel}","templated":true}]}}