{"id":3418,"date":"2018-10-02T13:16:12","date_gmt":"2018-10-02T13:16:12","guid":{"rendered":"https:\/\/wncri.org\/frdev\/2018\/10\/02\/zeinab-sekaanvand-doit-etre-executee-le-2-octobre-avertit-amnesty\/"},"modified":"2020-04-22T10:28:00","modified_gmt":"2020-04-22T08:28:00","slug":"zeinab-sekaanvand-doit-etre-executee-le-2-octobre-avertit-amnesty","status":"publish","type":"post","link":"https:\/\/wncri.org\/fr\/2018\/10\/02\/zeinab-sekaanvand-doit-etre-executee-le-2-octobre-avertit-amnesty\/","title":{"rendered":"Zeinab Sekaanvand doit \u00eatre ex\u00e9cut\u00e9e le 2 octobre, avertit Amnesty"},"content":{"rendered":"<p>CNRI Femmes &#8211; Amnesty International a publi\u00e9 un communiqu\u00e9 le 1er octobre 2018 pr\u00e9venant qu&#8217;il ne reste que quelques heures avant l&#8217;ex\u00e9cution de la prisonni\u00e8re Zeinab Sekaanvand, \u00e0 la sinistre prison centrale d\u2019Oroumieh en Iran.<\/p>\n<p>  <!--more-->  <\/p>\n<p>Zeinab Sekaanvand, 24 ans, a \u00e9t\u00e9 arr\u00eat\u00e9e \u00e0 l&#8217;\u00e2ge de 17 ans pour le meurtre pr\u00e9sum\u00e9 de son mari, qu\u2019elle a \u00e9t\u00e9 forc\u00e9e d\u2019\u00e9pouser \u00e0 l\u2019\u00e2ge de 15 ans en raison de la pauvret\u00e9 de sa famille. Elle a v\u00e9cu deux ann\u00e9es douloureuses avec cet homme qui la frappait continuellement.<\/p>\n<p>En r\u00e9ponse \u00e0 la nouvelle de l&#8217;ex\u00e9cution imminente de la Kurde iranienne Zeinab Sekaanvand, pr\u00e9vue pour le 2 octobre, Philip Luther, directeur de la recherche d&#8217;Amnesty International pour le Moyen-Orient et l&#8217;Afrique du Nord, a d\u00e9clar\u00e9 : \u00ab\u00a0Les autorit\u00e9s iraniennes doivent mettre un terme d&#8217;urgence \u00e0 leurs plans visant \u00e0 ex\u00e9cuter Zeinab Sekaanvand. Elle a \u00e9t\u00e9 arr\u00eat\u00e9e alors qu&#8217;elle n&#8217;avait que 17 ans et condamn\u00e9e \u00e0 mort pour le meurtre de son mari, qu&#8217;elle a \u00e9pous\u00e9 \u00e0 15 ans. Non seulement c&#8217;\u00e9tait une enfant au moment du crime, mais elle a fait l&#8217;objet d&#8217;une proc\u00e9dure judiciaire tr\u00e8s injuste.&#8221;<\/p>\n<p>Zeinab Sekaanvand, Kurde iranienne dans le couloir de la mort \u00e0 la prison d\u2019Oroumieh, a \u00e9t\u00e9 sortie de sa cellule le 1er octobre et plac\u00e9e \u00e0 l&#8217;isolement en vue de son ex\u00e9cution.<\/p>\n<p>La famille de Zeinab Sekaanvand a \u00e9t\u00e9 contact\u00e9e par les autorit\u00e9s p\u00e9nitentiaires le 30 septembre et a re\u00e7u l&#8217;ordre d&#8217;effectuer une derni\u00e8re visite. Ses proches ont \u00e9t\u00e9 inform\u00e9s qu&#8217;elle devait \u00eatre ex\u00e9cut\u00e9e le 2 octobre 2018.<\/p>\n<p>La commission des Femmes du Conseil national de la R\u00e9sistance iranienne demande instamment \u00e0 toutes les organisations de d\u00e9fense des droits humains d&#8217;intervenir pour emp\u00eacher l&#8217;ex\u00e9cution de Zeinab Sekaanvand, arr\u00eat\u00e9e alors qu&#8217;elle \u00e9tait mineure et victime de la pauvret\u00e9 et de mariages pr\u00e9coces forc\u00e9s sous les lois misogynes du r\u00e9gime religieux en Iran.<\/p>\n<p>Si elle est pendue, Zeinab Sekaanvand sera la 84\u00e8me femme \u00e0 \u00eatre ex\u00e9cut\u00e9e sous Rohani.<\/p>\n","protected":false},"excerpt":{"rendered":"<p>CNRI Femmes &#8211; Amnesty International a publi\u00e9 un communiqu\u00e9 le 1er octobre 2018 pr\u00e9venant qu&#8217;il ne reste que quelques heures avant l&#8217;ex\u00e9cution de la prisonni\u00e8re Zeinab Sekaanvand, \u00e0 la sinistre prison centrale d\u2019Oroumieh en Iran.<\/p>\n","protected":false},"author":1,"featured_media":6193,"comment_status":"open","ping_status":"open","sticky":false,"template":"","format":"standard","meta":{"jnews-multi-image_gallery":[],"jnews_single_post":[],"jnews_primary_category":[],"jnews_social_meta":[],"jnews_override_counter":[],"footnotes":""},"categories":[3],"tags":[],"class_list":["post-3418","post","type-post","status-publish","format-standard","has-post-thumbnail","hentry","category-infos-des-femmes"],"_links":{"self":[{"href":"https:\/\/wncri.org\/fr\/wp-json\/wp\/v2\/posts\/3418","targetHints":{"allow":["GET"]}}],"collection":[{"href":"https:\/\/wncri.org\/fr\/wp-json\/wp\/v2\/posts"}],"about":[{"href":"https:\/\/wncri.org\/fr\/wp-json\/wp\/v2\/types\/post"}],"author":[{"embeddable":true,"href":"https:\/\/wncri.org\/fr\/wp-json\/wp\/v2\/users\/1"}],"replies":[{"embeddable":true,"href":"https:\/\/wncri.org\/fr\/wp-json\/wp\/v2\/comments?post=3418"}],"version-history":[{"count":0,"href":"https:\/\/wncri.org\/fr\/wp-json\/wp\/v2\/posts\/3418\/revisions"}],"wp:featuredmedia":[{"embeddable":true,"href":"https:\/\/wncri.org\/fr\/wp-json\/wp\/v2\/media\/6193"}],"wp:attachment":[{"href":"https:\/\/wncri.org\/fr\/wp-json\/wp\/v2\/media?parent=3418"}],"wp:term":[{"taxonomy":"category","embeddable":true,"href":"https:\/\/wncri.org\/fr\/wp-json\/wp\/v2\/categories?post=3418"},{"taxonomy":"post_tag","embeddable":true,"href":"https:\/\/wncri.org\/fr\/wp-json\/wp\/v2\/tags?post=3418"}],"curies":[{"name":"wp","href":"https:\/\/api.w.org\/{rel}","templated":true}]}}